{"id":149927,"date":"2024-04-23T11:03:26","date_gmt":"2024-04-23T09:03:26","guid":{"rendered":"https:\/\/lavozdehellin.com\/noticias\/?p=149927"},"modified":"2024-04-23T19:29:47","modified_gmt":"2024-04-23T17:29:47","slug":"v08-526-cabanero-en-la-fiesta-del-libro-pone-en-valor-el-papel-de-bibliotecas-librerias-y-autores","status":"publish","type":"post","link":"https:\/\/lavozdehellin.com\/noticias\/v08-526-cabanero-en-la-fiesta-del-libro-pone-en-valor-el-papel-de-bibliotecas-librerias-y-autores\/","title":{"rendered":"LVH NOTICIAS | CABA\u00d1ERO, EN LA \u2018FIESTA DEL LIBRO\u2019, PONE EN VALOR EL PAPEL DE BIBLIOTECAS, LIBRER\u00cdAS Y AUTORES"},"content":{"rendered":"<p style=\"text-align: justify;\">El presidente de la Diputaci\u00f3n de Albacete, Santi Caba\u00f1ero, acompa\u00f1ado del diputado de Cultura, Miguel Zamora, ha participado en la \u2018Fiesta del Libro\u2019 de Albacete en el marco del D\u00eda Internacional del Libro, en cuya organizaci\u00f3n est\u00e1 implicado el Servicio Provincial de Educaci\u00f3n y Cultura a trav\u00e9s de la Comisi\u00f3n T\u00e9cnica.<\/p>\n<p><!--more--><br \/>\n<!--publicidad-voz01--><a href=\"https:\/\/www.facebook.com\/SoloRadioHellin\/?locale=es_ES\"><img decoding=\"async\" class=\"alignnone size-medium\" src=\"https:\/\/blogger.googleusercontent.com\/img\/b\/R29vZ2xl\/AVvXsEiNncirNnyGedv00mhjZjh5Wl4_YPdJGanoAl8tL8zH-HwqE8uHqjEfSt340RHdx-9tuCSIkZ8rFamZiGyYlgDGxCsmXjCH_1xk5eYM3ntFZRvJP_jndOKR7w1UAo9Tu0vrZyOLfqRpHIxYI5SymJJ-pfGCQw6QVpggBH-UgfjiFQ2JOxqxG0Jx94kW83c\/s1600\/logo-principal.jpg\" width=\"100%\" height=\"100\" \/><\/a><!--bestpublic-voz01--><!--desk-in-out-voz01--><br \/>\n<!--publicidad-voz02--><a href=\"https:\/\/www.hellincf.com\/\"><img decoding=\"async\" class=\"alignnone size-medium\" src=\"https:\/\/blogger.googleusercontent.com\/img\/b\/R29vZ2xl\/AVvXsEhuZ4-XfBVj3UtdP8-RZugy3WVrg-Zv28c53m4oV47qYCxL1rX_dqWX_YddsGSnpH5SRDqZ7bZeKPIfDVCDncpjVlhy3aQs2vojcJBn7Gdv9hC2_Nzct_pRFrnFE1a7KTCdY1bT_kAgnY3-iadRZrGeJf1fR2P5fu11bokx0pWjaypoy-ctwCjklldpEbA\/s1600\/logo-principal7.jpg\" width=\"100%\" height=\"100\" \/><\/a><!--bestpublic-voz02--><!--desk-in-out-voz02--><\/p>\n<p style=\"text-align: justify;\">Caba\u00f1ero, junto al delegado provincial del \u00e1rea, Diego P\u00e9rez, y al concejal de Educaci\u00f3n en el Ayuntamiento de la capital, Pascual Molina, ha comenzado la ma\u00f1ana haciendo entrega de los premios del \u2018XXII Certamen de Libros Gigantes y Proyectos Lectores\u2019, impulsado por las Bibliotecas Escolares en Red y la Biblioteca P\u00fablica del Estado en la ciudad. Una cita en la que tambi\u00e9n han estado presentes Juan Manuel de la Cruz, director de esta \u00faltima durante m\u00e1s de 20 a\u00f1os, y Mar\u00eda \u00c1ngeles D\u00edaz, en representaci\u00f3n de la Asociaci\u00f3n de Librer\u00edas de Albacete.<\/p>\n<p style=\"text-align: justify;\">Una original iniciativa que, en esta edici\u00f3n, ha contado con la participaci\u00f3n de unos 350 escolares de Primaria procedentes 16 centros educativos de la geograf\u00eda albacetense, a quienes el presidente de la Diputaci\u00f3n ha felicitado por su implicaci\u00f3n y por la calidad de los trabajos que han presentado a este concurso.<\/p>\n<p style=\"text-align: justify;\">Acto seguido, el m\u00e1ximo responsable provincial ha recorrido las diferentes casetas que, como novedad, se han instalado este a\u00f1o en la Plaza del Altozano, y ha comprobado la buena acogida que ha tenido esta idea que \u2018viste\u2019 el coraz\u00f3n de la ciudad desde el pasado s\u00e1bado, 20 de abril, as\u00ed como el \u00e9xito de los talleres que se desarrollan a lo largo de la ma\u00f1ana dirigidos a alumnos y alumnas de Primaria.<\/p>\n<p style=\"text-align: justify;\">Caba\u00f1ero, que ha conversado con los y las protagonistas de esta \u2018Fiesta del Libro\u2019 convertida en una verdadera \u2018Feria\u2019, ha puesto en valor el papel de los libros, de sus autores y autoras y tambi\u00e9n de las librer\u00edas y de las bibliotecas, al tiempo que ha tenido la oportunidad de agradecerles su trabajo e implicaci\u00f3n en el desarrollo de esta efem\u00e9ride, destacando la colaboraci\u00f3n de la Asociaci\u00f3n de Librer\u00edas y del resto de colectivos y entidades implicados, como Globalcaja que este a\u00f1o ha entrado a formar parte de la Comisi\u00f3n T\u00e9cnica.<\/p>\n<p style=\"text-align: justify;\">Asimismo, el presidente provincial ha remarcado el trabajo que se viene realizando desde este organismo (en el que est\u00e1n presentes la Diputaci\u00f3n, la JCCM y el Ayuntamiento de Albacete) para que la conmemoraci\u00f3n del D\u00eda Internacional del Libro sea una fiesta transversal, inmersiva y abierta a la ciudad y a la provincia, visibilizando la importancia de la lectura como \u2018aventura\u2019 que favorece el desarrollo personal y fomenta el pensamiento cr\u00edtico.<\/p>\n<p style=\"text-align: justify;\">Adem\u00e1s, el Servicio Provincial de Educaci\u00f3n y Cultura de la Diputaci\u00f3n cuentan con un programa espec\u00edfico de promoci\u00f3n de la lectura que incluye diversas actividades a lo largo del a\u00f1o con propuestas para todas las edades, como Encuentros con\u2026, Encuentros Provinciales de los Clubes de Lectura o convocatorias de ayudas espec\u00edficas para dinamizar estos clubes, a las que se unen colaboraciones con otras administraciones (Lectibe, jornadas, Bibliob\u00fas\u2026). Y este a\u00f1o, tambi\u00e9n, ha desarrollado el 3\u00ba Marat\u00f3n de Narraci\u00f3n Oral, que se extender\u00e1 hasta finales de mes, con una \u00faltima actuaci\u00f3n prevista para el pr\u00f3ximo s\u00e1bado 27 de abril, en el Sal\u00f3n de Actos de la Diputaci\u00f3n, con Alicia Bulul\u00fa.<\/p>\n<p><!--publicidad-voz03--><a href=\"https:\/\/www.facebook.com\/profile.php?id=100063593791305&amp;locale=es_ES\"><img decoding=\"async\" class=\"alignnone size-medium\" src=\"https:\/\/blogger.googleusercontent.com\/img\/b\/R29vZ2xl\/AVvXsEi8_n_ll8UOcGxCqzFvb_9Io4ICczlGC990BPtPj2w9Px-u7B3oqWUW5vtjZUqPNJ-nyjiUIorE0ATsib_l5tV8BVN-UJ03RTnU__IHJF_4DgDBtY4LIqXNG-FomrO-7ywes20CBCRM2Hcm7EJSh3UUw1dO-c_uTflUrtgY1i7uBRezj_DpympmEFkfbQY\/s1600\/logo-principal2.jpg\" width=\"100%\" height=\"100\" \/><\/a><!--bestpublic-voz03--><!--desk-in-out-voz03--><br \/>\n<!--publicidad-voz04--><a href=\"https:\/\/www.facebook.com\/profile.php?id=61557370768692&amp;locale=es_ES\"><img decoding=\"async\" class=\"alignnone size-medium\" src=\"https:\/\/blogger.googleusercontent.com\/img\/b\/R29vZ2xl\/AVvXsEgy5RdcfffrnrItnYTcV9bCJjgJwldsQLWssfVfrLbyfXeBNTFKgBf0rMIvhrUaGUhiXzVr9_eQgCbi-j63ZDpfTvLIty9w7s140y-m1yHe7eKmEK7v2NAHUJDVYGdfeiQFeRCqUjdwWmN1MX_AUxxz4IVdJ4WIM0APxit8bjWkXzrnEFGqBvW_1F13H1g\/s1600\/logo-principal5.jpg\" width=\"100%\" height=\"100\" \/><\/a><!--bestpublic-voz04--><!--desk-in-out-voz04--><br \/>\n<!--publicidad-voz05--><a href=\"https:\/\/www.facebook.com\/asociaciontamborileroshellin?locale=es_ES\"><img decoding=\"async\" class=\"alignnone size-medium\" src=\"https:\/\/blogger.googleusercontent.com\/img\/b\/R29vZ2xl\/AVvXsEhHEEpZsKK1VpwiYMrS7aE2ujtqIDZoLd4B5wtbiseSU9s2HdTdQfhF84So2XwEB1fv0BLw95GADm6hUl1bkKtzh-eIgVigXONuu_5RxeIMPhjk8q6uNX4EaEHbooKkbu7pCADWPpVJjhKIH5NQSJpWqedC-YBez4QAQeJYokkLot9bhrIaUAeztsGis6M\/s1600\/logo-principal3.jpg\" width=\"100%\" height=\"100\" \/><\/a><!--bestpublic-voz05--><!--desk-in-out-voz05--><br \/>\n<!--publicidad-voz06--><!--bestpublic-voz06--><!--desk-in-out-voz06--><br \/>\n<!--publicidad-voz07--><!--bestpublic-voz07--><!--desk-in-out-voz07--><br \/>\n<!--publicidad-voz08--><!--bestpublic-voz08--><!--desk-in-out-voz08--><br \/>\n<!--publicidad-voz09--><!--bestpublic-voz09--><!--desk-in-out-voz09--><br \/>\n<!--publicidad-voz10--><!--bestpublic-voz10--><!--desk-in-out-voz10--><br \/>\n<!--publicidad-voz11--><!--bestpublic-voz11--><!--desk-in-out-voz11--><br \/>\n<!--publicidad-voz12--><!--bestpublic-voz12--><!--desk-in-out-voz12--><br \/>\n<!--publicidad-voz13--><!--bestpublic-voz13--><!--desk-in-out-voz13--><br \/>\n<!--publicidad-voz14--><!--bestpublic-voz14--><!--desk-in-out-voz14--><br \/>\n<!--publicidad-voz15--><!--bestpublic-voz15--><!--desk-in-out-voz15--><br \/>\n<!--publicidad-voz16--><!--bestpublic-voz16--><!--desk-in-out-voz16--><\/p>\n","protected":false},"excerpt":{"rendered":"<p>El presidente de la Diputaci\u00f3n de Albacete, Santi Caba\u00f1ero, acompa\u00f1ado del diputado de Cultura, Miguel Zamora, ha participado en la \u2018Fiesta del Libro\u2019 de Albacete en el marco del D\u00eda&#8230;<\/p>\n","protected":false},"author":2,"featured_media":149928,"comment_status":"closed","ping_status":"closed","sticky":false,"template":"","format":"standard","meta":{"footnotes":""},"categories":[754,718,715,716,717],"tags":[],"class_list":["post-149927","post","type-post","status-publish","format-standard","has-post-thumbnail","hentry","category-blog-lv035","category-blogger","category-la-voz-de-hellin","category-la-voz-de-hellin-la-voz-de-hellin","category-noticias"],"_links":{"self":[{"href":"https:\/\/lavozdehellin.com\/noticias\/wp-json\/wp\/v2\/posts\/149927","targetHints":{"allow":["GET"]}}],"collection":[{"href":"https:\/\/lavozdehellin.com\/noticias\/wp-json\/wp\/v2\/posts"}],"about":[{"href":"https:\/\/lavozdehellin.com\/noticias\/wp-json\/wp\/v2\/types\/post"}],"author":[{"embeddable":true,"href":"https:\/\/lavozdehellin.com\/noticias\/wp-json\/wp\/v2\/users\/2"}],"replies":[{"embeddable":true,"href":"https:\/\/lavozdehellin.com\/noticias\/wp-json\/wp\/v2\/comments?post=149927"}],"version-history":[{"count":0,"href":"https:\/\/lavozdehellin.com\/noticias\/wp-json\/wp\/v2\/posts\/149927\/revisions"}],"wp:featuredmedia":[{"embeddable":true,"href":"https:\/\/lavozdehellin.com\/noticias\/wp-json\/wp\/v2\/media\/149928"}],"wp:attachment":[{"href":"https:\/\/lavozdehellin.com\/noticias\/wp-json\/wp\/v2\/media?parent=149927"}],"wp:term":[{"taxonomy":"category","embeddable":true,"href":"https:\/\/lavozdehellin.com\/noticias\/wp-json\/wp\/v2\/categories?post=149927"},{"taxonomy":"post_tag","embeddable":true,"href":"https:\/\/lavozdehellin.com\/noticias\/wp-json\/wp\/v2\/tags?post=149927"}],"curies":[{"name":"wp","href":"https:\/\/api.w.org\/{rel}","templated":true}]}}