{"id":149956,"date":"2024-04-24T11:45:48","date_gmt":"2024-04-24T09:45:48","guid":{"rendered":"https:\/\/lavozdehellin.com\/noticias\/?p=149956"},"modified":"2024-04-24T17:46:16","modified_gmt":"2024-04-24T15:46:16","slug":"v08-530-sale-a-licitacion-el-contrato-para-renovar-las-barreras-de-proteccion-de-la-pista-del-circuito-de-velocidad-que-encara-asi-la-recta-final-de-su-puesta-a-punto","status":"publish","type":"post","link":"https:\/\/lavozdehellin.com\/noticias\/v08-530-sale-a-licitacion-el-contrato-para-renovar-las-barreras-de-proteccion-de-la-pista-del-circuito-de-velocidad-que-encara-asi-la-recta-final-de-su-puesta-a-punto\/","title":{"rendered":"LVH NOTICIAS | SALE A LICITACI\u00d3N EL CONTRATO PARA RENOVAR LAS BARRERAS DE PROTECCI\u00d3N DE LA PISTA DEL CIRCUITO DE VELOCIDAD, QUE ENCARA AS\u00cd LA RECTA FINAL DE SU \u2018PUESTA A PUNTO\u2019"},"content":{"rendered":"<p style=\"text-align: justify;\">Con un presupuesto m\u00e1ximo estimado en 622.574,14 euros (impuestos incluidos), el Consorcio del Circuito de Velocidad de Albacete ha sacado a licitaci\u00f3n el contrato para el cambio de las barreras de protecci\u00f3n que sustituir\u00e1n a las existentes, que datan del a\u00f1o 1993.<\/p>\n<p><!--more--><br \/>\n<!--publicidad-voz01--><a href=\"https:\/\/www.facebook.com\/SoloRadioHellin\/?locale=es_ES\"><img decoding=\"async\" class=\"alignnone size-medium\" src=\"https:\/\/blogger.googleusercontent.com\/img\/b\/R29vZ2xl\/AVvXsEiNncirNnyGedv00mhjZjh5Wl4_YPdJGanoAl8tL8zH-HwqE8uHqjEfSt340RHdx-9tuCSIkZ8rFamZiGyYlgDGxCsmXjCH_1xk5eYM3ntFZRvJP_jndOKR7w1UAo9Tu0vrZyOLfqRpHIxYI5SymJJ-pfGCQw6QVpggBH-UgfjiFQ2JOxqxG0Jx94kW83c\/s1600\/logo-principal.jpg\" width=\"100%\" height=\"100\" \/><\/a><!--bestpublic-voz01--><!--desk-in-out-voz01--><br \/>\n<!--publicidad-voz02--><a href=\"https:\/\/www.hellincf.com\/\"><img decoding=\"async\" class=\"alignnone size-medium\" src=\"https:\/\/blogger.googleusercontent.com\/img\/b\/R29vZ2xl\/AVvXsEhuZ4-XfBVj3UtdP8-RZugy3WVrg-Zv28c53m4oV47qYCxL1rX_dqWX_YddsGSnpH5SRDqZ7bZeKPIfDVCDncpjVlhy3aQs2vojcJBn7Gdv9hC2_Nzct_pRFrnFE1a7KTCdY1bT_kAgnY3-iadRZrGeJf1fR2P5fu11bokx0pWjaypoy-ctwCjklldpEbA\/s1600\/logo-principal7.jpg\" width=\"100%\" height=\"100\" \/><\/a><!--bestpublic-voz02--><!--desk-in-out-voz02--><\/p>\n<p style=\"text-align: justify;\">Se trata de un contrato abierto a la presentaci\u00f3n de ofertas que consta de dos lotes: en primer lugar, uno para la retirada, acopio, transporte y gesti\u00f3n de barreras de neum\u00e1ticos existentes (con un presupuesto de 101.381,69 euros) y; en segundo, otro para la instalaci\u00f3n de las nuevas barreras de protecci\u00f3n, tambi\u00e9n conformadas por neum\u00e1ticos y con un presupuesto de 521.192,45 euros.<\/p>\n<p style=\"text-align: justify;\">De esta manera, el Consorcio da un paso m\u00e1s para la actualizaci\u00f3n de esta instalaci\u00f3n a la normativa de seguridad vigente y sustituye unos elementos imprescindibles que se encontraban da\u00f1ados como consecuencia de las inclemencias clim\u00e1ticas y del paso del tiempo, dado que el caucho que conforma los neum\u00e1ticos que componen las barreras se hab\u00eda degenerado con la correspondiente cristalizaci\u00f3n de las part\u00edculas de caucho y goma y su endurecimiento paulatino. Esto imped\u00eda que perdieran progresivamente su principal funci\u00f3n de amortiguar el posible impacto del piloto o del veh\u00edculo de motor tras la salida de pista de ambos o de uno de ellos.<\/p>\n<p style=\"text-align: justify;\">La instalaci\u00f3n viene siendo objeto de distintas inversiones indispensables para que pueda volver a acoger pruebas de primer nivel<\/p>\n<p style=\"text-align: justify;\">Durante los \u00faltimos a\u00f1os, en las instalaciones del Circuito se han realizado distintas inversiones que eran precisas para su actualizaci\u00f3n a las condiciones de seguridad necesarias para acoger pruebas al m\u00e1s alto nivel, siendo imprescindible cumplir con los est\u00e1ndares de establecidos por la Real Federaci\u00f3n Motociclista de Espa\u00f1a (RFME), la Federaci\u00f3n Internacional del Autom\u00f3vil (FIA) y la Federaci\u00f3n Internacional de Motociclismo (FIM).<\/p>\n<p style=\"text-align: justify;\">Con esta intenci\u00f3n, y a modo de orientaci\u00f3n, el Consorcio ha contado con la implicaci\u00f3n y el asesoramiento de distintas federaciones deportivas y otras entidades implicadas en competiciones y actividades del mundo del motor.<\/p>\n<p style=\"text-align: justify;\">As\u00ed, en el ejercicio 2023 se acometieron inversiones por valor de 968.225,02 euros para el \u2018Proyecto de Acondicionamiento y Mejora del Circuito de Velocidad de Albacete\u2019, que inclu\u00eda saneamiento y mejora de los m\u00e1rgenes y perfiles de pista; cambios en el drenaje; ampliaci\u00f3n de escapatorias; reforma del pit lane; e instalaci\u00f3n, tanto de vallado de protecci\u00f3n, como de un nuevo sem\u00e1foro de carreras.<\/p>\n<p style=\"text-align: justify;\">Este 2024, con m\u00e1s de 622.000 euros de inversi\u00f3n y un plazo de ejecuci\u00f3n de ocho meses, podr\u00e1 impulsarse el \u00faltimo tramo de esta ambiciosa adecuaci\u00f3n con la instalaci\u00f3n de las nuevas barreras de protecci\u00f3n, un hecho que permitir\u00e1 que la gran transformaci\u00f3n del Circuito de Velocidad de Albacete quede pr\u00e1cticamente finalizada.<\/p>\n<p style=\"text-align: justify;\">El Consorcio destina 800.000 euros al a\u00f1o al Circuito de Velocidad, con 400.000 euros de aportaci\u00f3n por parte de cada una de las administraciones que lo conforman: Diputaci\u00f3n y Ayuntamiento de Albacete.<\/p>\n<p><!--publicidad-voz03--><a href=\"https:\/\/www.facebook.com\/profile.php?id=100063593791305&amp;locale=es_ES\"><img decoding=\"async\" class=\"alignnone size-medium\" src=\"https:\/\/blogger.googleusercontent.com\/img\/b\/R29vZ2xl\/AVvXsEi8_n_ll8UOcGxCqzFvb_9Io4ICczlGC990BPtPj2w9Px-u7B3oqWUW5vtjZUqPNJ-nyjiUIorE0ATsib_l5tV8BVN-UJ03RTnU__IHJF_4DgDBtY4LIqXNG-FomrO-7ywes20CBCRM2Hcm7EJSh3UUw1dO-c_uTflUrtgY1i7uBRezj_DpympmEFkfbQY\/s1600\/logo-principal2.jpg\" width=\"100%\" height=\"100\" \/><\/a><!--bestpublic-voz03--><!--desk-in-out-voz03--><br \/>\n<!--publicidad-voz04--><a href=\"https:\/\/www.facebook.com\/profile.php?id=61557370768692&amp;locale=es_ES\"><img decoding=\"async\" class=\"alignnone size-medium\" src=\"https:\/\/blogger.googleusercontent.com\/img\/b\/R29vZ2xl\/AVvXsEgy5RdcfffrnrItnYTcV9bCJjgJwldsQLWssfVfrLbyfXeBNTFKgBf0rMIvhrUaGUhiXzVr9_eQgCbi-j63ZDpfTvLIty9w7s140y-m1yHe7eKmEK7v2NAHUJDVYGdfeiQFeRCqUjdwWmN1MX_AUxxz4IVdJ4WIM0APxit8bjWkXzrnEFGqBvW_1F13H1g\/s1600\/logo-principal5.jpg\" width=\"100%\" height=\"100\" \/><\/a><!--bestpublic-voz04--><!--desk-in-out-voz04--><br \/>\n<!--publicidad-voz05--><a href=\"https:\/\/www.facebook.com\/asociaciontamborileroshellin?locale=es_ES\"><img decoding=\"async\" class=\"alignnone size-medium\" src=\"https:\/\/blogger.googleusercontent.com\/img\/b\/R29vZ2xl\/AVvXsEhHEEpZsKK1VpwiYMrS7aE2ujtqIDZoLd4B5wtbiseSU9s2HdTdQfhF84So2XwEB1fv0BLw95GADm6hUl1bkKtzh-eIgVigXONuu_5RxeIMPhjk8q6uNX4EaEHbooKkbu7pCADWPpVJjhKIH5NQSJpWqedC-YBez4QAQeJYokkLot9bhrIaUAeztsGis6M\/s1600\/logo-principal3.jpg\" width=\"100%\" height=\"100\" \/><\/a><!--bestpublic-voz05--><!--desk-in-out-voz05--><br \/>\n<!--publicidad-voz06--><!--bestpublic-voz06--><!--desk-in-out-voz06--><br \/>\n<!--publicidad-voz07--><!--bestpublic-voz07--><!--desk-in-out-voz07--><br \/>\n<!--publicidad-voz08--><!--bestpublic-voz08--><!--desk-in-out-voz08--><br \/>\n<!--publicidad-voz09--><!--bestpublic-voz09--><!--desk-in-out-voz09--><br \/>\n<!--publicidad-voz10--><!--bestpublic-voz10--><!--desk-in-out-voz10--><br \/>\n<!--publicidad-voz11--><!--bestpublic-voz11--><!--desk-in-out-voz11--><br \/>\n<!--publicidad-voz12--><!--bestpublic-voz12--><!--desk-in-out-voz12--><br \/>\n<!--publicidad-voz13--><!--bestpublic-voz13--><!--desk-in-out-voz13--><br \/>\n<!--publicidad-voz14--><!--bestpublic-voz14--><!--desk-in-out-voz14--><br \/>\n<!--publicidad-voz15--><!--bestpublic-voz15--><!--desk-in-out-voz15--><br \/>\n<!--publicidad-voz16--><!--bestpublic-voz16--><!--desk-in-out-voz16--><\/p>\n","protected":false},"excerpt":{"rendered":"<p>Con un presupuesto m\u00e1ximo estimado en 622.574,14 euros (impuestos incluidos), el Consorcio del Circuito de Velocidad de Albacete ha sacado a licitaci\u00f3n el contrato para el cambio de las barreras&#8230;<\/p>\n","protected":false},"author":2,"featured_media":149957,"comment_status":"closed","ping_status":"closed","sticky":false,"template":"","format":"standard","meta":{"footnotes":""},"categories":[754,718,715,716,717],"tags":[],"class_list":["post-149956","post","type-post","status-publish","format-standard","has-post-thumbnail","hentry","category-blog-lv035","category-blogger","category-la-voz-de-hellin","category-la-voz-de-hellin-la-voz-de-hellin","category-noticias"],"_links":{"self":[{"href":"https:\/\/lavozdehellin.com\/noticias\/wp-json\/wp\/v2\/posts\/149956","targetHints":{"allow":["GET"]}}],"collection":[{"href":"https:\/\/lavozdehellin.com\/noticias\/wp-json\/wp\/v2\/posts"}],"about":[{"href":"https:\/\/lavozdehellin.com\/noticias\/wp-json\/wp\/v2\/types\/post"}],"author":[{"embeddable":true,"href":"https:\/\/lavozdehellin.com\/noticias\/wp-json\/wp\/v2\/users\/2"}],"replies":[{"embeddable":true,"href":"https:\/\/lavozdehellin.com\/noticias\/wp-json\/wp\/v2\/comments?post=149956"}],"version-history":[{"count":0,"href":"https:\/\/lavozdehellin.com\/noticias\/wp-json\/wp\/v2\/posts\/149956\/revisions"}],"wp:featuredmedia":[{"embeddable":true,"href":"https:\/\/lavozdehellin.com\/noticias\/wp-json\/wp\/v2\/media\/149957"}],"wp:attachment":[{"href":"https:\/\/lavozdehellin.com\/noticias\/wp-json\/wp\/v2\/media?parent=149956"}],"wp:term":[{"taxonomy":"category","embeddable":true,"href":"https:\/\/lavozdehellin.com\/noticias\/wp-json\/wp\/v2\/categories?post=149956"},{"taxonomy":"post_tag","embeddable":true,"href":"https:\/\/lavozdehellin.com\/noticias\/wp-json\/wp\/v2\/tags?post=149956"}],"curies":[{"name":"wp","href":"https:\/\/api.w.org\/{rel}","templated":true}]}}