{"id":150023,"date":"2024-04-24T19:30:15","date_gmt":"2024-04-24T17:30:15","guid":{"rendered":"https:\/\/lavozdehellin.com\/noticias\/?p=150023"},"modified":"2024-04-26T12:22:31","modified_gmt":"2024-04-26T10:22:31","slug":"v08-532-cabanero-disfruta-de-la-presentacion-de-el-nino-con-la-que-fernando-aramburu-ha-colmado-el-exito-de-la-fiesta-del-libro-de-albacete","status":"publish","type":"post","link":"https:\/\/lavozdehellin.com\/noticias\/v08-532-cabanero-disfruta-de-la-presentacion-de-el-nino-con-la-que-fernando-aramburu-ha-colmado-el-exito-de-la-fiesta-del-libro-de-albacete\/","title":{"rendered":"LVH NOTICIAS | CABA\u00d1ERO DISFRUTA DE LA PRESENTACI\u00d3N DE \u2018EL NI\u00d1O\u2019 CON LA QUE FERNANDO ARAMBURU HA COLMADO EL \u00c9XITO DE LA FIESTA DEL LIBRO DE ALBACETE"},"content":{"rendered":"<p style=\"text-align: justify;\">En un evento literario que ha superado sus ya enormes expectativas, Albacete ha recibido con todo el cari\u00f1o al reconocido escritor donostiarra Fernando Aramburu que, a \u00faltima hora de la tarde de este jueves, ha presentado en la Filmoteca y de la mano de la Librer\u00eda Popular, su \u00faltima obra, \u2018El Ni\u00f1o\u2019, marcando el punto culminante de la Fiesta del Libro 2024.<\/p>\n<p><!--more--><br \/>\n<!--publicidad-voz01--><a href=\"https:\/\/www.facebook.com\/SoloRadioHellin\/?locale=es_ES\"><img decoding=\"async\" class=\"alignnone size-medium\" src=\"https:\/\/blogger.googleusercontent.com\/img\/b\/R29vZ2xl\/AVvXsEiNncirNnyGedv00mhjZjh5Wl4_YPdJGanoAl8tL8zH-HwqE8uHqjEfSt340RHdx-9tuCSIkZ8rFamZiGyYlgDGxCsmXjCH_1xk5eYM3ntFZRvJP_jndOKR7w1UAo9Tu0vrZyOLfqRpHIxYI5SymJJ-pfGCQw6QVpggBH-UgfjiFQ2JOxqxG0Jx94kW83c\/s1600\/logo-principal.jpg\" width=\"100%\" height=\"100\" \/><\/a><!--bestpublic-voz01--><!--desk-in-out-voz01--><br \/>\n<!--publicidad-voz02--><a href=\"https:\/\/www.hellincf.com\/\"><img decoding=\"async\" class=\"alignnone size-medium\" src=\"https:\/\/blogger.googleusercontent.com\/img\/b\/R29vZ2xl\/AVvXsEhuZ4-XfBVj3UtdP8-RZugy3WVrg-Zv28c53m4oV47qYCxL1rX_dqWX_YddsGSnpH5SRDqZ7bZeKPIfDVCDncpjVlhy3aQs2vojcJBn7Gdv9hC2_Nzct_pRFrnFE1a7KTCdY1bT_kAgnY3-iadRZrGeJf1fR2P5fu11bokx0pWjaypoy-ctwCjklldpEbA\/s1600\/logo-principal7.jpg\" width=\"100%\" height=\"100\" \/><\/a><!--bestpublic-voz02--><!--desk-in-out-voz02--><\/p>\n<p style=\"text-align: justify;\">La Diputaci\u00f3n de Albacete, en colaboraci\u00f3n con la propia Librer\u00eda Popular, la Asociaci\u00f3n de Librer\u00edas de Albacete, el Gobierno de Castilla-La Mancha, el Ayuntamiento de Albacete y entidades como Globalcaja ha reafirmado su compromiso con la cultura y la literatura, facilitando encuentros que, como \u00e9ste, fortalecen y dinamizan el tejido social.<\/p>\n<p style=\"text-align: justify;\">El presidente provincial, Santi Caba\u00f1ero, y el diputado de Educaci\u00f3n y Cultura, Miguel Zamora, han asistido personalmente a esta presentaci\u00f3n, expresando Caba\u00f1ero su admiraci\u00f3n a Fernando Aramburu y transmiti\u00e9ndole tambi\u00e9n su agradecimiento por haber elegidoa Albacete en su itinerario, subrayando el valor de este tipo de citas a la hora de enriquecer la vida cultural local. \u201cEs un honor contar con un escritor de la talla de Aramburu, cuya obra, adem\u00e1s de acercarnos a grandes historias, invita a una reflexi\u00f3n profunda (y creo que muy necesaria) sobre temas sociales y personales\u201d, ha se\u00f1alado el presidente.<\/p>\n<p style=\"text-align: justify;\">Aramburu, cuyo s\u00f3lido prestigio se consolid\u00f3 con el \u00e9xito de \u2018Patria\u2019, regresa ahora con \u2018El Ni\u00f1o\u2019: una obra que aborda la tragedia de la explosi\u00f3n de gas en Ortuella que, en los a\u00f1os 80, se cobr\u00f3 la vida de cincuenta ni\u00f1os, explorando la resiliencia y el duelo con una narrativa emocionalmente rica y profunda. Una novela que, seg\u00fan el propio autor, surge de un inter\u00e9s personal y literario por entender y procesar el impacto de la cat\u00e1strofe en las vidas de quienes la sufren.<\/p>\n<p style=\"text-align: justify;\">Librer\u00edas volcadas en la dinamizaci\u00f3n social y cultural de Albacete durante todo el a\u00f1o<\/p>\n<p style=\"text-align: justify;\">La Librer\u00eda Popular, anfitriona del evento, ha recibido el elogio del presidente de la Diputaci\u00f3n por su rol crucial en propiciar estos momentos inolvidables a la vida literaria de Albacete. \u201cEventos as\u00ed demuestran el papel vital que juegan las librer\u00edas y bibliotecas en la dinamizaci\u00f3n cultural; m\u00e1s que meros lugares de venta de libros, son espacios para el di\u00e1logo, el aprendizaje y el encuentro cultural\u201d, ha comentado.<\/p>\n<p style=\"text-align: justify;\">Este evento literario se ha enmarcado en las actividades dise\u00f1adas para promover la lectura en la provincia en el contexto del D\u00eda del Libro 2024, sumando nuevamente el compromiso continuo de la Diputaci\u00f3n de Albacete en su af\u00e1n por democratizar el acceso a la mejor cultura y fomentar una sociedad m\u00e1s informada y participativa. Claves para las que, citas como \u00e9sta de hoy en \u2018la Popular\u2019 resultan referentes, ha se\u00f1alado el presidente.<\/p>\n<p style=\"text-align: justify;\">Caba\u00f1ero ha puesto en valor, muy especialmente, el arduo trabajo del personal t\u00e9cnico de las distintas administraciones implicadas, as\u00ed como de los y las profesionales del \u00e1mbito de las librer\u00edas, autores, autoras, editores y editoras a la hora de colmar el \u00e9xito de una nueva edici\u00f3n de la Fiesta del Libro que, gracias a momentos como \u00e9ste protagonizado por Fernando Aramburu, sigue haci\u00e9ndose inolvidable edici\u00f3n tras edici\u00f3n.<\/p>\n<p style=\"text-align: justify;\">Y, muy especialmente, ha agradecido a los lectores y lectoras que, con su respuesta, en momentos as\u00ed pero, sobre todo, a lo largo de todo el a\u00f1o, hagan valer ese esfuerzo conjunto por enriquecer y diversificar las ofertas culturales disponibles para toda la ciudadan\u00eda provincial.<\/p>\n<p><!--publicidad-voz03--><a href=\"https:\/\/www.facebook.com\/profile.php?id=100063593791305&amp;locale=es_ES\"><img decoding=\"async\" class=\"alignnone size-medium\" src=\"https:\/\/blogger.googleusercontent.com\/img\/b\/R29vZ2xl\/AVvXsEi8_n_ll8UOcGxCqzFvb_9Io4ICczlGC990BPtPj2w9Px-u7B3oqWUW5vtjZUqPNJ-nyjiUIorE0ATsib_l5tV8BVN-UJ03RTnU__IHJF_4DgDBtY4LIqXNG-FomrO-7ywes20CBCRM2Hcm7EJSh3UUw1dO-c_uTflUrtgY1i7uBRezj_DpympmEFkfbQY\/s1600\/logo-principal2.jpg\" width=\"100%\" height=\"100\" \/><\/a><!--bestpublic-voz03--><!--desk-in-out-voz03--><br \/>\n<!--publicidad-voz04--><a href=\"https:\/\/www.facebook.com\/profile.php?id=61557370768692&amp;locale=es_ES\"><img decoding=\"async\" class=\"alignnone size-medium\" src=\"https:\/\/blogger.googleusercontent.com\/img\/b\/R29vZ2xl\/AVvXsEgy5RdcfffrnrItnYTcV9bCJjgJwldsQLWssfVfrLbyfXeBNTFKgBf0rMIvhrUaGUhiXzVr9_eQgCbi-j63ZDpfTvLIty9w7s140y-m1yHe7eKmEK7v2NAHUJDVYGdfeiQFeRCqUjdwWmN1MX_AUxxz4IVdJ4WIM0APxit8bjWkXzrnEFGqBvW_1F13H1g\/s1600\/logo-principal5.jpg\" width=\"100%\" height=\"100\" \/><\/a><!--bestpublic-voz04--><!--desk-in-out-voz04--><br \/>\n<!--publicidad-voz05--><a href=\"https:\/\/www.facebook.com\/asociaciontamborileroshellin?locale=es_ES\"><img decoding=\"async\" class=\"alignnone size-medium\" src=\"https:\/\/blogger.googleusercontent.com\/img\/b\/R29vZ2xl\/AVvXsEhHEEpZsKK1VpwiYMrS7aE2ujtqIDZoLd4B5wtbiseSU9s2HdTdQfhF84So2XwEB1fv0BLw95GADm6hUl1bkKtzh-eIgVigXONuu_5RxeIMPhjk8q6uNX4EaEHbooKkbu7pCADWPpVJjhKIH5NQSJpWqedC-YBez4QAQeJYokkLot9bhrIaUAeztsGis6M\/s1600\/logo-principal3.jpg\" width=\"100%\" height=\"100\" \/><\/a><!--bestpublic-voz05--><!--desk-in-out-voz05--><br \/>\n<!--publicidad-voz06--><!--bestpublic-voz06--><!--desk-in-out-voz06--><br \/>\n<!--publicidad-voz07--><!--bestpublic-voz07--><!--desk-in-out-voz07--><br \/>\n<!--publicidad-voz08--><!--bestpublic-voz08--><!--desk-in-out-voz08--><br \/>\n<!--publicidad-voz09--><!--bestpublic-voz09--><!--desk-in-out-voz09--><br \/>\n<!--publicidad-voz10--><!--bestpublic-voz10--><!--desk-in-out-voz10--><br \/>\n<!--publicidad-voz11--><!--bestpublic-voz11--><!--desk-in-out-voz11--><br \/>\n<!--publicidad-voz12--><!--bestpublic-voz12--><!--desk-in-out-voz12--><br \/>\n<!--publicidad-voz13--><!--bestpublic-voz13--><!--desk-in-out-voz13--><br \/>\n<!--publicidad-voz14--><!--bestpublic-voz14--><!--desk-in-out-voz14--><br \/>\n<!--publicidad-voz15--><!--bestpublic-voz15--><!--desk-in-out-voz15--><br \/>\n<!--publicidad-voz16--><!--bestpublic-voz16--><!--desk-in-out-voz16--><\/p>\n","protected":false},"excerpt":{"rendered":"<p>En un evento literario que ha superado sus ya enormes expectativas, Albacete ha recibido con todo el cari\u00f1o al reconocido escritor donostiarra Fernando Aramburu que, a \u00faltima hora de la&#8230;<\/p>\n","protected":false},"author":2,"featured_media":150024,"comment_status":"closed","ping_status":"closed","sticky":false,"template":"","format":"standard","meta":{"footnotes":""},"categories":[754,718,715,716,717],"tags":[],"class_list":["post-150023","post","type-post","status-publish","format-standard","has-post-thumbnail","hentry","category-blog-lv035","category-blogger","category-la-voz-de-hellin","category-la-voz-de-hellin-la-voz-de-hellin","category-noticias"],"_links":{"self":[{"href":"https:\/\/lavozdehellin.com\/noticias\/wp-json\/wp\/v2\/posts\/150023","targetHints":{"allow":["GET"]}}],"collection":[{"href":"https:\/\/lavozdehellin.com\/noticias\/wp-json\/wp\/v2\/posts"}],"about":[{"href":"https:\/\/lavozdehellin.com\/noticias\/wp-json\/wp\/v2\/types\/post"}],"author":[{"embeddable":true,"href":"https:\/\/lavozdehellin.com\/noticias\/wp-json\/wp\/v2\/users\/2"}],"replies":[{"embeddable":true,"href":"https:\/\/lavozdehellin.com\/noticias\/wp-json\/wp\/v2\/comments?post=150023"}],"version-history":[{"count":0,"href":"https:\/\/lavozdehellin.com\/noticias\/wp-json\/wp\/v2\/posts\/150023\/revisions"}],"wp:featuredmedia":[{"embeddable":true,"href":"https:\/\/lavozdehellin.com\/noticias\/wp-json\/wp\/v2\/media\/150024"}],"wp:attachment":[{"href":"https:\/\/lavozdehellin.com\/noticias\/wp-json\/wp\/v2\/media?parent=150023"}],"wp:term":[{"taxonomy":"category","embeddable":true,"href":"https:\/\/lavozdehellin.com\/noticias\/wp-json\/wp\/v2\/categories?post=150023"},{"taxonomy":"post_tag","embeddable":true,"href":"https:\/\/lavozdehellin.com\/noticias\/wp-json\/wp\/v2\/tags?post=150023"}],"curies":[{"name":"wp","href":"https:\/\/api.w.org\/{rel}","templated":true}]}}