{"id":150026,"date":"2024-04-24T21:22:24","date_gmt":"2024-04-24T19:22:24","guid":{"rendered":"https:\/\/lavozdehellin.com\/noticias\/?p=150026"},"modified":"2024-04-26T12:22:31","modified_gmt":"2024-04-26T10:22:31","slug":"v08-533-valera-felicita-a-la-14a-promocion-del-master-en-direccion-y-administracion-de-empresas-de-la-escuela-de-negocios-de-feda","status":"publish","type":"post","link":"https:\/\/lavozdehellin.com\/noticias\/v08-533-valera-felicita-a-la-14a-promocion-del-master-en-direccion-y-administracion-de-empresas-de-la-escuela-de-negocios-de-feda\/","title":{"rendered":"LVH NOTICIAS | VALERA FELICITA A LA 14\u00aa PROMOCI\u00d3N DEL M\u00c1STER EN DIRECCI\u00d3N Y ADMINISTRACI\u00d3N DE EMPRESAS DE LA ESCUELA DE NEGOCIOS DE FEDA"},"content":{"rendered":"<p style=\"text-align: justify;\">El vicepresidente de la Diputaci\u00f3n de Albacete, Fran Valera, ha participado en el acto de clausura del 14\u00ba M\u00e1ster en Direcci\u00f3n y Administraci\u00f3n de Empresas MBA Executive de la Escuela de Negocios de FEDA. Un acto que tambi\u00e9n ha hecho las veces de apertura oficial de su nueva edici\u00f3n.<\/p>\n<p><!--more--><br \/>\n<!--publicidad-voz01--><a href=\"https:\/\/www.facebook.com\/SoloRadioHellin\/?locale=es_ES\"><img decoding=\"async\" class=\"alignnone size-medium\" src=\"https:\/\/blogger.googleusercontent.com\/img\/b\/R29vZ2xl\/AVvXsEiNncirNnyGedv00mhjZjh5Wl4_YPdJGanoAl8tL8zH-HwqE8uHqjEfSt340RHdx-9tuCSIkZ8rFamZiGyYlgDGxCsmXjCH_1xk5eYM3ntFZRvJP_jndOKR7w1UAo9Tu0vrZyOLfqRpHIxYI5SymJJ-pfGCQw6QVpggBH-UgfjiFQ2JOxqxG0Jx94kW83c\/s1600\/logo-principal.jpg\" width=\"100%\" height=\"100\" \/><\/a><!--bestpublic-voz01--><!--desk-in-out-voz01--><br \/>\n<!--publicidad-voz02--><a href=\"https:\/\/www.hellincf.com\/\"><img decoding=\"async\" class=\"alignnone size-medium\" src=\"https:\/\/blogger.googleusercontent.com\/img\/b\/R29vZ2xl\/AVvXsEhuZ4-XfBVj3UtdP8-RZugy3WVrg-Zv28c53m4oV47qYCxL1rX_dqWX_YddsGSnpH5SRDqZ7bZeKPIfDVCDncpjVlhy3aQs2vojcJBn7Gdv9hC2_Nzct_pRFrnFE1a7KTCdY1bT_kAgnY3-iadRZrGeJf1fR2P5fu11bokx0pWjaypoy-ctwCjklldpEbA\/s1600\/logo-principal7.jpg\" width=\"100%\" height=\"100\" \/><\/a><!--bestpublic-voz02--><!--desk-in-out-voz02--><\/p>\n<p style=\"text-align: justify;\">Junto al presidente de la Confederaci\u00f3n de Empresarios de Albacete, Artemio P\u00e9rez; al alcalde de Albacete, Manuel Serrano; y al presidente de la Fundaci\u00f3n Globalcaja, Herminio Molina, Valera ha felicitado a los quince hombres y mujeres de otras tantas empresas que han finalizado con \u00e9xito esta formaci\u00f3n, as\u00ed como a los siete que han cursado el programa superior Dircom, Direcci\u00f3n Comercial y Marketing, dese\u00e1ndoles un futuro pr\u00f3spero y de \u00e9xitos.<\/p>\n<p style=\"text-align: justify;\">Adem\u00e1s, ha animado a los alumnos y alumnas que est\u00e9 2024 han comenzado el M\u00e1ster a aprovechar \u201cal m\u00e1ximo esta oportunidad\u201d, y ha puesto en valor esta Escuela de Negocios, la \u00fanica de estas caracter\u00edsticas que depende de la patronal, felicitando a FEDA, al tiempo que ha destacado la calidad de los programas que ofrece.<\/p>\n<p style=\"text-align: justify;\">Durante su intervenci\u00f3n, el vicepresidente provincial tambi\u00e9n ha incidido en la importancia de la formaci\u00f3n para el desarrollo personal y el progreso profesional, indicando que si, adem\u00e1s, lleva el sello de FEDA y de su Escuela de Negocios es un valor a\u00f1adido: \u201cVenir a formarse a FEDA es buscar la excelencia\u201d.<\/p>\n<p style=\"text-align: justify;\">En esta l\u00ednea, Valera ha reiterado el compromiso de la Diputaci\u00f3n con esta Confederaci\u00f3n. De hecho, de cada 10 \u20ac con los que la instituci\u00f3n provincial colabora con ella, 7,5 \u20ac se destinan a formaci\u00f3n, \u201calgo que es la llave para el futuro, porque necesitamos formarnos para transformarnos y adaptarnos a los retos que tenemos por delante\u201d.<\/p>\n<p style=\"text-align: justify;\">Adem\u00e1s, el vicepresidente ha destacado la unidad de acci\u00f3n que se da en esta provincia entre administraciones p\u00fablicas y tejido empresarial, apuntando que unos y otros han sido capaces de ponerse de acuerdo \u201cpara ayudar a generar las condiciones m\u00e1s favorables para que quien sabe de empresas, que son los empresarios y empresarias, lo tengan lo m\u00e1s f\u00e1cil posible, porque cuando a ellos y a ellas les va bien, a nuestra provincia le va bien\u201d.<\/p>\n<p style=\"text-align: justify;\">Finalmente, Valera ha puesto \u201cdeberes\u201d a los y las presentes, se\u00f1alando que es necesario seguir esa senda, \u201cla de un ecosistema de cooperaci\u00f3n, tranquilidad, escucha activa\u2026, en el que podemos debatir, y debatimos para llegar a puntos de encuentro, con la mirada puesta en el futuro, con ambici\u00f3n, pero apostando por aquello que ya hacemos bien, y que es trabajar conjuntamente\u201d.<\/p>\n<p><!--publicidad-voz03--><a href=\"https:\/\/www.facebook.com\/profile.php?id=100063593791305&amp;locale=es_ES\"><img decoding=\"async\" class=\"alignnone size-medium\" src=\"https:\/\/blogger.googleusercontent.com\/img\/b\/R29vZ2xl\/AVvXsEi8_n_ll8UOcGxCqzFvb_9Io4ICczlGC990BPtPj2w9Px-u7B3oqWUW5vtjZUqPNJ-nyjiUIorE0ATsib_l5tV8BVN-UJ03RTnU__IHJF_4DgDBtY4LIqXNG-FomrO-7ywes20CBCRM2Hcm7EJSh3UUw1dO-c_uTflUrtgY1i7uBRezj_DpympmEFkfbQY\/s1600\/logo-principal2.jpg\" width=\"100%\" height=\"100\" \/><\/a><!--bestpublic-voz03--><!--desk-in-out-voz03--><br \/>\n<!--publicidad-voz04--><a href=\"https:\/\/www.facebook.com\/profile.php?id=61557370768692&amp;locale=es_ES\"><img decoding=\"async\" class=\"alignnone size-medium\" src=\"https:\/\/blogger.googleusercontent.com\/img\/b\/R29vZ2xl\/AVvXsEgy5RdcfffrnrItnYTcV9bCJjgJwldsQLWssfVfrLbyfXeBNTFKgBf0rMIvhrUaGUhiXzVr9_eQgCbi-j63ZDpfTvLIty9w7s140y-m1yHe7eKmEK7v2NAHUJDVYGdfeiQFeRCqUjdwWmN1MX_AUxxz4IVdJ4WIM0APxit8bjWkXzrnEFGqBvW_1F13H1g\/s1600\/logo-principal5.jpg\" width=\"100%\" height=\"100\" \/><\/a><!--bestpublic-voz04--><!--desk-in-out-voz04--><br \/>\n<!--publicidad-voz05--><a href=\"https:\/\/www.facebook.com\/asociaciontamborileroshellin?locale=es_ES\"><img decoding=\"async\" class=\"alignnone size-medium\" src=\"https:\/\/blogger.googleusercontent.com\/img\/b\/R29vZ2xl\/AVvXsEhHEEpZsKK1VpwiYMrS7aE2ujtqIDZoLd4B5wtbiseSU9s2HdTdQfhF84So2XwEB1fv0BLw95GADm6hUl1bkKtzh-eIgVigXONuu_5RxeIMPhjk8q6uNX4EaEHbooKkbu7pCADWPpVJjhKIH5NQSJpWqedC-YBez4QAQeJYokkLot9bhrIaUAeztsGis6M\/s1600\/logo-principal3.jpg\" width=\"100%\" height=\"100\" \/><\/a><!--bestpublic-voz05--><!--desk-in-out-voz05--><br \/>\n<!--publicidad-voz06--><!--bestpublic-voz06--><!--desk-in-out-voz06--><br \/>\n<!--publicidad-voz07--><!--bestpublic-voz07--><!--desk-in-out-voz07--><br \/>\n<!--publicidad-voz08--><!--bestpublic-voz08--><!--desk-in-out-voz08--><br \/>\n<!--publicidad-voz09--><!--bestpublic-voz09--><!--desk-in-out-voz09--><br \/>\n<!--publicidad-voz10--><!--bestpublic-voz10--><!--desk-in-out-voz10--><br \/>\n<!--publicidad-voz11--><!--bestpublic-voz11--><!--desk-in-out-voz11--><br \/>\n<!--publicidad-voz12--><!--bestpublic-voz12--><!--desk-in-out-voz12--><br \/>\n<!--publicidad-voz13--><!--bestpublic-voz13--><!--desk-in-out-voz13--><br \/>\n<!--publicidad-voz14--><!--bestpublic-voz14--><!--desk-in-out-voz14--><br \/>\n<!--publicidad-voz15--><!--bestpublic-voz15--><!--desk-in-out-voz15--><br \/>\n<!--publicidad-voz16--><!--bestpublic-voz16--><!--desk-in-out-voz16--><\/p>\n","protected":false},"excerpt":{"rendered":"<p>El vicepresidente de la Diputaci\u00f3n de Albacete, Fran Valera, ha participado en el acto de clausura del 14\u00ba M\u00e1ster en Direcci\u00f3n y Administraci\u00f3n de Empresas MBA Executive de la Escuela&#8230;<\/p>\n","protected":false},"author":2,"featured_media":150027,"comment_status":"closed","ping_status":"closed","sticky":false,"template":"","format":"standard","meta":{"footnotes":""},"categories":[754,718,715,716,717],"tags":[],"class_list":["post-150026","post","type-post","status-publish","format-standard","has-post-thumbnail","hentry","category-blog-lv035","category-blogger","category-la-voz-de-hellin","category-la-voz-de-hellin-la-voz-de-hellin","category-noticias"],"_links":{"self":[{"href":"https:\/\/lavozdehellin.com\/noticias\/wp-json\/wp\/v2\/posts\/150026","targetHints":{"allow":["GET"]}}],"collection":[{"href":"https:\/\/lavozdehellin.com\/noticias\/wp-json\/wp\/v2\/posts"}],"about":[{"href":"https:\/\/lavozdehellin.com\/noticias\/wp-json\/wp\/v2\/types\/post"}],"author":[{"embeddable":true,"href":"https:\/\/lavozdehellin.com\/noticias\/wp-json\/wp\/v2\/users\/2"}],"replies":[{"embeddable":true,"href":"https:\/\/lavozdehellin.com\/noticias\/wp-json\/wp\/v2\/comments?post=150026"}],"version-history":[{"count":0,"href":"https:\/\/lavozdehellin.com\/noticias\/wp-json\/wp\/v2\/posts\/150026\/revisions"}],"wp:featuredmedia":[{"embeddable":true,"href":"https:\/\/lavozdehellin.com\/noticias\/wp-json\/wp\/v2\/media\/150027"}],"wp:attachment":[{"href":"https:\/\/lavozdehellin.com\/noticias\/wp-json\/wp\/v2\/media?parent=150026"}],"wp:term":[{"taxonomy":"category","embeddable":true,"href":"https:\/\/lavozdehellin.com\/noticias\/wp-json\/wp\/v2\/categories?post=150026"},{"taxonomy":"post_tag","embeddable":true,"href":"https:\/\/lavozdehellin.com\/noticias\/wp-json\/wp\/v2\/tags?post=150026"}],"curies":[{"name":"wp","href":"https:\/\/api.w.org\/{rel}","templated":true}]}}