{"id":150029,"date":"2024-04-25T10:41:00","date_gmt":"2024-04-25T08:41:00","guid":{"rendered":"https:\/\/lavozdehellin.com\/noticias\/?p=150029"},"modified":"2024-04-26T12:22:31","modified_gmt":"2024-04-26T10:22:31","slug":"v08-534-cabanero-y-sancha-aplauden-la-fuerza-referente-del-atletismo-provincial","status":"publish","type":"post","link":"https:\/\/lavozdehellin.com\/noticias\/v08-534-cabanero-y-sancha-aplauden-la-fuerza-referente-del-atletismo-provincial\/","title":{"rendered":"LVH NOTICIAS | CABA\u00d1ERO Y SANCHA APLAUDEN LA FUERZA REFERENTE DEL ATLETISMO PROVINCIAL"},"content":{"rendered":"<p style=\"text-align: justify;\">En una muestra clara de apoyo y reconocimiento, el presidente de la Diputaci\u00f3n de Albacete, Santi Caba\u00f1ero, y el diputado de Deportes y Juventud, Dani Sancha, han visitado las pistas de atletismo ubicadas en el Campus Universitario, siendo testigos del entrenamiento y preparaci\u00f3n de dos de los principales clubes deportivos de la provincia: el Club Atletismo Albacete-Diputaci\u00f3n y el Club San Gin\u00e9s y Adapei de Asprona.<\/p>\n<p><!--more--><br \/>\n<!--publicidad-voz01--><a href=\"https:\/\/www.facebook.com\/SoloRadioHellin\/?locale=es_ES\"><img decoding=\"async\" class=\"alignnone size-medium\" src=\"https:\/\/blogger.googleusercontent.com\/img\/b\/R29vZ2xl\/AVvXsEiNncirNnyGedv00mhjZjh5Wl4_YPdJGanoAl8tL8zH-HwqE8uHqjEfSt340RHdx-9tuCSIkZ8rFamZiGyYlgDGxCsmXjCH_1xk5eYM3ntFZRvJP_jndOKR7w1UAo9Tu0vrZyOLfqRpHIxYI5SymJJ-pfGCQw6QVpggBH-UgfjiFQ2JOxqxG0Jx94kW83c\/s1600\/logo-principal.jpg\" width=\"100%\" height=\"100\" \/><\/a><!--bestpublic-voz01--><!--desk-in-out-voz01--><br \/>\n<!--publicidad-voz02--><a href=\"https:\/\/www.hellincf.com\/\"><img decoding=\"async\" class=\"alignnone size-medium\" src=\"https:\/\/blogger.googleusercontent.com\/img\/b\/R29vZ2xl\/AVvXsEhuZ4-XfBVj3UtdP8-RZugy3WVrg-Zv28c53m4oV47qYCxL1rX_dqWX_YddsGSnpH5SRDqZ7bZeKPIfDVCDncpjVlhy3aQs2vojcJBn7Gdv9hC2_Nzct_pRFrnFE1a7KTCdY1bT_kAgnY3-iadRZrGeJf1fR2P5fu11bokx0pWjaypoy-ctwCjklldpEbA\/s1600\/logo-principal7.jpg\" width=\"100%\" height=\"100\" \/><\/a><!--bestpublic-voz02--><!--desk-in-out-voz02--><\/p>\n<p style=\"text-align: justify;\">Excelencia competitiva del Club Atletismo Albacete-Diputaci\u00f3n<\/p>\n<p style=\"text-align: justify;\">El Club Atletismo Albacete-Diputaci\u00f3n, liderado por su presidente Jos\u00e9 Manuel Cambronero, se ha consolidado como uno de los pilares del atletismo nacional. \u201cQue este conjunto lleve tambi\u00e9n el nombre de la Diputaci\u00f3n supone un motivo de orgullo inmenso\u201d, ha trasladado el presidente a los cerca de 200 atletas que se daban cita en las instalaciones en ese momento, poniendo en valor algunos de los muchos logros que les hacen merecedores de ese \u2018orgullo provincial\u2019.<\/p>\n<p style=\"text-align: justify;\">No en vano, es un club l\u00edder: a nivel nacional, encabezando la escuela de atletismo m\u00e1s grande de Espa\u00f1a con m\u00e1s de 710 ni\u00f1os y ni\u00f1as inscritos (y m\u00e1s de 1.200 integrantes en sus filas)); y, en el \u00e1mbito provincial, conformando la escuela deportiva m\u00e1s grande del territorio. Cuenta con una estructura con 16 entrenadores y entrenadoras que organizan y gu\u00edan a los y las deportistas en las diferentes disciplinas (incluyendo velocidad, fondo y mediofondo, vallas, salto, marcha, obst\u00e1culos y lanzamientos, entre otras).<\/p>\n<p style=\"text-align: justify;\">Adem\u00e1s, est\u00e1 entre los clubes de Espa\u00f1a con m\u00e1s atletas federados y federadas de alta competici\u00f3n logrando, a\u00f1o tras a\u00f1o, crecer en los logros cosechados en distintas competiciones. S\u00f3lo por citar algunos ejemplos, son subcampeones de Espa\u00f1a sub-16 de Aire Libre y Pista Cubierta, as\u00ed como de la modalidad DNA (un innovador formato de competici\u00f3n mixto por equipos).<\/p>\n<p style=\"text-align: justify;\">Entre los m\u00e1s recientes de sus muchos (cada vez m\u00e1s) logros deportivos, el pasado 12 de abril, el Club Atletismo Albacete-Diputaci\u00f3n daba un importante primer paso para lograr su aspiraci\u00f3n de mantener la categor\u00eda en Divisi\u00f3n de Honor entre los mejores 16 equipos del pa\u00eds, con hasta siete triunfos individuales: de Carlos S\u00e1ez en 1.500 metros, Fernando Gonz\u00e1lez-Moh\u00edno en 3.000 metros, Jorge Garc\u00eda en 400 vallas, David Abrines en jabalina, y Jos\u00e9 Gonz\u00e1lez Barrag\u00e1n en 100 y 200 metros (siendo MVP del encuentro).<\/p>\n<p style=\"text-align: justify;\">En ese gran debut en Divisi\u00f3n de Honor, celebrado en tierras jienenses, el club albacetense sum\u00f3 dos importantes puntos que lo sit\u00faan tercero de cara al segundo mitin atl\u00e9tico (el 4 de mayo), en el que se medir\u00e1n a un primero, un segundo y un cuarto. Tras sumarse los resultados de ambas citas, los ocho clubes con m\u00e1s puntos luchar\u00e1n por el t\u00edtulo y los ocho siguientes por no descender.<\/p>\n<p style=\"text-align: justify;\">Al margen de ello, el club tambi\u00e9n engrosa su lista de \u00e9xitos con muchas otras buenas noticias: por ejemplo, en el Campeonato de Espa\u00f1a de Trail Running en Candeleda, con Carlos Santoro proclam\u00e1ndose campe\u00f3n en categor\u00eda M70, destacando tanto en la Subida Vertical como en la Carrera de Monta\u00f1a, consolidando la versatilidad y el alto rendimiento del club en diversas disciplinas atl\u00e9ticas.<\/p>\n<p style=\"text-align: justify;\">Caba\u00f1ero y Sancha han reconocido nuevamente ese gran trabajo realizado por toda la \u2018familia\u2019 del club, que no deja de crecer ni de sumar alegr\u00edas y han destacando su papel protagonista y clave en la promoci\u00f3n del mejor deporte en la provincia.<\/p>\n<p style=\"text-align: justify;\">No en vano, el Club promueve la participaci\u00f3n en carreras populares y busca la integraci\u00f3n de la sociedad en el deporte, reflejando la filosof\u00eda de la propia instituci\u00f3n provincial en el \u00e1mbito deportivo y promoviendo exitosas iniciativas como su \u2018Escuela del Corredor\u2019: creada para fomentar un h\u00e1bito deportivo asesorado y dirigido entre los aficionados al running, con entrenamientos personalizados y sesiones dirigidas a grupos que, en muchos casos, son \u2018fijos\u2019 en el Circuito Provincial de Carreras Populares de la Diputaci\u00f3n de Albacete y en todo tipo de carreras solidarias a lo largo y ancho del calendario.<\/p>\n<p style=\"text-align: justify;\">Impacto social y logros sin f\u00edn del Club San Gin\u00e9s y Adapei de Asprona<\/p>\n<p style=\"text-align: justify;\">L\u00ednea ascendente de \u00e9xito, trabajo y pundonor que, en la misma l\u00ednea, sigue tambi\u00e9n el Club San Gin\u00e9s y Adapei de Asprona, dirigido por Ver\u00f3nica S\u00e1nchez Felipe, y que tambi\u00e9n demuestra, competici\u00f3n a competici\u00f3n, ser una fuerza dominante en el deporte de personas con discapacidad, con Jos\u00e9 Mart\u00ednez Morote (campe\u00f3n del mundo) como una de sus muchas grandes bazas dentro del \u00e1rea del atletismo, secci\u00f3n a la que han podido saludar en esta visita a las pistas universitarias.<\/p>\n<p style=\"text-align: justify;\">Entre sus haza\u00f1as m\u00e1s recientes, el club lograba un impresionante r\u00e9cord de 31 medallas en el 26\u00ba Campeonato Regional de Atletismo de FECAM, celebrado en Cuenca, donde los atletas consiguieron 16 oros, 8 platas y 7 bronces, adem\u00e1s de establecer varios r\u00e9cords regionales en diversas disciplinas (el propio Jos\u00e9 Mart\u00ednez Morote en 5.000 metros; Deyanira Hidalgo en 200 metros; Sergio Cobo en lanzamiento de disco; y Julia Chumillas, Laura Garc\u00eda, Mireia Guijarro y Deyanira Hidalgo en el 4\u00d7100 femenino).<\/p>\n<p style=\"text-align: justify;\">Como le han comentado al presidente de la Diputaci\u00f3n, con ganas y enorme ilusi\u00f3n, este pr\u00f3ximo fin de semana, el equipo competir\u00e1 en el Campeonato de Espa\u00f1a en Valencia: un evento que, como les ha dicho Caba\u00f1ero, \u201cpromete ser un escenario para m\u00e1s \u00e9xitos\u201d.<\/p>\n<p style=\"text-align: justify;\">El m\u00e1ximo responsable provincial ha felicitado tambi\u00e9n a la entidad por la creaci\u00f3n oficial, este mismo mes, de un equipo inclusivo de atletismo compuesto por 36 deportistas, que mezcla atletas con y sin discapacidad intelectual, fortaleciendo el compromiso del club con la inclusi\u00f3n y la representatividad en el deporte.<br \/>\nUna provincia orgullosa no s\u00f3lo de sus \u00e9xitos, sino del trabajo que hacen a diario para alcanzarlos<\/p>\n<p style=\"text-align: justify;\">Santi Caba\u00f1ero y Dani Sancha han expresado su admiraci\u00f3n y agradecimiento por los esfuerzos y logros de ambos clubes, reiterando el compromiso de la Diputaci\u00f3n de Albacete con el fomento del deporte como herramienta de inclusi\u00f3n social y desarrollo personal.<\/p>\n<p style=\"text-align: justify;\">\u00abEstos clubes no solo llevan a lo m\u00e1s alto el nombre de Albacete en competiciones nacionales e internacionales, sino que son ejemplos palpables de c\u00f3mo el deporte es un veh\u00edculo para la superaci\u00f3n y la inclusi\u00f3n\u00bb, ha afirmado Caba\u00f1ero, reiter\u00e1ndoles sus mejores deseos de cara a sus respectivas competiciones venideras, donde les ha asegurado que sentir\u00e1n a su lado siempre la fuerza, el \u00e1nimo y el empuje de una provincia de Albacete que se siente \u201ctremendamente orgullosa no s\u00f3lo de sus \u00e9xitos, sino del trabajo que d\u00eda a d\u00eda protagonizan para alcanzarlos\u201d.<\/p>\n<p><!--publicidad-voz03--><a href=\"https:\/\/www.facebook.com\/profile.php?id=100063593791305&amp;locale=es_ES\"><img decoding=\"async\" class=\"alignnone size-medium\" src=\"https:\/\/blogger.googleusercontent.com\/img\/b\/R29vZ2xl\/AVvXsEi8_n_ll8UOcGxCqzFvb_9Io4ICczlGC990BPtPj2w9Px-u7B3oqWUW5vtjZUqPNJ-nyjiUIorE0ATsib_l5tV8BVN-UJ03RTnU__IHJF_4DgDBtY4LIqXNG-FomrO-7ywes20CBCRM2Hcm7EJSh3UUw1dO-c_uTflUrtgY1i7uBRezj_DpympmEFkfbQY\/s1600\/logo-principal2.jpg\" width=\"100%\" height=\"100\" \/><\/a><!--bestpublic-voz03--><!--desk-in-out-voz03--><br \/>\n<!--publicidad-voz04--><a href=\"https:\/\/www.facebook.com\/profile.php?id=61557370768692&amp;locale=es_ES\"><img decoding=\"async\" class=\"alignnone size-medium\" src=\"https:\/\/blogger.googleusercontent.com\/img\/b\/R29vZ2xl\/AVvXsEgy5RdcfffrnrItnYTcV9bCJjgJwldsQLWssfVfrLbyfXeBNTFKgBf0rMIvhrUaGUhiXzVr9_eQgCbi-j63ZDpfTvLIty9w7s140y-m1yHe7eKmEK7v2NAHUJDVYGdfeiQFeRCqUjdwWmN1MX_AUxxz4IVdJ4WIM0APxit8bjWkXzrnEFGqBvW_1F13H1g\/s1600\/logo-principal5.jpg\" width=\"100%\" height=\"100\" \/><\/a><!--bestpublic-voz04--><!--desk-in-out-voz04--><br \/>\n<!--publicidad-voz05--><a href=\"https:\/\/www.facebook.com\/asociaciontamborileroshellin?locale=es_ES\"><img decoding=\"async\" class=\"alignnone size-medium\" src=\"https:\/\/blogger.googleusercontent.com\/img\/b\/R29vZ2xl\/AVvXsEhHEEpZsKK1VpwiYMrS7aE2ujtqIDZoLd4B5wtbiseSU9s2HdTdQfhF84So2XwEB1fv0BLw95GADm6hUl1bkKtzh-eIgVigXONuu_5RxeIMPhjk8q6uNX4EaEHbooKkbu7pCADWPpVJjhKIH5NQSJpWqedC-YBez4QAQeJYokkLot9bhrIaUAeztsGis6M\/s1600\/logo-principal3.jpg\" width=\"100%\" height=\"100\" \/><\/a><!--bestpublic-voz05--><!--desk-in-out-voz05--><br \/>\n<!--publicidad-voz06--><!--bestpublic-voz06--><!--desk-in-out-voz06--><br \/>\n<!--publicidad-voz07--><!--bestpublic-voz07--><!--desk-in-out-voz07--><br \/>\n<!--publicidad-voz08--><!--bestpublic-voz08--><!--desk-in-out-voz08--><br \/>\n<!--publicidad-voz09--><!--bestpublic-voz09--><!--desk-in-out-voz09--><br \/>\n<!--publicidad-voz10--><!--bestpublic-voz10--><!--desk-in-out-voz10--><br \/>\n<!--publicidad-voz11--><!--bestpublic-voz11--><!--desk-in-out-voz11--><br \/>\n<!--publicidad-voz12--><!--bestpublic-voz12--><!--desk-in-out-voz12--><br \/>\n<!--publicidad-voz13--><!--bestpublic-voz13--><!--desk-in-out-voz13--><br \/>\n<!--publicidad-voz14--><!--bestpublic-voz14--><!--desk-in-out-voz14--><br \/>\n<!--publicidad-voz15--><!--bestpublic-voz15--><!--desk-in-out-voz15--><br \/>\n<!--publicidad-voz16--><!--bestpublic-voz16--><!--desk-in-out-voz16--><\/p>\n","protected":false},"excerpt":{"rendered":"<p>En una muestra clara de apoyo y reconocimiento, el presidente de la Diputaci\u00f3n de Albacete, Santi Caba\u00f1ero, y el diputado de Deportes y Juventud, Dani Sancha, han visitado las pistas&#8230;<\/p>\n","protected":false},"author":2,"featured_media":150030,"comment_status":"closed","ping_status":"closed","sticky":false,"template":"","format":"standard","meta":{"footnotes":""},"categories":[754,718,715,716,717],"tags":[],"class_list":["post-150029","post","type-post","status-publish","format-standard","has-post-thumbnail","hentry","category-blog-lv035","category-blogger","category-la-voz-de-hellin","category-la-voz-de-hellin-la-voz-de-hellin","category-noticias"],"_links":{"self":[{"href":"https:\/\/lavozdehellin.com\/noticias\/wp-json\/wp\/v2\/posts\/150029","targetHints":{"allow":["GET"]}}],"collection":[{"href":"https:\/\/lavozdehellin.com\/noticias\/wp-json\/wp\/v2\/posts"}],"about":[{"href":"https:\/\/lavozdehellin.com\/noticias\/wp-json\/wp\/v2\/types\/post"}],"author":[{"embeddable":true,"href":"https:\/\/lavozdehellin.com\/noticias\/wp-json\/wp\/v2\/users\/2"}],"replies":[{"embeddable":true,"href":"https:\/\/lavozdehellin.com\/noticias\/wp-json\/wp\/v2\/comments?post=150029"}],"version-history":[{"count":0,"href":"https:\/\/lavozdehellin.com\/noticias\/wp-json\/wp\/v2\/posts\/150029\/revisions"}],"wp:featuredmedia":[{"embeddable":true,"href":"https:\/\/lavozdehellin.com\/noticias\/wp-json\/wp\/v2\/media\/150030"}],"wp:attachment":[{"href":"https:\/\/lavozdehellin.com\/noticias\/wp-json\/wp\/v2\/media?parent=150029"}],"wp:term":[{"taxonomy":"category","embeddable":true,"href":"https:\/\/lavozdehellin.com\/noticias\/wp-json\/wp\/v2\/categories?post=150029"},{"taxonomy":"post_tag","embeddable":true,"href":"https:\/\/lavozdehellin.com\/noticias\/wp-json\/wp\/v2\/tags?post=150029"}],"curies":[{"name":"wp","href":"https:\/\/api.w.org\/{rel}","templated":true}]}}