{"id":150035,"date":"2024-04-25T11:48:57","date_gmt":"2024-04-25T09:48:57","guid":{"rendered":"https:\/\/lavozdehellin.com\/noticias\/?p=150035"},"modified":"2024-04-26T12:22:31","modified_gmt":"2024-04-26T10:22:31","slug":"v08-536-la-diputacion-de-albacete-participa-en-la-jornada-regional-sobre-seguridad-laboral-y-derechos-de-las-personas-trabajadoras-impulsada-por-ugt","status":"publish","type":"post","link":"https:\/\/lavozdehellin.com\/noticias\/v08-536-la-diputacion-de-albacete-participa-en-la-jornada-regional-sobre-seguridad-laboral-y-derechos-de-las-personas-trabajadoras-impulsada-por-ugt\/","title":{"rendered":"LVH NOTICIAS | LA DIPUTACI\u00d3N DE ALBACETE PARTICIPA EN LA JORNADA REGIONAL SOBRE SEGURIDAD LABORAL Y DERECHOS DE LAS PERSONAS TRABAJADORAS IMPULSADA POR UGT"},"content":{"rendered":"<p style=\"text-align: justify;\">El diputado provincial del \u00c1rea Social, Jos\u00e9 Gonz\u00e1lez, ha participado en la presentaci\u00f3n de la jornada regional \u2018Promoviendo la Seguridad Laboral y los Derechos de los Trabajadores: tolerancia cero frente a los accidentes laborales y delitos laborales\u2019, organizada por la Uni\u00f3n General de Trabajadores (UGT) en el marco del D\u00eda Mundial de la Seguridad y la Salud en el Trabajo que se conmemora cada 28 de abril, y este a\u00f1o lo hace poniendo el foco en c\u00f3mo la crisis clim\u00e1tica afecta a esta cuesti\u00f3n.<\/p>\n<p><!--more--><br \/>\n<!--publicidad-voz01--><a href=\"https:\/\/www.facebook.com\/SoloRadioHellin\/?locale=es_ES\"><img decoding=\"async\" class=\"alignnone size-medium\" src=\"https:\/\/blogger.googleusercontent.com\/img\/b\/R29vZ2xl\/AVvXsEiNncirNnyGedv00mhjZjh5Wl4_YPdJGanoAl8tL8zH-HwqE8uHqjEfSt340RHdx-9tuCSIkZ8rFamZiGyYlgDGxCsmXjCH_1xk5eYM3ntFZRvJP_jndOKR7w1UAo9Tu0vrZyOLfqRpHIxYI5SymJJ-pfGCQw6QVpggBH-UgfjiFQ2JOxqxG0Jx94kW83c\/s1600\/logo-principal.jpg\" width=\"100%\" height=\"100\" \/><\/a><!--bestpublic-voz01--><!--desk-in-out-voz01--><br \/>\n<!--publicidad-voz02--><a href=\"https:\/\/www.hellincf.com\/\"><img decoding=\"async\" class=\"alignnone size-medium\" src=\"https:\/\/blogger.googleusercontent.com\/img\/b\/R29vZ2xl\/AVvXsEhuZ4-XfBVj3UtdP8-RZugy3WVrg-Zv28c53m4oV47qYCxL1rX_dqWX_YddsGSnpH5SRDqZ7bZeKPIfDVCDncpjVlhy3aQs2vojcJBn7Gdv9hC2_Nzct_pRFrnFE1a7KTCdY1bT_kAgnY3-iadRZrGeJf1fR2P5fu11bokx0pWjaypoy-ctwCjklldpEbA\/s1600\/logo-principal7.jpg\" width=\"100%\" height=\"100\" \/><\/a><!--bestpublic-voz02--><!--desk-in-out-voz02--><\/p>\n<p style=\"text-align: justify;\">Felicitando por esta iniciativa al sindicato en la figura de su secretario general en Albacete, Francisco Javier Gonz\u00e1lez, y agradeci\u00e9ndole la elecci\u00f3n de esta provincia para \u201cuna cita de este calado\u201d, el responsable provincial ha se\u00f1alado idoneidad de la misma, recordado que los temas que aborda est\u00e1n protegidos en la propia Constituci\u00f3n Espa\u00f1ola, en su art\u00edculo 40.2.<\/p>\n<p style=\"text-align: justify;\">En esta l\u00ednea, el responsable del \u00c1rea Social ha apuntado que es fundamental avanzar en materia de prevenci\u00f3n, \u201cen el marco del di\u00e1logo social\u201d, para mejorar la seguridad y la salud en el trabajo, a\u00f1adiendo la salud mental y el bienestar psicosocial como \u201cagentes fundamentales\u201d.<\/p>\n<p style=\"text-align: justify;\">Adem\u00e1s, ha dejado claro que esta cita es un espacio id\u00f3neo \u201cpara reivindicar el trabajo decente y condiciones de trabajo dignas, seguras y saludables; para visibilizar la lacra social que es la siniestralidad laboral; y para reafirmar nuestro compromiso con la acci\u00f3n sindical y en la defensa de la salud de las personas trabajadoras\u201d.<\/p>\n<p style=\"text-align: justify;\">Por ello, Jos\u00e9 Gonz\u00e1lez ha dejado claro que desde la Diputaci\u00f3n de Albacete se suman a esta jornada agradeciendo a UGT su trabajo en esta materia y tendi\u00e9ndole la mano para sumar esfuerzos en esta direcci\u00f3n, advirtiendo que al hablar de seguridad laboral tambi\u00e9n se habla de empleo de calidad, de derechos laborales, de fomentar el di\u00e1logo social o de protecci\u00f3n social, \u201cen definitiva, hablamos de elementos necesarios para avanzar hacia una sociedad justa en la que no existan desigualdades, que est\u00e1n tambi\u00e9n en la base de la precariedad laboral\u201d.<\/p>\n<p style=\"text-align: justify;\">Tambi\u00e9n han participado otros miembros de la Corporaci\u00f3n Provincial del Grupo Popular, as\u00ed como el subdelegado del Gobierno en Albacete, Miguel Juan Espinosa; el delegado provincial de Econom\u00eda, Empresas y Empleo, Nicol\u00e1s Merino; y el teniente de alcalde en el Ayuntamiento de Albacete, Francisco Navarro.<\/p>\n<p><!--publicidad-voz03--><a href=\"https:\/\/www.facebook.com\/profile.php?id=100063593791305&amp;locale=es_ES\"><img decoding=\"async\" class=\"alignnone size-medium\" src=\"https:\/\/blogger.googleusercontent.com\/img\/b\/R29vZ2xl\/AVvXsEi8_n_ll8UOcGxCqzFvb_9Io4ICczlGC990BPtPj2w9Px-u7B3oqWUW5vtjZUqPNJ-nyjiUIorE0ATsib_l5tV8BVN-UJ03RTnU__IHJF_4DgDBtY4LIqXNG-FomrO-7ywes20CBCRM2Hcm7EJSh3UUw1dO-c_uTflUrtgY1i7uBRezj_DpympmEFkfbQY\/s1600\/logo-principal2.jpg\" width=\"100%\" height=\"100\" \/><\/a><!--bestpublic-voz03--><!--desk-in-out-voz03--><br \/>\n<!--publicidad-voz04--><a href=\"https:\/\/www.facebook.com\/profile.php?id=61557370768692&amp;locale=es_ES\"><img decoding=\"async\" class=\"alignnone size-medium\" src=\"https:\/\/blogger.googleusercontent.com\/img\/b\/R29vZ2xl\/AVvXsEgy5RdcfffrnrItnYTcV9bCJjgJwldsQLWssfVfrLbyfXeBNTFKgBf0rMIvhrUaGUhiXzVr9_eQgCbi-j63ZDpfTvLIty9w7s140y-m1yHe7eKmEK7v2NAHUJDVYGdfeiQFeRCqUjdwWmN1MX_AUxxz4IVdJ4WIM0APxit8bjWkXzrnEFGqBvW_1F13H1g\/s1600\/logo-principal5.jpg\" width=\"100%\" height=\"100\" \/><\/a><!--bestpublic-voz04--><!--desk-in-out-voz04--><br \/>\n<!--publicidad-voz05--><a href=\"https:\/\/www.facebook.com\/asociaciontamborileroshellin?locale=es_ES\"><img decoding=\"async\" class=\"alignnone size-medium\" src=\"https:\/\/blogger.googleusercontent.com\/img\/b\/R29vZ2xl\/AVvXsEhHEEpZsKK1VpwiYMrS7aE2ujtqIDZoLd4B5wtbiseSU9s2HdTdQfhF84So2XwEB1fv0BLw95GADm6hUl1bkKtzh-eIgVigXONuu_5RxeIMPhjk8q6uNX4EaEHbooKkbu7pCADWPpVJjhKIH5NQSJpWqedC-YBez4QAQeJYokkLot9bhrIaUAeztsGis6M\/s1600\/logo-principal3.jpg\" width=\"100%\" height=\"100\" \/><\/a><!--bestpublic-voz05--><!--desk-in-out-voz05--><br \/>\n<!--publicidad-voz06--><!--bestpublic-voz06--><!--desk-in-out-voz06--><br \/>\n<!--publicidad-voz07--><!--bestpublic-voz07--><!--desk-in-out-voz07--><br \/>\n<!--publicidad-voz08--><!--bestpublic-voz08--><!--desk-in-out-voz08--><br \/>\n<!--publicidad-voz09--><!--bestpublic-voz09--><!--desk-in-out-voz09--><br \/>\n<!--publicidad-voz10--><!--bestpublic-voz10--><!--desk-in-out-voz10--><br \/>\n<!--publicidad-voz11--><!--bestpublic-voz11--><!--desk-in-out-voz11--><br \/>\n<!--publicidad-voz12--><!--bestpublic-voz12--><!--desk-in-out-voz12--><br \/>\n<!--publicidad-voz13--><!--bestpublic-voz13--><!--desk-in-out-voz13--><br \/>\n<!--publicidad-voz14--><!--bestpublic-voz14--><!--desk-in-out-voz14--><br \/>\n<!--publicidad-voz15--><!--bestpublic-voz15--><!--desk-in-out-voz15--><br \/>\n<!--publicidad-voz16--><!--bestpublic-voz16--><!--desk-in-out-voz16--><\/p>\n","protected":false},"excerpt":{"rendered":"<p>El diputado provincial del \u00c1rea Social, Jos\u00e9 Gonz\u00e1lez, ha participado en la presentaci\u00f3n de la jornada regional \u2018Promoviendo la Seguridad Laboral y los Derechos de los Trabajadores: tolerancia cero frente&#8230;<\/p>\n","protected":false},"author":2,"featured_media":150036,"comment_status":"closed","ping_status":"closed","sticky":false,"template":"","format":"standard","meta":{"footnotes":""},"categories":[754,718,715,716,717],"tags":[],"class_list":["post-150035","post","type-post","status-publish","format-standard","has-post-thumbnail","hentry","category-blog-lv035","category-blogger","category-la-voz-de-hellin","category-la-voz-de-hellin-la-voz-de-hellin","category-noticias"],"_links":{"self":[{"href":"https:\/\/lavozdehellin.com\/noticias\/wp-json\/wp\/v2\/posts\/150035","targetHints":{"allow":["GET"]}}],"collection":[{"href":"https:\/\/lavozdehellin.com\/noticias\/wp-json\/wp\/v2\/posts"}],"about":[{"href":"https:\/\/lavozdehellin.com\/noticias\/wp-json\/wp\/v2\/types\/post"}],"author":[{"embeddable":true,"href":"https:\/\/lavozdehellin.com\/noticias\/wp-json\/wp\/v2\/users\/2"}],"replies":[{"embeddable":true,"href":"https:\/\/lavozdehellin.com\/noticias\/wp-json\/wp\/v2\/comments?post=150035"}],"version-history":[{"count":0,"href":"https:\/\/lavozdehellin.com\/noticias\/wp-json\/wp\/v2\/posts\/150035\/revisions"}],"wp:featuredmedia":[{"embeddable":true,"href":"https:\/\/lavozdehellin.com\/noticias\/wp-json\/wp\/v2\/media\/150036"}],"wp:attachment":[{"href":"https:\/\/lavozdehellin.com\/noticias\/wp-json\/wp\/v2\/media?parent=150035"}],"wp:term":[{"taxonomy":"category","embeddable":true,"href":"https:\/\/lavozdehellin.com\/noticias\/wp-json\/wp\/v2\/categories?post=150035"},{"taxonomy":"post_tag","embeddable":true,"href":"https:\/\/lavozdehellin.com\/noticias\/wp-json\/wp\/v2\/tags?post=150035"}],"curies":[{"name":"wp","href":"https:\/\/api.w.org\/{rel}","templated":true}]}}