{"id":150061,"date":"2024-04-24T18:26:56","date_gmt":"2024-04-24T16:26:56","guid":{"rendered":"https:\/\/lavozdehellin.com\/noticias\/?p=150061"},"modified":"2024-04-28T23:34:28","modified_gmt":"2024-04-28T21:34:28","slug":"v08-540-el-ayuntamiento-convoca-8-plazas-de-la-especialidad-pintura-decorativa-en-construccion-para-el-programa-recual-decora-hellin-ii","status":"publish","type":"post","link":"https:\/\/lavozdehellin.com\/noticias\/v08-540-el-ayuntamiento-convoca-8-plazas-de-la-especialidad-pintura-decorativa-en-construccion-para-el-programa-recual-decora-hellin-ii\/","title":{"rendered":"LVH NOTICIAS | EL AYUNTAMIENTO CONVOCA 8 PLAZAS DE LA ESPECIALIDAD PINTURA DECORATIVA EN CONSTRUCCI\u00d3N PARA EL PROGRAMA RECUAL \u201cDECORA HELLIN II\u201d"},"content":{"rendered":"<p style=\"text-align: justify;\">El Ayuntamiento convoca 8 plazas de la especialidad Pintura decorativa en construcci\u00f3n para el Programa Recual \u201cDECORA HELLIN II\u201d<\/p>\n<p><!--more--><br \/>\n<!--publicidad-voz01--><a href=\"https:\/\/www.facebook.com\/SoloRadioHellin\/?locale=es_ES\"><img decoding=\"async\" class=\"alignnone size-medium\" src=\"https:\/\/blogger.googleusercontent.com\/img\/b\/R29vZ2xl\/AVvXsEiNncirNnyGedv00mhjZjh5Wl4_YPdJGanoAl8tL8zH-HwqE8uHqjEfSt340RHdx-9tuCSIkZ8rFamZiGyYlgDGxCsmXjCH_1xk5eYM3ntFZRvJP_jndOKR7w1UAo9Tu0vrZyOLfqRpHIxYI5SymJJ-pfGCQw6QVpggBH-UgfjiFQ2JOxqxG0Jx94kW83c\/s1600\/logo-principal.jpg\" width=\"100%\" height=\"100\" \/><\/a><!--bestpublic-voz01--><!--desk-in-out-voz01--><br \/>\n<!--publicidad-voz02--><a href=\"https:\/\/www.hellincf.com\/\"><img decoding=\"async\" class=\"alignnone size-medium\" src=\"https:\/\/blogger.googleusercontent.com\/img\/b\/R29vZ2xl\/AVvXsEhuZ4-XfBVj3UtdP8-RZugy3WVrg-Zv28c53m4oV47qYCxL1rX_dqWX_YddsGSnpH5SRDqZ7bZeKPIfDVCDncpjVlhy3aQs2vojcJBn7Gdv9hC2_Nzct_pRFrnFE1a7KTCdY1bT_kAgnY3-iadRZrGeJf1fR2P5fu11bokx0pWjaypoy-ctwCjklldpEbA\/s1600\/logo-principal7.jpg\" width=\"100%\" height=\"100\" \/><\/a><!--bestpublic-voz02--><!--desk-in-out-voz02--><\/p>\n<p style=\"text-align: justify;\">Para este mismo programa se convocar\u00e1n dos plazas para un director-t\u00e9cnico-administrativo y un docente.<\/p>\n<p style=\"text-align: justify;\">La concejal\u00eda de Empleo y Formaci\u00f3n ha presentado el Programa RECUAL, por el que se contratar\u00e1n a 8 personas bajo la modalidad de contrato para la formaci\u00f3n en alternancia, con una duraci\u00f3n de seis meses. La prestaci\u00f3n de servicios se realizar\u00e1, con car\u00e1cter general de lunes a viernes, a jornada completa de 40 horas semanales; percibiendo el salario m\u00ednimo interprofesional vigente, en la actualidad fijado en 1.134 euros.<\/p>\n<p style=\"text-align: justify;\">Tendr\u00e1n prioridad las personas desempleadas de larga duraci\u00f3n, menores de 45 a\u00f1os, personas con discapacidad o en situaci\u00f3n de exclusi\u00f3n social, las mujeres v\u00edctimas de violencia de g\u00e9nero, las personas v\u00edctimas de terrorismo y aquellas con responsabilidades familiares.<\/p>\n<p style=\"text-align: justify;\">El plazo de presentaci\u00f3n de instancias estar\u00e1 abierto hasta el 9 de Mayo. Las solicitudes, se presentar\u00e1n, debidamente cumplimentadas, en el Registro General del Ayuntamiento de Hell\u00edn.<\/p>\n<p style=\"text-align: justify;\">Las bases de la convocatoria se pueden consultar en el tabl\u00f3n de anuncios del ayuntamiento: https:\/\/hellin.sedipualba.es\/tablondeanuncios\/, en la entrada del 23 de abril de 2024:<\/p>\n<p style=\"text-align: justify;\">BASES SELECCI\u00d3N 8 ALUMNOS\/AS-TRABAJADORES\/AS PARA EL PROGRAMA RECUAL DECORA HELL\u00cdN II<\/p>\n<p style=\"text-align: justify;\">Los contratos de director t\u00e9cnico administrativo y docente de pintura tendr\u00e1n igualmente una duraci\u00f3n de 6 meses; y sus bases se pueden consultar igualmente en el tabl\u00f3n de anuncios del ayuntamiento:<\/p>\n<p style=\"text-align: justify;\">https:\/\/hellin.sedipualba.es\/tablondeanuncios\/, en la entrada del 23 de abril de 2024:<\/p>\n<p style=\"text-align: justify;\">BASES SELECCI\u00d3N 8 ALUMNOS\/AS-TRABAJADORES\/AS PARA EL PROGRAMA RECUAL DECORA HELL\u00cdN II<\/p>\n<p><!--publicidad-voz03--><a href=\"https:\/\/www.facebook.com\/profile.php?id=100063593791305&amp;locale=es_ES\"><img decoding=\"async\" class=\"alignnone size-medium\" src=\"https:\/\/blogger.googleusercontent.com\/img\/b\/R29vZ2xl\/AVvXsEi8_n_ll8UOcGxCqzFvb_9Io4ICczlGC990BPtPj2w9Px-u7B3oqWUW5vtjZUqPNJ-nyjiUIorE0ATsib_l5tV8BVN-UJ03RTnU__IHJF_4DgDBtY4LIqXNG-FomrO-7ywes20CBCRM2Hcm7EJSh3UUw1dO-c_uTflUrtgY1i7uBRezj_DpympmEFkfbQY\/s1600\/logo-principal2.jpg\" width=\"100%\" height=\"100\" \/><\/a><!--bestpublic-voz03--><!--desk-in-out-voz03--><br \/>\n<!--publicidad-voz04--><a href=\"https:\/\/www.facebook.com\/profile.php?id=61557370768692&amp;locale=es_ES\"><img decoding=\"async\" class=\"alignnone size-medium\" src=\"https:\/\/blogger.googleusercontent.com\/img\/b\/R29vZ2xl\/AVvXsEgy5RdcfffrnrItnYTcV9bCJjgJwldsQLWssfVfrLbyfXeBNTFKgBf0rMIvhrUaGUhiXzVr9_eQgCbi-j63ZDpfTvLIty9w7s140y-m1yHe7eKmEK7v2NAHUJDVYGdfeiQFeRCqUjdwWmN1MX_AUxxz4IVdJ4WIM0APxit8bjWkXzrnEFGqBvW_1F13H1g\/s1600\/logo-principal5.jpg\" width=\"100%\" height=\"100\" \/><\/a><!--bestpublic-voz04--><!--desk-in-out-voz04--><br \/>\n<!--publicidad-voz05--><a href=\"https:\/\/www.facebook.com\/asociaciontamborileroshellin?locale=es_ES\"><img decoding=\"async\" class=\"alignnone size-medium\" src=\"https:\/\/blogger.googleusercontent.com\/img\/b\/R29vZ2xl\/AVvXsEhHEEpZsKK1VpwiYMrS7aE2ujtqIDZoLd4B5wtbiseSU9s2HdTdQfhF84So2XwEB1fv0BLw95GADm6hUl1bkKtzh-eIgVigXONuu_5RxeIMPhjk8q6uNX4EaEHbooKkbu7pCADWPpVJjhKIH5NQSJpWqedC-YBez4QAQeJYokkLot9bhrIaUAeztsGis6M\/s1600\/logo-principal3.jpg\" width=\"100%\" height=\"100\" \/><\/a><!--bestpublic-voz05--><!--desk-in-out-voz05--><br \/>\n<!--publicidad-voz06--><!--bestpublic-voz06--><!--desk-in-out-voz06--><br \/>\n<!--publicidad-voz07--><!--bestpublic-voz07--><!--desk-in-out-voz07--><br \/>\n<!--publicidad-voz08--><!--bestpublic-voz08--><!--desk-in-out-voz08--><br \/>\n<!--publicidad-voz09--><!--bestpublic-voz09--><!--desk-in-out-voz09--><br \/>\n<!--publicidad-voz10--><!--bestpublic-voz10--><!--desk-in-out-voz10--><br \/>\n<!--publicidad-voz11--><!--bestpublic-voz11--><!--desk-in-out-voz11--><br \/>\n<!--publicidad-voz12--><!--bestpublic-voz12--><!--desk-in-out-voz12--><br \/>\n<!--publicidad-voz13--><!--bestpublic-voz13--><!--desk-in-out-voz13--><br \/>\n<!--publicidad-voz14--><!--bestpublic-voz14--><!--desk-in-out-voz14--><br \/>\n<!--publicidad-voz15--><!--bestpublic-voz15--><!--desk-in-out-voz15--><br \/>\n<!--publicidad-voz16--><!--bestpublic-voz16--><!--desk-in-out-voz16--><\/p>\n","protected":false},"excerpt":{"rendered":"<p>El Ayuntamiento convoca 8 plazas de la especialidad Pintura decorativa en construcci\u00f3n para el Programa Recual \u201cDECORA HELLIN II\u201d<\/p>\n","protected":false},"author":2,"featured_media":150062,"comment_status":"closed","ping_status":"closed","sticky":false,"template":"","format":"standard","meta":{"footnotes":""},"categories":[754,718,715,716,717],"tags":[],"class_list":["post-150061","post","type-post","status-publish","format-standard","has-post-thumbnail","hentry","category-blog-lv035","category-blogger","category-la-voz-de-hellin","category-la-voz-de-hellin-la-voz-de-hellin","category-noticias"],"_links":{"self":[{"href":"https:\/\/lavozdehellin.com\/noticias\/wp-json\/wp\/v2\/posts\/150061","targetHints":{"allow":["GET"]}}],"collection":[{"href":"https:\/\/lavozdehellin.com\/noticias\/wp-json\/wp\/v2\/posts"}],"about":[{"href":"https:\/\/lavozdehellin.com\/noticias\/wp-json\/wp\/v2\/types\/post"}],"author":[{"embeddable":true,"href":"https:\/\/lavozdehellin.com\/noticias\/wp-json\/wp\/v2\/users\/2"}],"replies":[{"embeddable":true,"href":"https:\/\/lavozdehellin.com\/noticias\/wp-json\/wp\/v2\/comments?post=150061"}],"version-history":[{"count":0,"href":"https:\/\/lavozdehellin.com\/noticias\/wp-json\/wp\/v2\/posts\/150061\/revisions"}],"wp:featuredmedia":[{"embeddable":true,"href":"https:\/\/lavozdehellin.com\/noticias\/wp-json\/wp\/v2\/media\/150062"}],"wp:attachment":[{"href":"https:\/\/lavozdehellin.com\/noticias\/wp-json\/wp\/v2\/media?parent=150061"}],"wp:term":[{"taxonomy":"category","embeddable":true,"href":"https:\/\/lavozdehellin.com\/noticias\/wp-json\/wp\/v2\/categories?post=150061"},{"taxonomy":"post_tag","embeddable":true,"href":"https:\/\/lavozdehellin.com\/noticias\/wp-json\/wp\/v2\/tags?post=150061"}],"curies":[{"name":"wp","href":"https:\/\/api.w.org\/{rel}","templated":true}]}}