{"id":150238,"date":"2024-05-06T21:03:33","date_gmt":"2024-05-06T19:03:33","guid":{"rendered":"https:\/\/lavozdehellin.com\/noticias\/?p=150238"},"modified":"2024-05-07T16:58:19","modified_gmt":"2024-05-07T14:58:19","slug":"v08-581-el-diputado-provincial-de-hidrogeologia-reitera-el-compromiso-de-la-diputacion-de-albacete-en-torno-al-uso-sostenible-y-eficiente-del-agua","status":"publish","type":"post","link":"https:\/\/lavozdehellin.com\/noticias\/v08-581-el-diputado-provincial-de-hidrogeologia-reitera-el-compromiso-de-la-diputacion-de-albacete-en-torno-al-uso-sostenible-y-eficiente-del-agua\/","title":{"rendered":"LVH NOTICIAS | EL DIPUTADO PROVINCIAL DE HIDROGEOLOG\u00cdA REITERA EL COMPROMISO DE LA DIPUTACI\u00d3N DE ALBACETE EN TORNO AL USO SOSTENIBLE Y EFICIENTE DEL AGUA"},"content":{"rendered":"<p style=\"text-align: justify;\">El diputado provincial responsable del \u00c1rea de Hidrogeolog\u00eda, Jos\u00e9 Antonio Calvo, ha participado en la Jornada \u2018ODS 6: Agua limpia y saneamiento\u2019, celebradas en el Centro Asociado de la UNED en Albacete, en la que se ha abordado este tem\u00e1tica desde diferentes puntos de vista, y cuyo director, Rafael Mart\u00ednez, tambi\u00e9n ha estado presente.<\/p>\n<p><!--more--><br \/>\n<!--publicidad-voz01--><a href=\"https:\/\/www.facebook.com\/SoloRadioHellin\/?locale=es_ES\"><img decoding=\"async\" class=\"alignnone size-medium\" src=\"https:\/\/blogger.googleusercontent.com\/img\/b\/R29vZ2xl\/AVvXsEiNncirNnyGedv00mhjZjh5Wl4_YPdJGanoAl8tL8zH-HwqE8uHqjEfSt340RHdx-9tuCSIkZ8rFamZiGyYlgDGxCsmXjCH_1xk5eYM3ntFZRvJP_jndOKR7w1UAo9Tu0vrZyOLfqRpHIxYI5SymJJ-pfGCQw6QVpggBH-UgfjiFQ2JOxqxG0Jx94kW83c\/s1600\/logo-principal.jpg\" width=\"100%\" height=\"100\" \/><\/a><!--bestpublic-voz01--><!--desk-in-out-voz01--><br \/>\n<!--publicidad-voz02--><a href=\"https:\/\/www.hellincf.com\/\"><img decoding=\"async\" class=\"alignnone size-medium\" src=\"https:\/\/blogger.googleusercontent.com\/img\/b\/R29vZ2xl\/AVvXsEhuZ4-XfBVj3UtdP8-RZugy3WVrg-Zv28c53m4oV47qYCxL1rX_dqWX_YddsGSnpH5SRDqZ7bZeKPIfDVCDncpjVlhy3aQs2vojcJBn7Gdv9hC2_Nzct_pRFrnFE1a7KTCdY1bT_kAgnY3-iadRZrGeJf1fR2P5fu11bokx0pWjaypoy-ctwCjklldpEbA\/s1600\/logo-principal7.jpg\" width=\"100%\" height=\"100\" \/><\/a><!--bestpublic-voz02--><!--desk-in-out-voz02--><\/p>\n<p style=\"text-align: justify;\">En concreto, Calvo ha intervenido en el coloquio que ha cerrado esta iniciativa, bajo el t\u00edtulo \u2018Desaf\u00edos en la gesti\u00f3n del agua\u2019. Junto a Amelia P\u00e9rez Zabaleta, directora de C\u00e1tedra Aquae de Econom\u00eda del Agua y codirectora de la C\u00e1tedra UNESCO en Agua y Paz; a Jos\u00e9 Belda Amoresi, director gerente de Aguas de Albacete; y a Francisco Guti\u00e9rrez Visier, asesor legal de la Junta Central de Regantes de la Mancha Oriental (JCRMO), el responsable provincial ha puesto de manifiesto el compromiso de la Diputaci\u00f3n de Albacete con los ODS de la Agenda 2030, as\u00ed como en materia de eficiencia y concienciaci\u00f3n h\u00eddrica.<\/p>\n<p style=\"text-align: justify;\">Advirtiendo que uno de esos grandes desaf\u00edos en lo relativo al abastecimiento y saneamiento est\u00e1 vinculado con el envejecimiento de las redes y con las fugas, Calvo ha se\u00f1alado que \u201cuno de cada diez litros que entra en la red se pierde\u201d, y ha incidido en la importancia de avanzar en materia de sensibilizaci\u00f3n ciudadana, as\u00ed como en lo relativo a la planificaci\u00f3n de acciones preventivas y de gesti\u00f3n eficaz de la mano de la actualizaci\u00f3n continuada del inventario de redes, mediante su sectorizaci\u00f3n o a trav\u00e9s de la renovaci\u00f3n de infraestructuras y su digitalizaci\u00f3n.<\/p>\n<p style=\"text-align: justify;\">En este sentido, ha mostrado su confianza en que la aplicaci\u00f3n de las nuevas tecnolog\u00edas en la gesti\u00f3n del agua favorecer\u00e1 esa gesti\u00f3n m\u00e1s eficiente, reducir\u00e1 las p\u00e9rdidas en el suministro y contribuir\u00e1 a cumplir los objetivos ambientales establecidos a nivel nacional e internacional. Una l\u00ednea de acci\u00f3n que ya est\u00e1 experimentando la propia Diputaci\u00f3n.<\/p>\n<p style=\"text-align: justify;\">Asimismo, el diputado provincial ha tenido la oportunidad de dar a conocer algunas de las actuaciones que desde la instituci\u00f3n se est\u00e1n llevando a cabo en este \u00e1mbito en coordinaci\u00f3n con el resto de administraciones y con una mirada especial a los gobiernos locales, \u201cque han venido demostrando su compromiso con el Objetivo de Desarrollo Sostenible n\u00famero 6 \u2018Agua limpia y Saneamiento\u2019. De hecho, cada vez es mayor el n\u00famero de acciones que, en el marco de Convocatorias de Ayudas provinciales (POS, Dipualba Responde\u2026), son destinadas por los consistorios a mejoras en sus redes de saneamiento y abastecimiento.<\/p>\n<p style=\"text-align: justify;\">Avanzando hacia un uso m\u00e1s eficiente del agua<\/p>\n<p style=\"text-align: justify;\">Adem\u00e1s, la Diputaci\u00f3n de Albacete, a trav\u00e9s de su Servicio de Hidrogeolog\u00eda, trabaja en esta direcci\u00f3n de forma alineada con los ODS de la Agenda 2030 prestando una importante labor de asesoramiento t\u00e9cnico \u201cespecialmente a los municipios m\u00e1s peque\u00f1os\u201d, y este 2024 ha concurrido a la segunda convocatoria de subvenciones del Proyecto Estrat\u00e9gico para la Recuperaci\u00f3n y Transformaci\u00f3n Econ\u00f3mica (PERTE) de Digitalizaci\u00f3n del Ciclo del Agua, iniciativa que forma parte del Plan de Recuperaci\u00f3n, Transformaci\u00f3n y Resiliencia (PRTR) del Gobierno de Espa\u00f1a, para desarrollar un sistema de control integral telem\u00e1tico del ciclo del agua, basado en inteligencia artificial, que llegar\u00e1 a las seis comarcas.<\/p>\n<p style=\"text-align: justify;\">Esto se une a iniciativas previas en las que la instituci\u00f3n, tambi\u00e9n a trav\u00e9s del PRTR, particip\u00f3 directamente en las subvenciones que, derivadas de la JCCM, han servido para que 25 localidades de la provincia con menos de 500 habitantes hayan podido mejorar, sin coste alguno para las arcas municipales, el abastecimiento de agua, o la \u2018experiencia piloto\u2019 que desarroll\u00f3 en Socovos para la instalaci\u00f3n de un Sistema de Telecontrol y Sensorizaci\u00f3n de la Red de Abastecimiento.<\/p>\n<p style=\"text-align: justify;\">Durante su intervenci\u00f3n, Calvo tambi\u00e9n ha puesto de relieve el papel de las entidades locales en la implementaci\u00f3n de los ODS de la Agenda 2030, incidiendo en la relevancia de ese ODS 6 para hacer frente, entre otras cuestiones, al cambio clim\u00e1tico, recordando que las p\u00e9rdidas econ\u00f3micas relativas al suministro de agua y saneamiento se estiman en torno al 1,5% del PIB de los pa\u00edses, seg\u00fan un estudio de la OMS, al tiempo que ha subrayado que \u201cel agua est\u00e1 en el centro del desarrollo sostenible tanto en t\u00e9rminos econ\u00f3micos como sociales y medioambientales\u201d.<\/p>\n<p style=\"text-align: justify;\">Durante la jornada tambi\u00e9n se ha visitado el Centro de Interpretaci\u00f3n del Agua de Albacete.<\/p>\n<p><!--publicidad-voz03--><a href=\"https:\/\/www.facebook.com\/profile.php?id=100063593791305&amp;locale=es_ES\"><img decoding=\"async\" class=\"alignnone size-medium\" src=\"https:\/\/blogger.googleusercontent.com\/img\/b\/R29vZ2xl\/AVvXsEi8_n_ll8UOcGxCqzFvb_9Io4ICczlGC990BPtPj2w9Px-u7B3oqWUW5vtjZUqPNJ-nyjiUIorE0ATsib_l5tV8BVN-UJ03RTnU__IHJF_4DgDBtY4LIqXNG-FomrO-7ywes20CBCRM2Hcm7EJSh3UUw1dO-c_uTflUrtgY1i7uBRezj_DpympmEFkfbQY\/s1600\/logo-principal2.jpg\" width=\"100%\" height=\"100\" \/><\/a><!--bestpublic-voz03--><!--desk-in-out-voz03--><br \/>\n<!--publicidad-voz04--><a href=\"https:\/\/www.facebook.com\/profile.php?id=61557370768692&amp;locale=es_ES\"><img decoding=\"async\" class=\"alignnone size-medium\" src=\"https:\/\/blogger.googleusercontent.com\/img\/b\/R29vZ2xl\/AVvXsEgy5RdcfffrnrItnYTcV9bCJjgJwldsQLWssfVfrLbyfXeBNTFKgBf0rMIvhrUaGUhiXzVr9_eQgCbi-j63ZDpfTvLIty9w7s140y-m1yHe7eKmEK7v2NAHUJDVYGdfeiQFeRCqUjdwWmN1MX_AUxxz4IVdJ4WIM0APxit8bjWkXzrnEFGqBvW_1F13H1g\/s1600\/logo-principal5.jpg\" width=\"100%\" height=\"100\" \/><\/a><!--bestpublic-voz04--><!--desk-in-out-voz04--><br \/>\n<!--publicidad-voz05--><a href=\"https:\/\/www.facebook.com\/asociaciontamborileroshellin?locale=es_ES\"><img decoding=\"async\" class=\"alignnone size-medium\" src=\"https:\/\/blogger.googleusercontent.com\/img\/b\/R29vZ2xl\/AVvXsEhHEEpZsKK1VpwiYMrS7aE2ujtqIDZoLd4B5wtbiseSU9s2HdTdQfhF84So2XwEB1fv0BLw95GADm6hUl1bkKtzh-eIgVigXONuu_5RxeIMPhjk8q6uNX4EaEHbooKkbu7pCADWPpVJjhKIH5NQSJpWqedC-YBez4QAQeJYokkLot9bhrIaUAeztsGis6M\/s1600\/logo-principal3.jpg\" width=\"100%\" height=\"100\" \/><\/a><!--bestpublic-voz05--><!--desk-in-out-voz05--><br \/>\n<!--publicidad-voz06--><!--bestpublic-voz06--><!--desk-in-out-voz06--><br \/>\n<!--publicidad-voz07--><!--bestpublic-voz07--><!--desk-in-out-voz07--><br \/>\n<!--publicidad-voz08--><!--bestpublic-voz08--><!--desk-in-out-voz08--><br \/>\n<!--publicidad-voz09--><!--bestpublic-voz09--><!--desk-in-out-voz09--><br \/>\n<!--publicidad-voz10--><!--bestpublic-voz10--><!--desk-in-out-voz10--><br \/>\n<!--publicidad-voz11--><!--bestpublic-voz11--><!--desk-in-out-voz11--><br \/>\n<!--publicidad-voz12--><!--bestpublic-voz12--><!--desk-in-out-voz12--><br \/>\n<!--publicidad-voz13--><!--bestpublic-voz13--><!--desk-in-out-voz13--><br \/>\n<!--publicidad-voz14--><!--bestpublic-voz14--><!--desk-in-out-voz14--><br \/>\n<!--publicidad-voz15--><!--bestpublic-voz15--><!--desk-in-out-voz15--><br \/>\n<!--publicidad-voz16--><!--bestpublic-voz16--><!--desk-in-out-voz16--><\/p>\n","protected":false},"excerpt":{"rendered":"<p>El diputado provincial responsable del \u00c1rea de Hidrogeolog\u00eda, Jos\u00e9 Antonio Calvo, ha participado en la Jornada \u2018ODS 6: Agua limpia y saneamiento\u2019, celebradas en el Centro Asociado de la UNED&#8230;<\/p>\n","protected":false},"author":2,"featured_media":150239,"comment_status":"closed","ping_status":"closed","sticky":false,"template":"","format":"standard","meta":{"footnotes":""},"categories":[754,718,715,716,717],"tags":[],"class_list":["post-150238","post","type-post","status-publish","format-standard","has-post-thumbnail","hentry","category-blog-lv035","category-blogger","category-la-voz-de-hellin","category-la-voz-de-hellin-la-voz-de-hellin","category-noticias"],"_links":{"self":[{"href":"https:\/\/lavozdehellin.com\/noticias\/wp-json\/wp\/v2\/posts\/150238","targetHints":{"allow":["GET"]}}],"collection":[{"href":"https:\/\/lavozdehellin.com\/noticias\/wp-json\/wp\/v2\/posts"}],"about":[{"href":"https:\/\/lavozdehellin.com\/noticias\/wp-json\/wp\/v2\/types\/post"}],"author":[{"embeddable":true,"href":"https:\/\/lavozdehellin.com\/noticias\/wp-json\/wp\/v2\/users\/2"}],"replies":[{"embeddable":true,"href":"https:\/\/lavozdehellin.com\/noticias\/wp-json\/wp\/v2\/comments?post=150238"}],"version-history":[{"count":0,"href":"https:\/\/lavozdehellin.com\/noticias\/wp-json\/wp\/v2\/posts\/150238\/revisions"}],"wp:featuredmedia":[{"embeddable":true,"href":"https:\/\/lavozdehellin.com\/noticias\/wp-json\/wp\/v2\/media\/150239"}],"wp:attachment":[{"href":"https:\/\/lavozdehellin.com\/noticias\/wp-json\/wp\/v2\/media?parent=150238"}],"wp:term":[{"taxonomy":"category","embeddable":true,"href":"https:\/\/lavozdehellin.com\/noticias\/wp-json\/wp\/v2\/categories?post=150238"},{"taxonomy":"post_tag","embeddable":true,"href":"https:\/\/lavozdehellin.com\/noticias\/wp-json\/wp\/v2\/tags?post=150238"}],"curies":[{"name":"wp","href":"https:\/\/api.w.org\/{rel}","templated":true}]}}