{"id":151086,"date":"2024-06-09T10:29:39","date_gmt":"2024-06-09T08:29:39","guid":{"rendered":"https:\/\/lavozdehellin.com\/noticias\/?p=151086"},"modified":"2024-06-17T17:02:55","modified_gmt":"2024-06-17T15:02:55","slug":"v08-751-la-diputacion-de-albacete-avanza-en-su-compromiso-de-impulsar-el-acceso-a-la-cultura-de-la-mano-de-un-viaje-al-museo-nacional-thyssen","status":"publish","type":"post","link":"https:\/\/lavozdehellin.com\/noticias\/v08-751-la-diputacion-de-albacete-avanza-en-su-compromiso-de-impulsar-el-acceso-a-la-cultura-de-la-mano-de-un-viaje-al-museo-nacional-thyssen\/","title":{"rendered":"LVH NOTICIAS | LA DIPUTACI\u00d3N DE ALBACETE AVANZA EN SU COMPROMISO DE IMPULSAR EL ACCESO A LA CULTURA DE LA MANO DE UN VIAJE AL MUSEO NACIONAL THYSSEN"},"content":{"rendered":"<p style=\"text-align: justify;\">La Diputaci\u00f3n de Albacete ha organizado esta semana una visita al Museo Nacional Thyssen-Bornemisza, avanzando con paso firme en el compromiso del Gobierno provincial que preside Santi Caba\u00f1ero de democratizar el acceso a la cultura y dinamizar el conocimiento art\u00edstico.<\/p>\n<p><!--more--><br \/>\n<!--publicidad-voz01--><a href=\"https:\/\/www.facebook.com\/SoloRadioHellin\/?locale=es_ES\"><img decoding=\"async\" class=\"alignnone size-medium\" src=\"https:\/\/blogger.googleusercontent.com\/img\/b\/R29vZ2xl\/AVvXsEiNncirNnyGedv00mhjZjh5Wl4_YPdJGanoAl8tL8zH-HwqE8uHqjEfSt340RHdx-9tuCSIkZ8rFamZiGyYlgDGxCsmXjCH_1xk5eYM3ntFZRvJP_jndOKR7w1UAo9Tu0vrZyOLfqRpHIxYI5SymJJ-pfGCQw6QVpggBH-UgfjiFQ2JOxqxG0Jx94kW83c\/s1600\/logo-principal.jpg\" width=\"100%\" height=\"100\" \/><\/a><!--bestpublic-voz01--><!--desk-in-out-voz01--><br \/>\n<!--publicidad-voz02--><a href=\"https:\/\/www.hellincf.com\/\"><img decoding=\"async\" class=\"alignnone size-medium\" src=\"https:\/\/blogger.googleusercontent.com\/img\/b\/R29vZ2xl\/AVvXsEhuZ4-XfBVj3UtdP8-RZugy3WVrg-Zv28c53m4oV47qYCxL1rX_dqWX_YddsGSnpH5SRDqZ7bZeKPIfDVCDncpjVlhy3aQs2vojcJBn7Gdv9hC2_Nzct_pRFrnFE1a7KTCdY1bT_kAgnY3-iadRZrGeJf1fR2P5fu11bokx0pWjaypoy-ctwCjklldpEbA\/s1600\/logo-principal7.jpg\" width=\"100%\" height=\"100\" \/><\/a><!--bestpublic-voz02--><!--desk-in-out-voz02--><\/p>\n<p style=\"text-align: justify;\">La visita, organizada a trav\u00e9s del Servicio Provincial de Educaci\u00f3n y Cultura, se ha programado con ocasi\u00f3n de la celebraci\u00f3n de los 150 a\u00f1os de la primera exposici\u00f3n p\u00fablica que en 1874 supuso el comienzo oficial del movimiento impresionista, de la mano de aquellos artistas (Monet, Renoir, Degas, o C\u00e9zanne) opuestos al academicismo dominante que quisieron pintar la vida moderna.<\/p>\n<p style=\"text-align: justify;\">Esta actividad viene a poner el \u2018broche de oro\u2019 al programa que la instituci\u00f3n ha impulsado bajo el t\u00edtulo \u2018C\u00f3mo ser un pintor impresionista\u2026 y no morir en el intento\u2019. Un total de 12 conferencias impartidas por el doctor en Bellas Artes, Diego G\u00f3mez S\u00e1nchez, en otras tantas localidades de la provincia, que han reunido a m\u00e1s de 260 participantes.<\/p>\n<p style=\"text-align: justify;\">Finalmente, 150 de estas personas se han animado a formar parte de esta \u2018expedici\u00f3n cultural\u2019. Hombres y mujeres procedentes de Casas Ib\u00e1\u00f1ez, Higueruela, La Gineta, Almansa, Alpera, Barrax, Tarazona de la Mancha, Caudete, Pozo Ca\u00f1ada, Elche de la Sierra, Munera y Almansa, municipios donde se impartieron las conferencias con una buena acogida entre el mes de abril y mayo.<\/p>\n<p style=\"text-align: justify;\">Todas ellas, han disfrutado de esta experiencia enriquecedora, ampliando no s\u00f3lo su conocimiento en torno al Impresionismo, sino compartiendo una jornada con vecinos y vecinas de la provincia, con quienes tienen en com\u00fan su afici\u00f3n por el arte y la cultura de la mano de la Diputaci\u00f3n de Albacete que trabaja, como siempre que tiene oportunidad recuerda su m\u00e1ximo responsable, para que la cultura, al arte, al conocimiento\u2026 sean accesible al conjunto de la ciudadan\u00eda, enriqueciendo la vida de las personas y tambi\u00e9n la de los pueblos y ciudades albacetenses.<\/p>\n<p style=\"text-align: justify;\">De hecho, esta actividad, que ha incluido el transporte y las entradas a cargo de la instituci\u00f3n provincial, ha hecho posible que los y las participantes hayan podido disfrutar de algunas de las m\u00e1s de 800 obras de arte que atesora esta Instituci\u00f3n p\u00fablica, que alberga en el Palacio de Villahermosa una de las Colecciones pict\u00f3ricas m\u00e1s importantes del mundo.<\/p>\n<p style=\"text-align: justify;\">Adem\u00e1s, esta visita sigue la estela de otra que la Diputaci\u00f3n organiz\u00f3 en 2023 al Museo Reina Sof\u00eda para contemplar el \u2018Guernica\u2019, en el marco de las actividades conmemorativas que \u00e9sta impuls\u00f3 con motivo del 50\u00ba aniversario de la muerte del c\u00e9lebre pintor, bajo el programa \u2018Picasso 1973-2023\u2019.<\/p>\n<p><!--publicidad-voz03--><a href=\"https:\/\/www.facebook.com\/profile.php?id=100063593791305&amp;locale=es_ES\"><img decoding=\"async\" class=\"alignnone size-medium\" src=\"https:\/\/blogger.googleusercontent.com\/img\/b\/R29vZ2xl\/AVvXsEi8_n_ll8UOcGxCqzFvb_9Io4ICczlGC990BPtPj2w9Px-u7B3oqWUW5vtjZUqPNJ-nyjiUIorE0ATsib_l5tV8BVN-UJ03RTnU__IHJF_4DgDBtY4LIqXNG-FomrO-7ywes20CBCRM2Hcm7EJSh3UUw1dO-c_uTflUrtgY1i7uBRezj_DpympmEFkfbQY\/s1600\/logo-principal2.jpg\" width=\"100%\" height=\"100\" \/><\/a><!--bestpublic-voz03--><!--desk-in-out-voz03--><br \/>\n<!--publicidad-voz04--><a href=\"https:\/\/www.facebook.com\/profile.php?id=61557370768692&amp;locale=es_ES\"><img decoding=\"async\" class=\"alignnone size-medium\" src=\"https:\/\/blogger.googleusercontent.com\/img\/b\/R29vZ2xl\/AVvXsEgy5RdcfffrnrItnYTcV9bCJjgJwldsQLWssfVfrLbyfXeBNTFKgBf0rMIvhrUaGUhiXzVr9_eQgCbi-j63ZDpfTvLIty9w7s140y-m1yHe7eKmEK7v2NAHUJDVYGdfeiQFeRCqUjdwWmN1MX_AUxxz4IVdJ4WIM0APxit8bjWkXzrnEFGqBvW_1F13H1g\/s1600\/logo-principal5.jpg\" width=\"100%\" height=\"100\" \/><\/a><!--bestpublic-voz04--><!--desk-in-out-voz04--><br \/>\n<!--publicidad-voz05--><a href=\"https:\/\/www.facebook.com\/asociaciontamborileroshellin?locale=es_ES\"><img decoding=\"async\" class=\"alignnone size-medium\" src=\"https:\/\/blogger.googleusercontent.com\/img\/b\/R29vZ2xl\/AVvXsEhHEEpZsKK1VpwiYMrS7aE2ujtqIDZoLd4B5wtbiseSU9s2HdTdQfhF84So2XwEB1fv0BLw95GADm6hUl1bkKtzh-eIgVigXONuu_5RxeIMPhjk8q6uNX4EaEHbooKkbu7pCADWPpVJjhKIH5NQSJpWqedC-YBez4QAQeJYokkLot9bhrIaUAeztsGis6M\/s1600\/logo-principal3.jpg\" width=\"100%\" height=\"100\" \/><\/a><!--bestpublic-voz05--><!--desk-in-out-voz05--><br \/>\n<!--publicidad-voz06--><!--bestpublic-voz06--><!--desk-in-out-voz06--><br \/>\n<!--publicidad-voz07--><!--bestpublic-voz07--><!--desk-in-out-voz07--><br \/>\n<!--publicidad-voz08--><!--bestpublic-voz08--><!--desk-in-out-voz08--><br \/>\n<!--publicidad-voz09--><!--bestpublic-voz09--><!--desk-in-out-voz09--><br \/>\n<!--publicidad-voz10--><!--bestpublic-voz10--><!--desk-in-out-voz10--><br \/>\n<!--publicidad-voz11--><!--bestpublic-voz11--><!--desk-in-out-voz11--><br \/>\n<!--publicidad-voz12--><!--bestpublic-voz12--><!--desk-in-out-voz12--><br \/>\n<!--publicidad-voz13--><!--bestpublic-voz13--><!--desk-in-out-voz13--><br \/>\n<!--publicidad-voz14--><!--bestpublic-voz14--><!--desk-in-out-voz14--><br \/>\n<!--publicidad-voz15--><!--bestpublic-voz15--><!--desk-in-out-voz15--><br \/>\n<!--publicidad-voz16--><!--bestpublic-voz16--><!--desk-in-out-voz16--><\/p>\n","protected":false},"excerpt":{"rendered":"<p>La Diputaci\u00f3n de Albacete ha organizado esta semana una visita al Museo Nacional Thyssen-Bornemisza, avanzando con paso firme en el compromiso del Gobierno provincial que preside Santi Caba\u00f1ero de democratizar&#8230;<\/p>\n","protected":false},"author":2,"featured_media":151087,"comment_status":"closed","ping_status":"closed","sticky":false,"template":"","format":"standard","meta":{"footnotes":""},"categories":[755,718,715,716,717],"tags":[],"class_list":["post-151086","post","type-post","status-publish","format-standard","has-post-thumbnail","hentry","category-blog-lv036","category-blogger","category-la-voz-de-hellin","category-la-voz-de-hellin-la-voz-de-hellin","category-noticias"],"_links":{"self":[{"href":"https:\/\/lavozdehellin.com\/noticias\/wp-json\/wp\/v2\/posts\/151086","targetHints":{"allow":["GET"]}}],"collection":[{"href":"https:\/\/lavozdehellin.com\/noticias\/wp-json\/wp\/v2\/posts"}],"about":[{"href":"https:\/\/lavozdehellin.com\/noticias\/wp-json\/wp\/v2\/types\/post"}],"author":[{"embeddable":true,"href":"https:\/\/lavozdehellin.com\/noticias\/wp-json\/wp\/v2\/users\/2"}],"replies":[{"embeddable":true,"href":"https:\/\/lavozdehellin.com\/noticias\/wp-json\/wp\/v2\/comments?post=151086"}],"version-history":[{"count":0,"href":"https:\/\/lavozdehellin.com\/noticias\/wp-json\/wp\/v2\/posts\/151086\/revisions"}],"wp:featuredmedia":[{"embeddable":true,"href":"https:\/\/lavozdehellin.com\/noticias\/wp-json\/wp\/v2\/media\/151087"}],"wp:attachment":[{"href":"https:\/\/lavozdehellin.com\/noticias\/wp-json\/wp\/v2\/media?parent=151086"}],"wp:term":[{"taxonomy":"category","embeddable":true,"href":"https:\/\/lavozdehellin.com\/noticias\/wp-json\/wp\/v2\/categories?post=151086"},{"taxonomy":"post_tag","embeddable":true,"href":"https:\/\/lavozdehellin.com\/noticias\/wp-json\/wp\/v2\/tags?post=151086"}],"curies":[{"name":"wp","href":"https:\/\/api.w.org\/{rel}","templated":true}]}}