{"id":151089,"date":"2024-06-09T11:44:25","date_gmt":"2024-06-09T09:44:25","guid":{"rendered":"https:\/\/lavozdehellin.com\/noticias\/?p=151089"},"modified":"2024-06-17T17:02:55","modified_gmt":"2024-06-17T15:02:55","slug":"v08-752-sancha-asiste-en-jorquera-a-la-entrega-de-los-trofeos-de-la-liga-y-la-copa-de-futbol-7-de-la-manchuela-impulsadas-por-la-diputacion-de-albacete-y-la-federacion-de-c-lm","status":"publish","type":"post","link":"https:\/\/lavozdehellin.com\/noticias\/v08-752-sancha-asiste-en-jorquera-a-la-entrega-de-los-trofeos-de-la-liga-y-la-copa-de-futbol-7-de-la-manchuela-impulsadas-por-la-diputacion-de-albacete-y-la-federacion-de-c-lm\/","title":{"rendered":"LVH NOTICIAS | SANCHA ASISTE EN JORQUERA A LA ENTREGA DE LOS TROFEOS DE LA LIGA Y LA COPA DE F\u00daTBOL 7 DE LA MANCHUELA IMPULSADAS POR LA DIPUTACI\u00d3N DE ALBACETE Y LA FEDERACI\u00d3N DE C-LM"},"content":{"rendered":"<p style=\"text-align: justify;\">El diputado provincial de Deportes, Dani Sancha, ha participado en Jorquera en la entrega de trofeos correspondiente a la Copa y a la Liga de F\u00fatbol 7 de La Manchuela, ambas competiciones impulsadas por la Diputaci\u00f3n de Albacete en coordinaci\u00f3n con la Federaci\u00f3n de F\u00fatbol de Castilla-La Mancha, coincidiendo con el \u00faltimo partido de dicha Copa.<\/p>\n<p><!--more--><br \/>\n<!--publicidad-voz01--><a href=\"https:\/\/www.facebook.com\/SoloRadioHellin\/?locale=es_ES\"><img decoding=\"async\" class=\"alignnone size-medium\" src=\"https:\/\/blogger.googleusercontent.com\/img\/b\/R29vZ2xl\/AVvXsEiNncirNnyGedv00mhjZjh5Wl4_YPdJGanoAl8tL8zH-HwqE8uHqjEfSt340RHdx-9tuCSIkZ8rFamZiGyYlgDGxCsmXjCH_1xk5eYM3ntFZRvJP_jndOKR7w1UAo9Tu0vrZyOLfqRpHIxYI5SymJJ-pfGCQw6QVpggBH-UgfjiFQ2JOxqxG0Jx94kW83c\/s1600\/logo-principal.jpg\" width=\"100%\" height=\"100\" \/><\/a><!--bestpublic-voz01--><!--desk-in-out-voz01--><br \/>\n<!--publicidad-voz02--><a href=\"https:\/\/www.hellincf.com\/\"><img decoding=\"async\" class=\"alignnone size-medium\" src=\"https:\/\/blogger.googleusercontent.com\/img\/b\/R29vZ2xl\/AVvXsEhuZ4-XfBVj3UtdP8-RZugy3WVrg-Zv28c53m4oV47qYCxL1rX_dqWX_YddsGSnpH5SRDqZ7bZeKPIfDVCDncpjVlhy3aQs2vojcJBn7Gdv9hC2_Nzct_pRFrnFE1a7KTCdY1bT_kAgnY3-iadRZrGeJf1fR2P5fu11bokx0pWjaypoy-ctwCjklldpEbA\/s1600\/logo-principal7.jpg\" width=\"100%\" height=\"100\" \/><\/a><!--bestpublic-voz02--><!--desk-in-out-voz02--><\/p>\n<p style=\"text-align: justify;\">El responsable provincial, que ha sido el encargado de entregar los diferentes premios, junto al concejal de Deportes, Juan Mart\u00ednez, y al delegado de la Federaci\u00f3n de F\u00fatbol de C-LM en Albacete, Jorge Zamora, ha felicitado a todos los jugadores participantes, subrayando que de su mano \u201cestos han sido dos grandes campeonatos, que ha hecho disfrutar y vibrar en cada partido a la afici\u00f3n\u201d.<\/p>\n<p style=\"text-align: justify;\">Un total de 11 equipos se han enfrentado reuniendo a unos 250 futbolistas, que tras finalizar la Liga, en la que Alborea se alz\u00f3 con el primer puesto, han disputado la Copa en la que, finalmente, Alpera se ha proclamado campeona tras ganar a Jorquera en la tanda de penaltis en un \u2018enfrentamiento\u2019 muy disputado, tal y como ha se\u00f1alado Sancha.<\/p>\n<p style=\"text-align: justify;\">Adem\u00e1s, el responsable provincial ha puesto de relieve el compromiso y el trabajo que la Diputaci\u00f3n viene realizando para promocionar y dinamizar la actividad deportiva en el conjunto de la provincia, fomentando los valores que \u00e9sta lleva parejos (compa\u00f1erismo, esfuerzo, solidaridad, tolerancia, respeto\u2026) y apostando por el ocio saludable entre la poblaci\u00f3n de todas las edades. De hecho, la Diputaci\u00f3n ha colaborado en la organizaci\u00f3n y desarrollo de este campeonato a trav\u00e9s de una inversi\u00f3n cercana a los 14.700 \u20ac.<\/p>\n<p style=\"text-align: justify;\">En este sentido, Sancha ha destacado que es importante impulsar desde las administraciones p\u00fablicas actividades como \u00e9sta, advirtiendo que m\u00e1s all\u00e1 de lo deportivo y saludable, la Liga y la Copa de F\u00fatbol 7 de La Manchuela han contribuido a dinamizar social y econ\u00f3micamente la comarca, fomentado el turismo deportivo y, al mismo tiempo, han favorecido la vertebraci\u00f3n del territorio estrechando lazos no s\u00f3lo entre los y las deportistas, los equipos y sus familias, sino tambi\u00e9n entre municipios.<\/p>\n<p style=\"text-align: justify;\">El deporte, ha apuntado Sancha, \u201ces un motor de transformaci\u00f3n social y desarrollo rural, y desde el Gobierno provincial que preside Santi Caba\u00f1ero, conscientes de este potencial, trabajamos de la mano de sus protagonistas (federaciones, clubes, deportistas\u2026) para que llegue, en sus m\u00faltiples y variadas disciplinas, a cada rinc\u00f3n de la provincia\u201d.<\/p>\n<p><!--publicidad-voz03--><a href=\"https:\/\/www.facebook.com\/profile.php?id=100063593791305&amp;locale=es_ES\"><img decoding=\"async\" class=\"alignnone size-medium\" src=\"https:\/\/blogger.googleusercontent.com\/img\/b\/R29vZ2xl\/AVvXsEi8_n_ll8UOcGxCqzFvb_9Io4ICczlGC990BPtPj2w9Px-u7B3oqWUW5vtjZUqPNJ-nyjiUIorE0ATsib_l5tV8BVN-UJ03RTnU__IHJF_4DgDBtY4LIqXNG-FomrO-7ywes20CBCRM2Hcm7EJSh3UUw1dO-c_uTflUrtgY1i7uBRezj_DpympmEFkfbQY\/s1600\/logo-principal2.jpg\" width=\"100%\" height=\"100\" \/><\/a><!--bestpublic-voz03--><!--desk-in-out-voz03--><br \/>\n<!--publicidad-voz04--><a href=\"https:\/\/www.facebook.com\/profile.php?id=61557370768692&amp;locale=es_ES\"><img decoding=\"async\" class=\"alignnone size-medium\" src=\"https:\/\/blogger.googleusercontent.com\/img\/b\/R29vZ2xl\/AVvXsEgy5RdcfffrnrItnYTcV9bCJjgJwldsQLWssfVfrLbyfXeBNTFKgBf0rMIvhrUaGUhiXzVr9_eQgCbi-j63ZDpfTvLIty9w7s140y-m1yHe7eKmEK7v2NAHUJDVYGdfeiQFeRCqUjdwWmN1MX_AUxxz4IVdJ4WIM0APxit8bjWkXzrnEFGqBvW_1F13H1g\/s1600\/logo-principal5.jpg\" width=\"100%\" height=\"100\" \/><\/a><!--bestpublic-voz04--><!--desk-in-out-voz04--><br \/>\n<!--publicidad-voz05--><a href=\"https:\/\/www.facebook.com\/asociaciontamborileroshellin?locale=es_ES\"><img decoding=\"async\" class=\"alignnone size-medium\" src=\"https:\/\/blogger.googleusercontent.com\/img\/b\/R29vZ2xl\/AVvXsEhHEEpZsKK1VpwiYMrS7aE2ujtqIDZoLd4B5wtbiseSU9s2HdTdQfhF84So2XwEB1fv0BLw95GADm6hUl1bkKtzh-eIgVigXONuu_5RxeIMPhjk8q6uNX4EaEHbooKkbu7pCADWPpVJjhKIH5NQSJpWqedC-YBez4QAQeJYokkLot9bhrIaUAeztsGis6M\/s1600\/logo-principal3.jpg\" width=\"100%\" height=\"100\" \/><\/a><!--bestpublic-voz05--><!--desk-in-out-voz05--><br \/>\n<!--publicidad-voz06--><!--bestpublic-voz06--><!--desk-in-out-voz06--><br \/>\n<!--publicidad-voz07--><!--bestpublic-voz07--><!--desk-in-out-voz07--><br \/>\n<!--publicidad-voz08--><!--bestpublic-voz08--><!--desk-in-out-voz08--><br \/>\n<!--publicidad-voz09--><!--bestpublic-voz09--><!--desk-in-out-voz09--><br \/>\n<!--publicidad-voz10--><!--bestpublic-voz10--><!--desk-in-out-voz10--><br \/>\n<!--publicidad-voz11--><!--bestpublic-voz11--><!--desk-in-out-voz11--><br \/>\n<!--publicidad-voz12--><!--bestpublic-voz12--><!--desk-in-out-voz12--><br \/>\n<!--publicidad-voz13--><!--bestpublic-voz13--><!--desk-in-out-voz13--><br \/>\n<!--publicidad-voz14--><!--bestpublic-voz14--><!--desk-in-out-voz14--><br \/>\n<!--publicidad-voz15--><!--bestpublic-voz15--><!--desk-in-out-voz15--><br \/>\n<!--publicidad-voz16--><!--bestpublic-voz16--><!--desk-in-out-voz16--><\/p>\n","protected":false},"excerpt":{"rendered":"<p>El diputado provincial de Deportes, Dani Sancha, ha participado en Jorquera en la entrega de trofeos correspondiente a la Copa y a la Liga de F\u00fatbol 7 de La Manchuela,&#8230;<\/p>\n","protected":false},"author":2,"featured_media":151090,"comment_status":"closed","ping_status":"closed","sticky":false,"template":"","format":"standard","meta":{"footnotes":""},"categories":[755,718,715,716,717],"tags":[],"class_list":["post-151089","post","type-post","status-publish","format-standard","has-post-thumbnail","hentry","category-blog-lv036","category-blogger","category-la-voz-de-hellin","category-la-voz-de-hellin-la-voz-de-hellin","category-noticias"],"_links":{"self":[{"href":"https:\/\/lavozdehellin.com\/noticias\/wp-json\/wp\/v2\/posts\/151089","targetHints":{"allow":["GET"]}}],"collection":[{"href":"https:\/\/lavozdehellin.com\/noticias\/wp-json\/wp\/v2\/posts"}],"about":[{"href":"https:\/\/lavozdehellin.com\/noticias\/wp-json\/wp\/v2\/types\/post"}],"author":[{"embeddable":true,"href":"https:\/\/lavozdehellin.com\/noticias\/wp-json\/wp\/v2\/users\/2"}],"replies":[{"embeddable":true,"href":"https:\/\/lavozdehellin.com\/noticias\/wp-json\/wp\/v2\/comments?post=151089"}],"version-history":[{"count":0,"href":"https:\/\/lavozdehellin.com\/noticias\/wp-json\/wp\/v2\/posts\/151089\/revisions"}],"wp:featuredmedia":[{"embeddable":true,"href":"https:\/\/lavozdehellin.com\/noticias\/wp-json\/wp\/v2\/media\/151090"}],"wp:attachment":[{"href":"https:\/\/lavozdehellin.com\/noticias\/wp-json\/wp\/v2\/media?parent=151089"}],"wp:term":[{"taxonomy":"category","embeddable":true,"href":"https:\/\/lavozdehellin.com\/noticias\/wp-json\/wp\/v2\/categories?post=151089"},{"taxonomy":"post_tag","embeddable":true,"href":"https:\/\/lavozdehellin.com\/noticias\/wp-json\/wp\/v2\/tags?post=151089"}],"curies":[{"name":"wp","href":"https:\/\/api.w.org\/{rel}","templated":true}]}}