{"id":151092,"date":"2024-06-09T13:45:53","date_gmt":"2024-06-09T11:45:53","guid":{"rendered":"https:\/\/lavozdehellin.com\/noticias\/?p=151092"},"modified":"2024-06-17T17:02:55","modified_gmt":"2024-06-17T15:02:55","slug":"v08-753-la-4a-edicion-de-los-torneos-de-verano-de-padel-de-la-diputacion-de-albacete-arrancan-el-proximo-14-y-16-de-junio-con-25-localidades-implicadas","status":"publish","type":"post","link":"https:\/\/lavozdehellin.com\/noticias\/v08-753-la-4a-edicion-de-los-torneos-de-verano-de-padel-de-la-diputacion-de-albacete-arrancan-el-proximo-14-y-16-de-junio-con-25-localidades-implicadas\/","title":{"rendered":"LVH NOTICIAS | LA 4\u00aa EDICI\u00d3N DE LOS TORNEOS DE VERANO DE P\u00c1DEL DE LA DIPUTACI\u00d3N DE ALBACETE ARRANCAN EL PR\u00d3XIMO 14 Y 16 DE JUNIO CON 25 LOCALIDADES IMPLICADAS"},"content":{"rendered":"<p style=\"text-align: justify;\">Los Torneos de Verano de P\u00e1del de la Diputaci\u00f3n de Albacete regresan en su 4\u00aa edici\u00f3n y lo hacen con 25 localidades implicadas.<\/p>\n<p><!--more--><br \/>\n<!--publicidad-voz01--><a href=\"https:\/\/www.facebook.com\/SoloRadioHellin\/?locale=es_ES\"><img decoding=\"async\" class=\"alignnone size-medium\" src=\"https:\/\/blogger.googleusercontent.com\/img\/b\/R29vZ2xl\/AVvXsEiNncirNnyGedv00mhjZjh5Wl4_YPdJGanoAl8tL8zH-HwqE8uHqjEfSt340RHdx-9tuCSIkZ8rFamZiGyYlgDGxCsmXjCH_1xk5eYM3ntFZRvJP_jndOKR7w1UAo9Tu0vrZyOLfqRpHIxYI5SymJJ-pfGCQw6QVpggBH-UgfjiFQ2JOxqxG0Jx94kW83c\/s1600\/logo-principal.jpg\" width=\"100%\" height=\"100\" \/><\/a><!--bestpublic-voz01--><!--desk-in-out-voz01--><br \/>\n<!--publicidad-voz02--><a href=\"https:\/\/www.hellincf.com\/\"><img decoding=\"async\" class=\"alignnone size-medium\" src=\"https:\/\/blogger.googleusercontent.com\/img\/b\/R29vZ2xl\/AVvXsEhuZ4-XfBVj3UtdP8-RZugy3WVrg-Zv28c53m4oV47qYCxL1rX_dqWX_YddsGSnpH5SRDqZ7bZeKPIfDVCDncpjVlhy3aQs2vojcJBn7Gdv9hC2_Nzct_pRFrnFE1a7KTCdY1bT_kAgnY3-iadRZrGeJf1fR2P5fu11bokx0pWjaypoy-ctwCjklldpEbA\/s1600\/logo-principal7.jpg\" width=\"100%\" height=\"100\" \/><\/a><!--bestpublic-voz02--><!--desk-in-out-voz02--><\/p>\n<p style=\"text-align: justify;\">Alborea, Tinajeros, Barrax, Villamalea, Corral Rubio, Balazote, Madrigueras, Tarazona de la Mancha, Higueruela, Valdeganga, Pozuelo, Pozohondo, Fuentealbilla, Lezuza, Elche de la Sierra, San Pedro, Munera, Ontur, Villavaliente, Yeste, Casas de L\u00e1zaro, Li\u00e9tor, Pe\u00f1ascosa, La Gineta y El Bonillo son los puntos de la geograf\u00eda provincial donde se disputar\u00e1 esta competici\u00f3n.<\/p>\n<p style=\"text-align: justify;\">Los torneos se desarrollar\u00e1n durante los meses de junio, julio, agosto y septiembre, comenzando del 14 al 16 de junio los primeros partidos (en Alborea) y celebrando, adem\u00e1s, un M\u00e1ster Final que se disputar\u00e1 entre los d\u00edas 27 y 29 de septiembre en Albacete, donde se conocer\u00e1n las \u2018mejores raquetas\u2019 de esta iniciativa a nivel provincial.<\/p>\n<p style=\"text-align: justify;\">Pese a su juventud, este Circuito de P\u00e1del cuenta con una gran acogida y, a\u00f1o tras a\u00f1o, se va consolidando en el calendario deportivo de este territorio, favoreciendo no s\u00f3lo h\u00e1bitos de vida y de ocio saludables entre la poblaci\u00f3n, sino tambi\u00e9n impulsando y facilitando la pr\u00e1ctica de este deporte que cada vez cuenta con m\u00e1s afici\u00f3n en la geograf\u00eda albacetense.<br \/>\nLos detalles<\/p>\n<p style=\"text-align: justify;\">Pueden participar todas las personas mayores de edad que lo deseen, con la posibilidad de hacerlo tambi\u00e9n quienes tengan los 16 an\u0303os cumplidos (con permiso paterno o materno), y en las localidades donde haya m\u00e1s de una pista de p\u00e1del, cabe la posibilidad de celebrar pruebas de Categor\u00eda Infantil.<\/p>\n<p style=\"text-align: justify;\">Tanto las 25 pruebas del Torneo como el M\u00e1ster Final se jugar\u00e1n con las reglas de la Federaci\u00f3n Internacional de P\u00e1del (que datan de 2017) y estar\u00e1n controladas por un juez \u00e1rbitro. Las inscripciones finalizar\u00e1n los jueves previos a cada prueba, a las 15:00 horas, y se podr\u00e1n realizar en la web de la Federaci\u00f3n de P\u00e1del de Castilla-La Mancha (en el enlace: http:\/\/diputaciones-clm.fpclm.com). M\u00e1s informaci\u00f3n, en el tel\u00e9fono 674 002 658.<\/p>\n<p style=\"text-align: justify;\">Adem\u00e1s, como ya es tradici\u00f3n, habr\u00e1 un \u2018tercer tiempo\u2019 en el descanso de cada partido con un p\u00edcnic con fruta y bebida para los y las participantes, que adem\u00e1s contar\u00e1n con premios en cada categor\u00eda.<\/p>\n<p style=\"text-align: justify;\">Calendario de pruebas<\/p>\n<p style=\"text-align: justify;\">Alborea: del 14 al 16 de junio<\/p>\n<p style=\"text-align: justify;\">Barrax, Villamalea y Corral Rubio: del 21 al 23 de junio<\/p>\n<p style=\"text-align: justify;\">Balazote y Madrigueras: del 28 al 30 de junio<\/p>\n<p style=\"text-align: justify;\">Tarazona de la Mancha: del 5 al 7 de julio<\/p>\n<p style=\"text-align: justify;\">Higueruela y Tinajeros: del 12 al 14 de julio<\/p>\n<p style=\"text-align: justify;\">Valdeganga, Pozuelo y Pozohondo: del 19 al 21 de julio<\/p>\n<p style=\"text-align: justify;\">Fuentealbilla, Lezuza y Elche de la sierra: del 26 al 28 de julio<\/p>\n<p style=\"text-align: justify;\">San Pedro, Munera y Ontur: del 2 al 4 de agosto<\/p>\n<p style=\"text-align: justify;\">Villavaliente, Yeste y Casas de L\u00e1zaro: del 11 al 13 de agosto<\/p>\n<p style=\"text-align: justify;\">Li\u00e9tor: del 16 al 18 de agosto<\/p>\n<p style=\"text-align: justify;\">Pe\u00f1ascosa y La Gineta: del 23 al 25 de agosto<\/p>\n<p style=\"text-align: justify;\">El Bonillo: del 30 de agosto al 1 de septiembre<\/p>\n<p style=\"text-align: justify;\">M\u00e1ster Final en Albacete: del 27 al 29 de septiembre<\/p>\n<p><!--publicidad-voz03--><a href=\"https:\/\/www.facebook.com\/profile.php?id=100063593791305&amp;locale=es_ES\"><img decoding=\"async\" class=\"alignnone size-medium\" src=\"https:\/\/blogger.googleusercontent.com\/img\/b\/R29vZ2xl\/AVvXsEi8_n_ll8UOcGxCqzFvb_9Io4ICczlGC990BPtPj2w9Px-u7B3oqWUW5vtjZUqPNJ-nyjiUIorE0ATsib_l5tV8BVN-UJ03RTnU__IHJF_4DgDBtY4LIqXNG-FomrO-7ywes20CBCRM2Hcm7EJSh3UUw1dO-c_uTflUrtgY1i7uBRezj_DpympmEFkfbQY\/s1600\/logo-principal2.jpg\" width=\"100%\" height=\"100\" \/><\/a><!--bestpublic-voz03--><!--desk-in-out-voz03--><br \/>\n<!--publicidad-voz04--><a href=\"https:\/\/www.facebook.com\/profile.php?id=61557370768692&amp;locale=es_ES\"><img decoding=\"async\" class=\"alignnone size-medium\" src=\"https:\/\/blogger.googleusercontent.com\/img\/b\/R29vZ2xl\/AVvXsEgy5RdcfffrnrItnYTcV9bCJjgJwldsQLWssfVfrLbyfXeBNTFKgBf0rMIvhrUaGUhiXzVr9_eQgCbi-j63ZDpfTvLIty9w7s140y-m1yHe7eKmEK7v2NAHUJDVYGdfeiQFeRCqUjdwWmN1MX_AUxxz4IVdJ4WIM0APxit8bjWkXzrnEFGqBvW_1F13H1g\/s1600\/logo-principal5.jpg\" width=\"100%\" height=\"100\" \/><\/a><!--bestpublic-voz04--><!--desk-in-out-voz04--><br \/>\n<!--publicidad-voz05--><a href=\"https:\/\/www.facebook.com\/asociaciontamborileroshellin?locale=es_ES\"><img decoding=\"async\" class=\"alignnone size-medium\" src=\"https:\/\/blogger.googleusercontent.com\/img\/b\/R29vZ2xl\/AVvXsEhHEEpZsKK1VpwiYMrS7aE2ujtqIDZoLd4B5wtbiseSU9s2HdTdQfhF84So2XwEB1fv0BLw95GADm6hUl1bkKtzh-eIgVigXONuu_5RxeIMPhjk8q6uNX4EaEHbooKkbu7pCADWPpVJjhKIH5NQSJpWqedC-YBez4QAQeJYokkLot9bhrIaUAeztsGis6M\/s1600\/logo-principal3.jpg\" width=\"100%\" height=\"100\" \/><\/a><!--bestpublic-voz05--><!--desk-in-out-voz05--><br \/>\n<!--publicidad-voz06--><!--bestpublic-voz06--><!--desk-in-out-voz06--><br \/>\n<!--publicidad-voz07--><!--bestpublic-voz07--><!--desk-in-out-voz07--><br \/>\n<!--publicidad-voz08--><!--bestpublic-voz08--><!--desk-in-out-voz08--><br \/>\n<!--publicidad-voz09--><!--bestpublic-voz09--><!--desk-in-out-voz09--><br \/>\n<!--publicidad-voz10--><!--bestpublic-voz10--><!--desk-in-out-voz10--><br \/>\n<!--publicidad-voz11--><!--bestpublic-voz11--><!--desk-in-out-voz11--><br \/>\n<!--publicidad-voz12--><!--bestpublic-voz12--><!--desk-in-out-voz12--><br \/>\n<!--publicidad-voz13--><!--bestpublic-voz13--><!--desk-in-out-voz13--><br \/>\n<!--publicidad-voz14--><!--bestpublic-voz14--><!--desk-in-out-voz14--><br \/>\n<!--publicidad-voz15--><!--bestpublic-voz15--><!--desk-in-out-voz15--><br \/>\n<!--publicidad-voz16--><!--bestpublic-voz16--><!--desk-in-out-voz16--><\/p>\n","protected":false},"excerpt":{"rendered":"<p>Los Torneos de Verano de P\u00e1del de la Diputaci\u00f3n de Albacete regresan en su 4\u00aa edici\u00f3n y lo hacen con 25 localidades implicadas.<\/p>\n","protected":false},"author":2,"featured_media":151093,"comment_status":"closed","ping_status":"closed","sticky":false,"template":"","format":"standard","meta":{"footnotes":""},"categories":[755,718,715,716,717],"tags":[],"class_list":["post-151092","post","type-post","status-publish","format-standard","has-post-thumbnail","hentry","category-blog-lv036","category-blogger","category-la-voz-de-hellin","category-la-voz-de-hellin-la-voz-de-hellin","category-noticias"],"_links":{"self":[{"href":"https:\/\/lavozdehellin.com\/noticias\/wp-json\/wp\/v2\/posts\/151092","targetHints":{"allow":["GET"]}}],"collection":[{"href":"https:\/\/lavozdehellin.com\/noticias\/wp-json\/wp\/v2\/posts"}],"about":[{"href":"https:\/\/lavozdehellin.com\/noticias\/wp-json\/wp\/v2\/types\/post"}],"author":[{"embeddable":true,"href":"https:\/\/lavozdehellin.com\/noticias\/wp-json\/wp\/v2\/users\/2"}],"replies":[{"embeddable":true,"href":"https:\/\/lavozdehellin.com\/noticias\/wp-json\/wp\/v2\/comments?post=151092"}],"version-history":[{"count":0,"href":"https:\/\/lavozdehellin.com\/noticias\/wp-json\/wp\/v2\/posts\/151092\/revisions"}],"wp:featuredmedia":[{"embeddable":true,"href":"https:\/\/lavozdehellin.com\/noticias\/wp-json\/wp\/v2\/media\/151093"}],"wp:attachment":[{"href":"https:\/\/lavozdehellin.com\/noticias\/wp-json\/wp\/v2\/media?parent=151092"}],"wp:term":[{"taxonomy":"category","embeddable":true,"href":"https:\/\/lavozdehellin.com\/noticias\/wp-json\/wp\/v2\/categories?post=151092"},{"taxonomy":"post_tag","embeddable":true,"href":"https:\/\/lavozdehellin.com\/noticias\/wp-json\/wp\/v2\/tags?post=151092"}],"curies":[{"name":"wp","href":"https:\/\/api.w.org\/{rel}","templated":true}]}}