{"id":151095,"date":"2024-06-10T09:04:29","date_gmt":"2024-06-10T07:04:29","guid":{"rendered":"https:\/\/lavozdehellin.com\/noticias\/?p=151095"},"modified":"2024-06-17T17:02:55","modified_gmt":"2024-06-17T15:02:55","slug":"v08-754-la-diputacion-de-albacete-da-luz-verde-a-mas-de-1-200-000-e-para-desarrollar-44-proyectos-en-26-localidades-de-la-provincia-en-la-tercera-resolucion-del-dipualba-responde-in","status":"publish","type":"post","link":"https:\/\/lavozdehellin.com\/noticias\/v08-754-la-diputacion-de-albacete-da-luz-verde-a-mas-de-1-200-000-e-para-desarrollar-44-proyectos-en-26-localidades-de-la-provincia-en-la-tercera-resolucion-del-dipualba-responde-in\/","title":{"rendered":"LVH NOTICIAS | LA DIPUTACI\u00d3N DE ALBACETE DA \u2018LUZ VERDE\u2019 A M\u00c1S DE 1.200.000 \u20ac PARA DESARROLLAR 44 PROYECTOS EN 26 LOCALIDADES DE LA PROVINCIA EN LA TERCERA RESOLUCI\u00d3N DEL \u2018DIPUALBA RESPONDE INVERSIONES\u2019"},"content":{"rendered":"<p style=\"text-align: justify;\">La Diputaci\u00f3n de Albacete ha aprobado al tercer bloque de solicitudes en el marco de su Convocatoria de Ayudas \u2018Dipualba Responde Inversiones\u2019 que, dotado con algo m\u00e1s de 1.201.400 \u20ac, har\u00e1 posible el desarrollo de 44 proyectos planteados en 26 localidades.<\/p>\n<p><!--more--><br \/>\n<!--publicidad-voz01--><a href=\"https:\/\/www.facebook.com\/SoloRadioHellin\/?locale=es_ES\"><img decoding=\"async\" class=\"alignnone size-medium\" src=\"https:\/\/blogger.googleusercontent.com\/img\/b\/R29vZ2xl\/AVvXsEiNncirNnyGedv00mhjZjh5Wl4_YPdJGanoAl8tL8zH-HwqE8uHqjEfSt340RHdx-9tuCSIkZ8rFamZiGyYlgDGxCsmXjCH_1xk5eYM3ntFZRvJP_jndOKR7w1UAo9Tu0vrZyOLfqRpHIxYI5SymJJ-pfGCQw6QVpggBH-UgfjiFQ2JOxqxG0Jx94kW83c\/s1600\/logo-principal.jpg\" width=\"100%\" height=\"100\" \/><\/a><!--bestpublic-voz01--><!--desk-in-out-voz01--><br \/>\n<!--publicidad-voz02--><a href=\"https:\/\/www.hellincf.com\/\"><img decoding=\"async\" class=\"alignnone size-medium\" src=\"https:\/\/blogger.googleusercontent.com\/img\/b\/R29vZ2xl\/AVvXsEhuZ4-XfBVj3UtdP8-RZugy3WVrg-Zv28c53m4oV47qYCxL1rX_dqWX_YddsGSnpH5SRDqZ7bZeKPIfDVCDncpjVlhy3aQs2vojcJBn7Gdv9hC2_Nzct_pRFrnFE1a7KTCdY1bT_kAgnY3-iadRZrGeJf1fR2P5fu11bokx0pWjaypoy-ctwCjklldpEbA\/s1600\/logo-principal7.jpg\" width=\"100%\" height=\"100\" \/><\/a><!--bestpublic-voz02--><!--desk-in-out-voz02--><\/p>\n<p style=\"text-align: justify;\">Un importe que se suma a los 1.154.000 \u20ac de la primera y de la segunda Resoluci\u00f3n, y que evidencia el esfuerzo que se viene realizando desde la instituci\u00f3n para dar salida con agilidad a las peticiones de los Ayuntamientos y Entidades Locales menores de 20.000 habitantes (a las que va destinada esta ayuda) conforme al compromiso del Equipo de Gobierno que preside Santi Caba\u00f1ero.<\/p>\n<p style=\"text-align: justify;\">En esta ocasi\u00f3n, las cuant\u00edas concedidas oscilan entre los 3.300 \u20ac y los 118.000 \u20ac, ya que algunos de los municipios se han acogido a la posibilidad que la Diputaci\u00f3n ofrece para sumar al \u2018Dipualba Responde Inversiones\u2019 los importes correspondientes al Plan de Obras y Servicios (POS), haciendo posible acciones m\u00e1s ambiciosas.<\/p>\n<p style=\"text-align: justify;\">Inversiones ambiciosas<\/p>\n<p style=\"text-align: justify;\">As\u00ed, las cuant\u00edas m\u00e1s significativas se van a destinar a diversas obras en Lezuza y sus pedan\u00edas con una ayuda de 118.300 \u20ac; al arreglo de una red viaria municipal en Yeste (da\u00f1ada en el \u00faltimo incendio que sufri\u00f3 la localidad) con algo m\u00e1s de 101.200 \u20ac; a la adaptaci\u00f3n y ampliaci\u00f3n de un espacio existente para gimnasio municipal, con 85.274 \u20ac, en Fuentealbilla; o a la adquisici\u00f3n de solares para construcci\u00f3n Centro de Mayores en Hoya Gonzalo con 82.565 \u20ac, localidad que tambi\u00e9n invertir\u00e1 13.696 \u20ac para la climatizaci\u00f3n de su centro sociocultural.<\/p>\n<p style=\"text-align: justify;\">Con respecto al resto de localidades: Balsa de Ves destinar\u00e1 70.151 \u20ac para la reparaci\u00f3n de aceras, 17.390 \u20ac para la creaci\u00f3n de una zona verde en la pedan\u00eda Canto Blanco, y unos 9.000 \u20ac para mejoras en vallados, accesos y paramentos del campo de f\u00fatbol, front\u00f3n y pista de p\u00e1del; Montealegre del Castillo, 61.800 \u20ac a la renovaci\u00f3n del sistema de depuraci\u00f3n de la piscina municipal; y Carcel\u00e9n, 40.000 \u20ac a reparaciones tambi\u00e9n en su piscina municipal.<\/p>\n<p style=\"text-align: justify;\">Pozo Ca\u00f1ada emplear\u00e1 14.968 \u20ac para mejorar instalaciones deportivas (gimnasio y piscina infantil); Bogarra, 12.846 \u20ac para mejoras de infraestructura en la piscina municipal; La Recueja, unos 26.400 \u20ac en mejoras en el centro social polivalente, unos 13.112 \u20ac en mejoras en su sala multiusos y otros 12.355 \u20ac en mejoras en el consultorio m\u00e9dico; y La Gineta, algo m\u00e1s de 27.300 \u20ac en la instalaci\u00f3n de iluminaci\u00f3n en su plaza de toros.<\/p>\n<p style=\"text-align: justify;\">Del mismo modo, Pozo-Lorente invertir\u00e1 4.700 \u20ac en arreglos en el punto limpio; Albatana, 5.623 \u20ac en obras de accesibilidad y adecuaci\u00f3n en el Hogar del Jubilado, y 36.231 \u20ac para la ampliaci\u00f3n de la instalaci\u00f3n de la planta solar fotovoltaica de 30 kwp en el pol\u00edgono industrial; Alpera, con 29.788 \u20ac sustituci\u00f3n la cubierta de la Casa Tano, con 9.251 \u20ac actuar\u00e1 en la instalaci\u00f3n de alumbrado p\u00fablico en La Laguna, con algo m\u00e1s de 36.7000 \u20ac avanzar\u00e1 en la adaptaci\u00f3n del C.P. Vera Cruz como Centro de D\u00eda, con 33.555 \u20ac mejorar\u00e1 la Plaza del Ayuntamiento y con unos 13.480 \u20ac construir\u00e1 un Circuito de Pumptrack.<\/p>\n<p style=\"text-align: justify;\">Actuaciones que mejoran el d\u00eda a d\u00eda de cada localidad<\/p>\n<p style=\"text-align: justify;\">Bogarra emplear\u00e1 unos 22.700 \u20ac en la urbanizaci\u00f3n de la calle Cuenca y unos 19.500 \u20ac en la de la calle Fragua; El Ballestero, 26.797 \u20ac en mejoras en las instalaciones de piscina municipal; Villaverde de Guadalimar, 20.742 \u20ac en la reparaci\u00f3n de caminos municipales y unos 14.980 \u20ac en la \u2018Senda Encantada\u2019; Villa de Ves, 17.600 en la mejora de la instalaci\u00f3n del punto limpio municipal, 28.100 \u20ac en la mejora del parque infantil y 17.000 \u20ac en la instalaci\u00f3n de una estaci\u00f3n meteorol\u00f3gica homologada; San Pedro, cerca de 14.000 \u20ac en la adquisici\u00f3n de un vallado necesario para realizar suelta de reses populares, 16.638 \u20ac en obras de pavimentaci\u00f3n en una v\u00eda p\u00fablica en la pedan\u00eda de Casas de Abajo y 10.199 \u20ac en la adecuaci\u00f3n del cauce del r\u00edo La Qu\u00e9jola en suelo urbano.<\/p>\n<p style=\"text-align: justify;\">Finalmente, El Bonillo dispondr\u00e1 37.583 \u20ac para favorecer el uso p\u00fablico de su Plaza; Elche de la Sierra, 4.422 \u20ac para la protecci\u00f3n de la arqueta del colector de aguas residuales; Pozo Ca\u00f1ada, 6.400\u20ac para la gesti\u00f3n y retirada de residuos con amianto en el punto limpio; Fuensanta, cerca de 19.900 \u20ac para la ejecuci\u00f3n de nichos; Villamalea, unos 19.900 \u20ac para la adquisici\u00f3n de un escenario y 10.100 \u20ac para mejorar las instalaciones del Ayuntamiento; Navas de Jorquera, 3.293 \u20ac para la sustituci\u00f3n farolas del alumbrado p\u00fablico; y Bienservida, 24.311 \u20ac para la reparaci\u00f3n y rehabilitaci\u00f3n del campamento.<\/p>\n<p style=\"text-align: justify;\">As\u00ed, estas localidades, desde su total autonom\u00eda, podr\u00e1n acometer estas actuaciones que han considerado prioritarias para el desarrollo de sus respectivos territorios y la mejora del d\u00eda a d\u00eda de sus vecinos y vecinas. Actuaciones de una gran variedad y versatilidad que, a su vez, evidencian el gran potencial que tiene esta Convocatoria de Ayudas (abierta hasta el 30 de septiembre) para abordar las diferentes realidades y necesidades de cada territorio.<\/p>\n<p><!--publicidad-voz03--><a href=\"https:\/\/www.facebook.com\/profile.php?id=100063593791305&amp;locale=es_ES\"><img decoding=\"async\" class=\"alignnone size-medium\" src=\"https:\/\/blogger.googleusercontent.com\/img\/b\/R29vZ2xl\/AVvXsEi8_n_ll8UOcGxCqzFvb_9Io4ICczlGC990BPtPj2w9Px-u7B3oqWUW5vtjZUqPNJ-nyjiUIorE0ATsib_l5tV8BVN-UJ03RTnU__IHJF_4DgDBtY4LIqXNG-FomrO-7ywes20CBCRM2Hcm7EJSh3UUw1dO-c_uTflUrtgY1i7uBRezj_DpympmEFkfbQY\/s1600\/logo-principal2.jpg\" width=\"100%\" height=\"100\" \/><\/a><!--bestpublic-voz03--><!--desk-in-out-voz03--><br \/>\n<!--publicidad-voz04--><a href=\"https:\/\/www.facebook.com\/profile.php?id=61557370768692&amp;locale=es_ES\"><img decoding=\"async\" class=\"alignnone size-medium\" src=\"https:\/\/blogger.googleusercontent.com\/img\/b\/R29vZ2xl\/AVvXsEgy5RdcfffrnrItnYTcV9bCJjgJwldsQLWssfVfrLbyfXeBNTFKgBf0rMIvhrUaGUhiXzVr9_eQgCbi-j63ZDpfTvLIty9w7s140y-m1yHe7eKmEK7v2NAHUJDVYGdfeiQFeRCqUjdwWmN1MX_AUxxz4IVdJ4WIM0APxit8bjWkXzrnEFGqBvW_1F13H1g\/s1600\/logo-principal5.jpg\" width=\"100%\" height=\"100\" \/><\/a><!--bestpublic-voz04--><!--desk-in-out-voz04--><br \/>\n<!--publicidad-voz05--><a href=\"https:\/\/www.facebook.com\/asociaciontamborileroshellin?locale=es_ES\"><img decoding=\"async\" class=\"alignnone size-medium\" src=\"https:\/\/blogger.googleusercontent.com\/img\/b\/R29vZ2xl\/AVvXsEhHEEpZsKK1VpwiYMrS7aE2ujtqIDZoLd4B5wtbiseSU9s2HdTdQfhF84So2XwEB1fv0BLw95GADm6hUl1bkKtzh-eIgVigXONuu_5RxeIMPhjk8q6uNX4EaEHbooKkbu7pCADWPpVJjhKIH5NQSJpWqedC-YBez4QAQeJYokkLot9bhrIaUAeztsGis6M\/s1600\/logo-principal3.jpg\" width=\"100%\" height=\"100\" \/><\/a><!--bestpublic-voz05--><!--desk-in-out-voz05--><br \/>\n<!--publicidad-voz06--><!--bestpublic-voz06--><!--desk-in-out-voz06--><br \/>\n<!--publicidad-voz07--><!--bestpublic-voz07--><!--desk-in-out-voz07--><br \/>\n<!--publicidad-voz08--><!--bestpublic-voz08--><!--desk-in-out-voz08--><br \/>\n<!--publicidad-voz09--><!--bestpublic-voz09--><!--desk-in-out-voz09--><br \/>\n<!--publicidad-voz10--><!--bestpublic-voz10--><!--desk-in-out-voz10--><br \/>\n<!--publicidad-voz11--><!--bestpublic-voz11--><!--desk-in-out-voz11--><br \/>\n<!--publicidad-voz12--><!--bestpublic-voz12--><!--desk-in-out-voz12--><br \/>\n<!--publicidad-voz13--><!--bestpublic-voz13--><!--desk-in-out-voz13--><br \/>\n<!--publicidad-voz14--><!--bestpublic-voz14--><!--desk-in-out-voz14--><br \/>\n<!--publicidad-voz15--><!--bestpublic-voz15--><!--desk-in-out-voz15--><br \/>\n<!--publicidad-voz16--><!--bestpublic-voz16--><!--desk-in-out-voz16--><\/p>\n","protected":false},"excerpt":{"rendered":"<p>La Diputaci\u00f3n de Albacete ha aprobado al tercer bloque de solicitudes en el marco de su Convocatoria de Ayudas \u2018Dipualba Responde Inversiones\u2019 que, dotado con algo m\u00e1s de 1.201.400 \u20ac,&#8230;<\/p>\n","protected":false},"author":2,"featured_media":151096,"comment_status":"closed","ping_status":"closed","sticky":false,"template":"","format":"standard","meta":{"footnotes":""},"categories":[755,718,715,716,717],"tags":[],"class_list":["post-151095","post","type-post","status-publish","format-standard","has-post-thumbnail","hentry","category-blog-lv036","category-blogger","category-la-voz-de-hellin","category-la-voz-de-hellin-la-voz-de-hellin","category-noticias"],"_links":{"self":[{"href":"https:\/\/lavozdehellin.com\/noticias\/wp-json\/wp\/v2\/posts\/151095","targetHints":{"allow":["GET"]}}],"collection":[{"href":"https:\/\/lavozdehellin.com\/noticias\/wp-json\/wp\/v2\/posts"}],"about":[{"href":"https:\/\/lavozdehellin.com\/noticias\/wp-json\/wp\/v2\/types\/post"}],"author":[{"embeddable":true,"href":"https:\/\/lavozdehellin.com\/noticias\/wp-json\/wp\/v2\/users\/2"}],"replies":[{"embeddable":true,"href":"https:\/\/lavozdehellin.com\/noticias\/wp-json\/wp\/v2\/comments?post=151095"}],"version-history":[{"count":0,"href":"https:\/\/lavozdehellin.com\/noticias\/wp-json\/wp\/v2\/posts\/151095\/revisions"}],"wp:featuredmedia":[{"embeddable":true,"href":"https:\/\/lavozdehellin.com\/noticias\/wp-json\/wp\/v2\/media\/151096"}],"wp:attachment":[{"href":"https:\/\/lavozdehellin.com\/noticias\/wp-json\/wp\/v2\/media?parent=151095"}],"wp:term":[{"taxonomy":"category","embeddable":true,"href":"https:\/\/lavozdehellin.com\/noticias\/wp-json\/wp\/v2\/categories?post=151095"},{"taxonomy":"post_tag","embeddable":true,"href":"https:\/\/lavozdehellin.com\/noticias\/wp-json\/wp\/v2\/tags?post=151095"}],"curies":[{"name":"wp","href":"https:\/\/api.w.org\/{rel}","templated":true}]}}