{"id":151099,"date":"2024-06-10T11:06:45","date_gmt":"2024-06-10T09:06:45","guid":{"rendered":"https:\/\/lavozdehellin.com\/noticias\/?p=151099"},"modified":"2024-06-17T17:02:55","modified_gmt":"2024-06-17T15:02:55","slug":"v08-755-albacete-agora-open-2024-se-disputa-el-15-de-junio-con-los-cubos-de-rubik-como-protagonistas-y-el-apoyo-de-la-diputacion","status":"publish","type":"post","link":"https:\/\/lavozdehellin.com\/noticias\/v08-755-albacete-agora-open-2024-se-disputa-el-15-de-junio-con-los-cubos-de-rubik-como-protagonistas-y-el-apoyo-de-la-diputacion\/","title":{"rendered":"LVH NOTICIAS | \u2018ALBACETE \u00c1GORA OPEN 2024\u2019 SE DISPUTA EL 15 DE JUNIO CON LOS CUBOS DE RUBIK COMO PROTAGONISTAS Y EL APOYO DE LA DIPUTACI\u00d3N"},"content":{"rendered":"<p style=\"text-align: justify;\">El diputado provincial de Juventud y Deportes, Dani Sancha, ha participado en la presentaci\u00f3n del \u2018Albacete \u00c1gora Open 2024\u2019, una campeonato de cubos de rubik organizado por la Asociaci\u00f3n Espa\u00f1ola de Speedcubing, que se disputar\u00e1 en el Centro Cultural \u00c1gora de la capital el pr\u00f3ximo 15 de junio con el apoyo de la Diputaci\u00f3n.<\/p>\n<p><!--more--><br \/>\n<!--publicidad-voz01--><a href=\"https:\/\/www.facebook.com\/SoloRadioHellin\/?locale=es_ES\"><img decoding=\"async\" class=\"alignnone size-medium\" src=\"https:\/\/blogger.googleusercontent.com\/img\/b\/R29vZ2xl\/AVvXsEiNncirNnyGedv00mhjZjh5Wl4_YPdJGanoAl8tL8zH-HwqE8uHqjEfSt340RHdx-9tuCSIkZ8rFamZiGyYlgDGxCsmXjCH_1xk5eYM3ntFZRvJP_jndOKR7w1UAo9Tu0vrZyOLfqRpHIxYI5SymJJ-pfGCQw6QVpggBH-UgfjiFQ2JOxqxG0Jx94kW83c\/s1600\/logo-principal.jpg\" width=\"100%\" height=\"100\" \/><\/a><!--bestpublic-voz01--><!--desk-in-out-voz01--><br \/>\n<!--publicidad-voz02--><a href=\"https:\/\/www.hellincf.com\/\"><img decoding=\"async\" class=\"alignnone size-medium\" src=\"https:\/\/blogger.googleusercontent.com\/img\/b\/R29vZ2xl\/AVvXsEhuZ4-XfBVj3UtdP8-RZugy3WVrg-Zv28c53m4oV47qYCxL1rX_dqWX_YddsGSnpH5SRDqZ7bZeKPIfDVCDncpjVlhy3aQs2vojcJBn7Gdv9hC2_Nzct_pRFrnFE1a7KTCdY1bT_kAgnY3-iadRZrGeJf1fR2P5fu11bokx0pWjaypoy-ctwCjklldpEbA\/s1600\/logo-principal7.jpg\" width=\"100%\" height=\"100\" \/><\/a><!--bestpublic-voz02--><!--desk-in-out-voz02--><\/p>\n<p style=\"text-align: justify;\">Junto a la concejala de Cultura, Elena Serrall\u00e9, y al delegado de dicha asociaci\u00f3n en Albacete, Jos\u00e9 Antonio Navarro, el responsable provincial ha puesto en valor esta iniciativa a la que es posible inscribirse hasta el mismo d\u00eda de la competici\u00f3n (siendo el l\u00edmite de participantes 50), y ha agradecido a la organizaci\u00f3n y a sus responsables en nuestro territorio el trabajo que vienen realizando no s\u00f3lo para el desarrollo de este evento, sino para visibilizar esta actividad, para darla a conocer y para impulsar Albacete como una de las capitales referentes en cubos de rubik. De hecho, el pr\u00f3ximo noviembre se celebrar\u00e1 aqu\u00ed el Campeonato Nacional (como ya sucediera en 2019).<\/p>\n<p style=\"text-align: justify;\">Adem\u00e1s, Sancha ha destacado la creciente afici\u00f3n que se existe en la provincia en torno a los cubos de rubik y al Speedcubing, y ha se\u00f1alado que es importante que desde las administraciones p\u00fablicas, se a\u00fanen esfuerzos para dinamizar y diversificar las actividades de ocio que se practican en la ciudad y en la provincia.<\/p>\n<p style=\"text-align: justify;\">Reto universal, para j\u00f3venes\u2026 y no tan j\u00f3venes<\/p>\n<p style=\"text-align: justify;\">\u201cEs muy chulo poder ofrecer un evento como \u00e9ste, que nos devuelve a muchos a nuestra ni\u00f1ez; todos hemos intentado o hemos tenido alguna en nuestra casa a lo largo de los a\u00f1os uno de estos cubos, y es de agradecer a Jos\u00e9 Antonio el impulsar este evento para ponerlo en valor, en la ciudad de Albacete y tambi\u00e9n en la provincia\u201d, ha se\u00f1alado.<\/p>\n<p style=\"text-align: justify;\">De hecho, el responsable provincial ha explicado que para la Diputaci\u00f3n de Albacete trabajar desde la escucha activa es un compromiso de acci\u00f3n, entendiendo que es importante promover y favorecer propuestas de ocio saludable que, a su vez, respondan a lo que a la gente le gustar\u00eda ver.<\/p>\n<p style=\"text-align: justify;\">As\u00ed, el diputado ha asegurado que el Gobierno de Santi Caba\u00f1ero viene realizando un gran esfuerzo para dinamizar el deporte y estar al lado de deportistas, clubes, federaciones y asociaciones, apuntando que \u00e9ste es, en todas sus modalidades, un agente transformador y de progreso para las personas y para las sociedades.<\/p>\n<p style=\"text-align: justify;\">\u201cDec\u00eda Jos\u00e9 Antonio que su r\u00e9cord es algo m\u00e1s de 6 segundos; el r\u00e9cord del mundo es 3,13 de Max Park \u2026 podemos imaginar la calidad y la rapidez con la que resuelven el cubo; qui\u00e9n no ha querido resolverlo o no ha buscado en las redes sociales o en televisi\u00f3n formas de intentar resolverlo cuanto antes\u2026 Creo que es un evento muy bonito, muy chulo, para los j\u00f3venes de la provincia de Albacete (y para no los tan j\u00f3venes), y espero que puedan asistir este pr\u00f3ximo s\u00e1bado a este evento\u201d ha animado, destacando los beneficios de esta pr\u00e1ctica deportiva que mejora la memoria y la retenci\u00f3n, ayuda a adquirir conceptos de habilidad matem\u00e1tica, fomenta el esfuerzo y promueve la capacidad de superaci\u00f3n, la paciencia o la perseverancia, entre otros; y reiterando la mano tendida de la Diputaci\u00f3n para que esta pr\u00e1ctica deportiva siga ganando adeptos y afici\u00f3n en la provincia.<\/p>\n<p style=\"text-align: justify;\">Por su parte, Serrall\u00e9 ha resaltado que este Open \u201cno es s\u00f3lo una competici\u00f3n: es una celebraci\u00f3n de la creatividad de la l\u00f3gica y, sobre todo, de la perseverancia; son valores que queremos fomentar en nuestra sociedad, especialmente, entre los m\u00e1s j\u00f3venes. El cubo de Rubik es m\u00e1s que un juguete: es una herramienta educativa que nos ense\u00f1a a resolver problemas, a tener paciencia y a buscar soluciones innovadoras; y es importante tener eventos como \u00e9ste en la agenda cultural de Albacete\u201d.<\/p>\n<p style=\"text-align: justify;\">\u201cTrabajo, pr\u00e1ctica y constancia\u201d<\/p>\n<p style=\"text-align: justify;\">Desde la organizaci\u00f3n han explicado los detalles de esta competici\u00f3n, que comenzar\u00e1 a las 9 de la ma\u00f1ana y tendr\u00e1 como categor\u00eda principal la modalidad 3x3x3, pero tambi\u00e9n contar\u00e1 con pruebas en 2x2x2, 4x4x4, 3x3x3 con una mano y Pyraminx.<\/p>\n<p style=\"text-align: justify;\">Jos\u00e9 Antonio Navarro ha se\u00f1alado que \u201ces una competici\u00f3n oficial, que est\u00e1 regentada por la Asociaci\u00f3n Mundial del cubo\u201d, as\u00ed como que \u201clos resultados obtenidos en esta competici\u00f3n ser\u00e1n incluidos en la base de datos de la de la asociaci\u00f3n mundial; habr\u00e1 unos r\u00e1nkings y unos podios\u201d. No obstante, ha se\u00f1alado que \u201cpor supuesto, cualquiera puede venir y disfrutar de poder ver a gente resolver el cubo de Rubik a gran velocidad\u201d.<\/p>\n<p style=\"text-align: justify;\">Como consejo para quienes quieren introducirse al \u2018mundo\u2019 del cubo de Rubik, ha comentado que \u201cen YouTube hay miles de tutoriales y, con cualquiera de ellos, se puede aprender a resolver el cubo de Rubik sin ning\u00fan problema; y, si ya sabes resolverlo y lo que quieres es mejorar y aumentar tu velocidad, la clave es: trabajo, pr\u00e1ctica y constancia, no hay no hay m\u00e1s\u201d, ha concluido.<\/p>\n<p><!--publicidad-voz03--><a href=\"https:\/\/www.facebook.com\/profile.php?id=100063593791305&amp;locale=es_ES\"><img decoding=\"async\" class=\"alignnone size-medium\" src=\"https:\/\/blogger.googleusercontent.com\/img\/b\/R29vZ2xl\/AVvXsEi8_n_ll8UOcGxCqzFvb_9Io4ICczlGC990BPtPj2w9Px-u7B3oqWUW5vtjZUqPNJ-nyjiUIorE0ATsib_l5tV8BVN-UJ03RTnU__IHJF_4DgDBtY4LIqXNG-FomrO-7ywes20CBCRM2Hcm7EJSh3UUw1dO-c_uTflUrtgY1i7uBRezj_DpympmEFkfbQY\/s1600\/logo-principal2.jpg\" width=\"100%\" height=\"100\" \/><\/a><!--bestpublic-voz03--><!--desk-in-out-voz03--><br \/>\n<!--publicidad-voz04--><a href=\"https:\/\/www.facebook.com\/profile.php?id=61557370768692&amp;locale=es_ES\"><img decoding=\"async\" class=\"alignnone size-medium\" src=\"https:\/\/blogger.googleusercontent.com\/img\/b\/R29vZ2xl\/AVvXsEgy5RdcfffrnrItnYTcV9bCJjgJwldsQLWssfVfrLbyfXeBNTFKgBf0rMIvhrUaGUhiXzVr9_eQgCbi-j63ZDpfTvLIty9w7s140y-m1yHe7eKmEK7v2NAHUJDVYGdfeiQFeRCqUjdwWmN1MX_AUxxz4IVdJ4WIM0APxit8bjWkXzrnEFGqBvW_1F13H1g\/s1600\/logo-principal5.jpg\" width=\"100%\" height=\"100\" \/><\/a><!--bestpublic-voz04--><!--desk-in-out-voz04--><br \/>\n<!--publicidad-voz05--><a href=\"https:\/\/www.facebook.com\/asociaciontamborileroshellin?locale=es_ES\"><img decoding=\"async\" class=\"alignnone size-medium\" src=\"https:\/\/blogger.googleusercontent.com\/img\/b\/R29vZ2xl\/AVvXsEhHEEpZsKK1VpwiYMrS7aE2ujtqIDZoLd4B5wtbiseSU9s2HdTdQfhF84So2XwEB1fv0BLw95GADm6hUl1bkKtzh-eIgVigXONuu_5RxeIMPhjk8q6uNX4EaEHbooKkbu7pCADWPpVJjhKIH5NQSJpWqedC-YBez4QAQeJYokkLot9bhrIaUAeztsGis6M\/s1600\/logo-principal3.jpg\" width=\"100%\" height=\"100\" \/><\/a><!--bestpublic-voz05--><!--desk-in-out-voz05--><br \/>\n<!--publicidad-voz06--><!--bestpublic-voz06--><!--desk-in-out-voz06--><br \/>\n<!--publicidad-voz07--><!--bestpublic-voz07--><!--desk-in-out-voz07--><br \/>\n<!--publicidad-voz08--><!--bestpublic-voz08--><!--desk-in-out-voz08--><br \/>\n<!--publicidad-voz09--><!--bestpublic-voz09--><!--desk-in-out-voz09--><br \/>\n<!--publicidad-voz10--><!--bestpublic-voz10--><!--desk-in-out-voz10--><br \/>\n<!--publicidad-voz11--><!--bestpublic-voz11--><!--desk-in-out-voz11--><br \/>\n<!--publicidad-voz12--><!--bestpublic-voz12--><!--desk-in-out-voz12--><br \/>\n<!--publicidad-voz13--><!--bestpublic-voz13--><!--desk-in-out-voz13--><br \/>\n<!--publicidad-voz14--><!--bestpublic-voz14--><!--desk-in-out-voz14--><br \/>\n<!--publicidad-voz15--><!--bestpublic-voz15--><!--desk-in-out-voz15--><br \/>\n<!--publicidad-voz16--><!--bestpublic-voz16--><!--desk-in-out-voz16--><\/p>\n","protected":false},"excerpt":{"rendered":"<p>El diputado provincial de Juventud y Deportes, Dani Sancha, ha participado en la presentaci\u00f3n del \u2018Albacete \u00c1gora Open 2024\u2019, una campeonato de cubos de rubik organizado por la Asociaci\u00f3n Espa\u00f1ola&#8230;<\/p>\n","protected":false},"author":2,"featured_media":151100,"comment_status":"closed","ping_status":"closed","sticky":false,"template":"","format":"standard","meta":{"footnotes":""},"categories":[755,718,715,716,717],"tags":[],"class_list":["post-151099","post","type-post","status-publish","format-standard","has-post-thumbnail","hentry","category-blog-lv036","category-blogger","category-la-voz-de-hellin","category-la-voz-de-hellin-la-voz-de-hellin","category-noticias"],"_links":{"self":[{"href":"https:\/\/lavozdehellin.com\/noticias\/wp-json\/wp\/v2\/posts\/151099","targetHints":{"allow":["GET"]}}],"collection":[{"href":"https:\/\/lavozdehellin.com\/noticias\/wp-json\/wp\/v2\/posts"}],"about":[{"href":"https:\/\/lavozdehellin.com\/noticias\/wp-json\/wp\/v2\/types\/post"}],"author":[{"embeddable":true,"href":"https:\/\/lavozdehellin.com\/noticias\/wp-json\/wp\/v2\/users\/2"}],"replies":[{"embeddable":true,"href":"https:\/\/lavozdehellin.com\/noticias\/wp-json\/wp\/v2\/comments?post=151099"}],"version-history":[{"count":0,"href":"https:\/\/lavozdehellin.com\/noticias\/wp-json\/wp\/v2\/posts\/151099\/revisions"}],"wp:featuredmedia":[{"embeddable":true,"href":"https:\/\/lavozdehellin.com\/noticias\/wp-json\/wp\/v2\/media\/151100"}],"wp:attachment":[{"href":"https:\/\/lavozdehellin.com\/noticias\/wp-json\/wp\/v2\/media?parent=151099"}],"wp:term":[{"taxonomy":"category","embeddable":true,"href":"https:\/\/lavozdehellin.com\/noticias\/wp-json\/wp\/v2\/categories?post=151099"},{"taxonomy":"post_tag","embeddable":true,"href":"https:\/\/lavozdehellin.com\/noticias\/wp-json\/wp\/v2\/tags?post=151099"}],"curies":[{"name":"wp","href":"https:\/\/api.w.org\/{rel}","templated":true}]}}