{"id":151102,"date":"2024-06-10T11:13:49","date_gmt":"2024-06-10T09:13:49","guid":{"rendered":"https:\/\/lavozdehellin.com\/noticias\/?p=151102"},"modified":"2024-06-17T17:02:56","modified_gmt":"2024-06-17T15:02:56","slug":"v08-756-la-diputacion-de-albacete-se-suma-a-la-8a-edicion-de-sonrisas-de-cuento-para-avanzar-en-igualdad-de-oportunidades-en-el-acceso-a-la-lectura-con-mas-de-2-300-libros-donados-a-accem","status":"publish","type":"post","link":"https:\/\/lavozdehellin.com\/noticias\/v08-756-la-diputacion-de-albacete-se-suma-a-la-8a-edicion-de-sonrisas-de-cuento-para-avanzar-en-igualdad-de-oportunidades-en-el-acceso-a-la-lectura-con-mas-de-2-300-libros-donados-a-accem\/","title":{"rendered":"LVH NOTICIAS | LA DIPUTACI\u00d3N DE ALBACETE SE SUMA A LA 8\u00aa EDICI\u00d3N DE \u2018SONRISAS DE CUENTO\u2019 PARA AVANZAR EN IGUALDAD DE OPORTUNIDADES EN EL ACCESO A LA LECTURA, CON M\u00c1S DE 2.300 LIBROS DONADOS A ACCEM"},"content":{"rendered":"<p style=\"text-align: justify;\">La Diputaci\u00f3n de Albacete se ha sumado, una edici\u00f3n m\u00e1s (la octava) al programa \u2018Sonrisas de Cuento\u2019 que impulsa Atresmedia Radio Albacete con el objetivo de favorecer el acceso a la lectura a los ni\u00f1os, ni\u00f1as y j\u00f3venes que viven en situaciones de vulnerabilidad.<\/p>\n<p><!--more--><br \/>\n<!--publicidad-voz01--><a href=\"https:\/\/www.facebook.com\/SoloRadioHellin\/?locale=es_ES\"><img decoding=\"async\" class=\"alignnone size-medium\" src=\"https:\/\/blogger.googleusercontent.com\/img\/b\/R29vZ2xl\/AVvXsEiNncirNnyGedv00mhjZjh5Wl4_YPdJGanoAl8tL8zH-HwqE8uHqjEfSt340RHdx-9tuCSIkZ8rFamZiGyYlgDGxCsmXjCH_1xk5eYM3ntFZRvJP_jndOKR7w1UAo9Tu0vrZyOLfqRpHIxYI5SymJJ-pfGCQw6QVpggBH-UgfjiFQ2JOxqxG0Jx94kW83c\/s1600\/logo-principal.jpg\" width=\"100%\" height=\"100\" \/><\/a><!--bestpublic-voz01--><!--desk-in-out-voz01--><br \/>\n<!--publicidad-voz02--><a href=\"https:\/\/www.hellincf.com\/\"><img decoding=\"async\" class=\"alignnone size-medium\" src=\"https:\/\/blogger.googleusercontent.com\/img\/b\/R29vZ2xl\/AVvXsEhuZ4-XfBVj3UtdP8-RZugy3WVrg-Zv28c53m4oV47qYCxL1rX_dqWX_YddsGSnpH5SRDqZ7bZeKPIfDVCDncpjVlhy3aQs2vojcJBn7Gdv9hC2_Nzct_pRFrnFE1a7KTCdY1bT_kAgnY3-iadRZrGeJf1fR2P5fu11bokx0pWjaypoy-ctwCjklldpEbA\/s1600\/logo-principal7.jpg\" width=\"100%\" height=\"100\" \/><\/a><!--bestpublic-voz02--><!--desk-in-out-voz02--><\/p>\n<p style=\"text-align: justify;\">El diputado provincial de Educaci\u00f3n y Cultura, Miguel Zamora, ha participado en este evento que ha contado con la implicaci\u00f3n del Gobierno que preside Santi Caba\u00f1ero, y en el que los libros recogidos este a\u00f1o tendr\u00e1n una nueva vida a manos de ACCEM, una ONG que trabaja diariamente con familias refugiadas en el territorio albacetense.<\/p>\n<p style=\"text-align: justify;\">En total, son m\u00e1s de 2.300 ejemplares los que \u2018cambiar\u00e1n de manos\u2019 gracias a la acci\u00f3n solidaria de Atresmedia Radio Albacete, a los oyentes de las frecuencias Onda Cero y Europa FM, as\u00ed como a las empresas patrocinadoras, que han realizado acciones internas con sus empleados y empleadas o han puesto puntos de recogida, tal y como ha destacado el responsable provincial, agradeciendo a cada una de estas \u201cpartes implicadas\u201d su colaboraci\u00f3n y su compromiso.<\/p>\n<p style=\"text-align: justify;\">Adem\u00e1s, ha aprovechado la ocasi\u00f3n para dar las gracias, en nombre de la Diputaci\u00f3n, a todas aquellas personas que han tenido la sensibilidad de donar sus libros, recordando que con su apoyo este proyecto ha conseguido \u2018recoger\u2019 m\u00e1s de 12.000 ejemplares en estos 8 a\u00f1os de vida. Una cifra que se traduce en miles y miles de sonrisas, de aventuras, de viajes\u2026 \u201cgracias a esta \u2018familia de cuento\u2019 que ha creado AtresMedia en la provincia y gracias, por supuesto, a la solidaridad de la sociedad albacetense\u201d.<\/p>\n<p style=\"text-align: justify;\">Una realidad que conocen bien muchos colectivos de esta provincia que han formado parte de este proyecto en ediciones previas (Afanion, MIES, la Fundaci\u00f3n Atenea, la Asociaci\u00f3n de la amistad con el Pueblo Saharaui, Asprona o la Cruz Roja) y a los que ahora se suma ACCEM que, a buen seguro, como ha subrayado Zamora, \u201csabr\u00e1 dar a estos ejemplares el mejor de los destinos, contribuyendo a transformar realidades\u201d.<\/p>\n<p style=\"text-align: justify;\">Zamora felicita a la organizaci\u00f3n por la forma y el fondo<\/p>\n<p style=\"text-align: justify;\">Adem\u00e1s, el responsable provincial ha felicitado a Atresmedia y a Onda Cero por la forma y el fondo, aludiendo tanto a la unidad de acci\u00f3n entre entidades p\u00fablicas, tejido asociativo y sector privado, como a la esencia de esta iniciativa \u201cque pone el foco en las personas en situaci\u00f3n de vulnerabilidad, pero tambi\u00e9n en los derechos de estas personas, en la igualdad de oportunidades, en la libertad y en el acceso a la lectura que es muy importante para lo anterior\u201d.<\/p>\n<p style=\"text-align: justify;\">De hecho, ha asegurado que ese acceso a la lectura \u201ces un servicio p\u00fablico esencial y debemos garantizarlo entre todos y todas\u201d, dejando claro que fomentar la lectura no es s\u00f3lo animar a que un ni\u00f1o o un adulto lea, \u201ces impulsar a toda una sociedad a ser cada vez mejor\u201d, por todo lo que supone, a nivel de generaci\u00f3n de valores, de potenciaci\u00f3n de la imaginaci\u00f3n, del pensamiento aut\u00f3nomo y cr\u00edtico, de creatividad\u2026, y ha reiterado el compromiso de la Diputaci\u00f3n de Albacete, a trav\u00e9s de su Servicio de Educaci\u00f3n y Cultura, en esta direcci\u00f3n para lo que cuenta con un programa espec\u00edfico.<\/p>\n<p style=\"text-align: justify;\">En esta iniciativa, junto a la Diputaci\u00f3n de Albacete y el Ayuntamiento de la capital, tambi\u00e9n han sumado su colaboraci\u00f3n diversas empresas privadas: Globalcaja, Decoletaje La Precisi\u00f3n, Solar World Stain, Belmonte Cl\u00ednica Dental, Champinter, Grupo Lactalis, HLA Grupo Hospitalario, Imaginalia, DKV, Airbus, Pinturas Nieteo, Arcos, Anastasio, Campos, Farmacia Albacete, Res Power for good, Popular Libros, Climan Aguilar, Atom\u00eda.<\/p>\n<p><!--publicidad-voz03--><a href=\"https:\/\/www.facebook.com\/profile.php?id=100063593791305&amp;locale=es_ES\"><img decoding=\"async\" class=\"alignnone size-medium\" src=\"https:\/\/blogger.googleusercontent.com\/img\/b\/R29vZ2xl\/AVvXsEi8_n_ll8UOcGxCqzFvb_9Io4ICczlGC990BPtPj2w9Px-u7B3oqWUW5vtjZUqPNJ-nyjiUIorE0ATsib_l5tV8BVN-UJ03RTnU__IHJF_4DgDBtY4LIqXNG-FomrO-7ywes20CBCRM2Hcm7EJSh3UUw1dO-c_uTflUrtgY1i7uBRezj_DpympmEFkfbQY\/s1600\/logo-principal2.jpg\" width=\"100%\" height=\"100\" \/><\/a><!--bestpublic-voz03--><!--desk-in-out-voz03--><br \/>\n<!--publicidad-voz04--><a href=\"https:\/\/www.facebook.com\/profile.php?id=61557370768692&amp;locale=es_ES\"><img decoding=\"async\" class=\"alignnone size-medium\" src=\"https:\/\/blogger.googleusercontent.com\/img\/b\/R29vZ2xl\/AVvXsEgy5RdcfffrnrItnYTcV9bCJjgJwldsQLWssfVfrLbyfXeBNTFKgBf0rMIvhrUaGUhiXzVr9_eQgCbi-j63ZDpfTvLIty9w7s140y-m1yHe7eKmEK7v2NAHUJDVYGdfeiQFeRCqUjdwWmN1MX_AUxxz4IVdJ4WIM0APxit8bjWkXzrnEFGqBvW_1F13H1g\/s1600\/logo-principal5.jpg\" width=\"100%\" height=\"100\" \/><\/a><!--bestpublic-voz04--><!--desk-in-out-voz04--><br \/>\n<!--publicidad-voz05--><a href=\"https:\/\/www.facebook.com\/asociaciontamborileroshellin?locale=es_ES\"><img decoding=\"async\" class=\"alignnone size-medium\" src=\"https:\/\/blogger.googleusercontent.com\/img\/b\/R29vZ2xl\/AVvXsEhHEEpZsKK1VpwiYMrS7aE2ujtqIDZoLd4B5wtbiseSU9s2HdTdQfhF84So2XwEB1fv0BLw95GADm6hUl1bkKtzh-eIgVigXONuu_5RxeIMPhjk8q6uNX4EaEHbooKkbu7pCADWPpVJjhKIH5NQSJpWqedC-YBez4QAQeJYokkLot9bhrIaUAeztsGis6M\/s1600\/logo-principal3.jpg\" width=\"100%\" height=\"100\" \/><\/a><!--bestpublic-voz05--><!--desk-in-out-voz05--><br \/>\n<!--publicidad-voz06--><!--bestpublic-voz06--><!--desk-in-out-voz06--><br \/>\n<!--publicidad-voz07--><!--bestpublic-voz07--><!--desk-in-out-voz07--><br \/>\n<!--publicidad-voz08--><!--bestpublic-voz08--><!--desk-in-out-voz08--><br \/>\n<!--publicidad-voz09--><!--bestpublic-voz09--><!--desk-in-out-voz09--><br \/>\n<!--publicidad-voz10--><!--bestpublic-voz10--><!--desk-in-out-voz10--><br \/>\n<!--publicidad-voz11--><!--bestpublic-voz11--><!--desk-in-out-voz11--><br \/>\n<!--publicidad-voz12--><!--bestpublic-voz12--><!--desk-in-out-voz12--><br \/>\n<!--publicidad-voz13--><!--bestpublic-voz13--><!--desk-in-out-voz13--><br \/>\n<!--publicidad-voz14--><!--bestpublic-voz14--><!--desk-in-out-voz14--><br \/>\n<!--publicidad-voz15--><!--bestpublic-voz15--><!--desk-in-out-voz15--><br \/>\n<!--publicidad-voz16--><!--bestpublic-voz16--><!--desk-in-out-voz16--><\/p>\n","protected":false},"excerpt":{"rendered":"<p>La Diputaci\u00f3n de Albacete se ha sumado, una edici\u00f3n m\u00e1s (la octava) al programa \u2018Sonrisas de Cuento\u2019 que impulsa Atresmedia Radio Albacete con el objetivo de favorecer el acceso a&#8230;<\/p>\n","protected":false},"author":2,"featured_media":151103,"comment_status":"closed","ping_status":"closed","sticky":false,"template":"","format":"standard","meta":{"footnotes":""},"categories":[755,718,715,716,717],"tags":[],"class_list":["post-151102","post","type-post","status-publish","format-standard","has-post-thumbnail","hentry","category-blog-lv036","category-blogger","category-la-voz-de-hellin","category-la-voz-de-hellin-la-voz-de-hellin","category-noticias"],"_links":{"self":[{"href":"https:\/\/lavozdehellin.com\/noticias\/wp-json\/wp\/v2\/posts\/151102","targetHints":{"allow":["GET"]}}],"collection":[{"href":"https:\/\/lavozdehellin.com\/noticias\/wp-json\/wp\/v2\/posts"}],"about":[{"href":"https:\/\/lavozdehellin.com\/noticias\/wp-json\/wp\/v2\/types\/post"}],"author":[{"embeddable":true,"href":"https:\/\/lavozdehellin.com\/noticias\/wp-json\/wp\/v2\/users\/2"}],"replies":[{"embeddable":true,"href":"https:\/\/lavozdehellin.com\/noticias\/wp-json\/wp\/v2\/comments?post=151102"}],"version-history":[{"count":0,"href":"https:\/\/lavozdehellin.com\/noticias\/wp-json\/wp\/v2\/posts\/151102\/revisions"}],"wp:featuredmedia":[{"embeddable":true,"href":"https:\/\/lavozdehellin.com\/noticias\/wp-json\/wp\/v2\/media\/151103"}],"wp:attachment":[{"href":"https:\/\/lavozdehellin.com\/noticias\/wp-json\/wp\/v2\/media?parent=151102"}],"wp:term":[{"taxonomy":"category","embeddable":true,"href":"https:\/\/lavozdehellin.com\/noticias\/wp-json\/wp\/v2\/categories?post=151102"},{"taxonomy":"post_tag","embeddable":true,"href":"https:\/\/lavozdehellin.com\/noticias\/wp-json\/wp\/v2\/tags?post=151102"}],"curies":[{"name":"wp","href":"https:\/\/api.w.org\/{rel}","templated":true}]}}