{"id":151105,"date":"2024-06-10T13:10:23","date_gmt":"2024-06-10T11:10:23","guid":{"rendered":"https:\/\/lavozdehellin.com\/noticias\/?p=151105"},"modified":"2024-06-17T17:02:56","modified_gmt":"2024-06-17T15:02:56","slug":"v08-757-villapalacios-viaja-a-1552-con-su-primera-recreacion-historica-del-14-al-16-de-junio-sumando-el-apoyo-de-la-diputacion-de-albacete","status":"publish","type":"post","link":"https:\/\/lavozdehellin.com\/noticias\/v08-757-villapalacios-viaja-a-1552-con-su-primera-recreacion-historica-del-14-al-16-de-junio-sumando-el-apoyo-de-la-diputacion-de-albacete\/","title":{"rendered":"LVH NOTICIAS | VILLAPALACIOS VIAJA A 1552 CON SU PRIMERA RECREACI\u00d3N HIST\u00d3RICA DEL 14 AL 16 DE JUNIO SUMANDO EL APOYO DE LA DIPUTACI\u00d3N DE ALBACETE"},"content":{"rendered":"<p style=\"text-align: justify;\">La I Recreaci\u00f3n Hist\u00f3rica \u2018Villapalacios 1552\u2019 tendr\u00e1 lugar del 14 al 16 de junio en esta bella localidad de la Sierra de Alcaraz y Campo de Montiel, en lo que supondr\u00e1 un aut\u00e9ntico viaje en el tiempo hasta el siglo XVI de la mano de la Asociaci\u00f3n que da nombre a la iniciativa y del Ayuntamiento, y sumando la colaboraci\u00f3n de la Diputaci\u00f3n de Albacete.<\/p>\n<p><!--more--><br \/>\n<!--publicidad-voz01--><a href=\"https:\/\/www.facebook.com\/SoloRadioHellin\/?locale=es_ES\"><img decoding=\"async\" class=\"alignnone size-medium\" src=\"https:\/\/blogger.googleusercontent.com\/img\/b\/R29vZ2xl\/AVvXsEiNncirNnyGedv00mhjZjh5Wl4_YPdJGanoAl8tL8zH-HwqE8uHqjEfSt340RHdx-9tuCSIkZ8rFamZiGyYlgDGxCsmXjCH_1xk5eYM3ntFZRvJP_jndOKR7w1UAo9Tu0vrZyOLfqRpHIxYI5SymJJ-pfGCQw6QVpggBH-UgfjiFQ2JOxqxG0Jx94kW83c\/s1600\/logo-principal.jpg\" width=\"100%\" height=\"100\" \/><\/a><!--bestpublic-voz01--><!--desk-in-out-voz01--><br \/>\n<!--publicidad-voz02--><a href=\"https:\/\/www.hellincf.com\/\"><img decoding=\"async\" class=\"alignnone size-medium\" src=\"https:\/\/blogger.googleusercontent.com\/img\/b\/R29vZ2xl\/AVvXsEhuZ4-XfBVj3UtdP8-RZugy3WVrg-Zv28c53m4oV47qYCxL1rX_dqWX_YddsGSnpH5SRDqZ7bZeKPIfDVCDncpjVlhy3aQs2vojcJBn7Gdv9hC2_Nzct_pRFrnFE1a7KTCdY1bT_kAgnY3-iadRZrGeJf1fR2P5fu11bokx0pWjaypoy-ctwCjklldpEbA\/s1600\/logo-principal7.jpg\" width=\"100%\" height=\"100\" \/><\/a><!--bestpublic-voz02--><!--desk-in-out-voz02--><\/p>\n<p style=\"text-align: justify;\">El vicepresidente de la instituci\u00f3n provincial, Fran Valera, junto a la la diputada de Agenda 2030, Yolanda Ballesteros; al alcalde de la localidad anfitriona, Jos\u00e9 Pajares, y al coordinador del evento y presidente de la entidad organizadora, Jos\u00e9 \u00c1ngel Monta\u00f1\u00e9s, ha presentado p\u00fablicamente esta actividad en la que est\u00e1 prevista la participaci\u00f3n de m\u00e1s de 250 recreadores y recreadoras: cerca de 100 de Villapalacios y el resto procedentes de nueve comunidades aut\u00f3nomas diferentes y en torno a 15 entidades recreadoras de toda Espa\u00f1a, como \u2018Alcaraz Renacentista\u2019 (Albacete), \u2018Yecla Siglo de Oro\u2019 (Murcia) o \u2018Albaladejo Siglo de Oro\u2019 (Ciudad Real).<\/p>\n<p style=\"text-align: justify;\">Protagonizadas por dos figuras hist\u00f3ricas claves en el municipio, Juana Manrique de Lara y Jer\u00f3nimo de Aliaga, estas primeras jornadas representar\u00e1n la llegada de ambos a la poblaci\u00f3n, el anuncio de su boda en 1552 en la iglesia g\u00f3tica de San Sebasti\u00e1n y los dos d\u00edas de fiesta que el alcalde ordinario de la villa decret\u00f3. En lo que ser\u00e1 una aut\u00e9ntica inmersi\u00f3n hist\u00f3rica en la vida del Villapalacios de la segunda mitad del siglo XVI; la historia del Se\u00f1or\u00edo de las Cinco Villas del que esta localidad fue cabeza, la gastronom\u00eda, la vida social, las fiestas y tradiciones y la religiosidad del momento a trav\u00e9s de una gran variedad de actividades y talleres que se desarrollar\u00e1n hasta en siete escenarios diferentes (la Plaza Mayor, las Placetas del Correo y San Crist\u00f3bal, y las calles de los Charcos, Ram\u00f3n y Cajal, el Toril y Conde de Paredes).<\/p>\n<p style=\"text-align: justify;\">Valera, que junto a Ballesteros tuvo la oportunidad de vivir en persona el pasado viernes \u201cel pistoletazo de salida\u201d a estas Jornadas, ha asegurado que \u201ces una gran idea que los municipios se den vida y se reconozcan en su historia\u201d, se\u00f1alando que estas actividades act\u00faan como agente dinamizador y tambi\u00e9n como revulsivo para la econom\u00eda local y para el turismo, y ha agradecido p\u00fablicamente el trabajo, la implicaci\u00f3n y el esfuerzo tanto del Consistorio local como de la Asociaci\u00f3n Villapalacios 1552, felicit\u00e1ndoles por esta iniciativa que parte de los trabajos de investigaci\u00f3n del presidente de esta entidad.<\/p>\n<p style=\"text-align: justify;\">Valera se\u00f1ala que \u201ceventos como \u00e9ste tienen un plus cuando reconocen nuestra historia y nuestra identidad\u201d<\/p>\n<p style=\"text-align: justify;\">Adem\u00e1s, ha tenido palabras de reconocimiento tambi\u00e9n para el conjunto de la ciudadan\u00eda, poniendo el foco en la implicaci\u00f3n, el entusiasmo y la ilusi\u00f3n con la que han acogido esta iniciativa, ya que de los en torno a 550 vecinos y vecinas del municipio m\u00e1s de 100 forman parte de esta aventura e, incluso, han creado un taller de costura hist\u00f3rica para elaborar los trajes que lucir\u00e1n a lo largo de las jornadas, y que durante la presentaci\u00f3n se han podido disfrutar en persona en la Sala de Prensa de la Diputaci\u00f3n.<\/p>\n<p style=\"text-align: justify;\">Valera tambi\u00e9n ha explicado que en la instituci\u00f3n provincial fueron part\u00edcipes de estas jornadas desde el primer momento, apuntando que \u201ceventos como \u00e9ste tienen un plus cuando reconocen nuestra historia y nuestra identidad\u201d, y ha destacado c\u00f3mo han sido capaces de dar forma a este ambicioso proyecto \u201cen un tiempo r\u00e9cord\u201d, asegurando que para ello s\u00f3lo han hecho falta \u201cdos cosas: cabeza y coraz\u00f3n\u201d.<\/p>\n<p style=\"text-align: justify;\">As\u00ed, ha dejado claro que esta iniciativa cuenta con un gran equipo en lo relativo a la organizaci\u00f3n, que conseguir\u00e1 \u201ctransportar a Villapalacios a mediados del siglo XVI con rigor hist\u00f3rico\u201d y tambi\u00e9n ha reiterado la implicaci\u00f3n de la poblaci\u00f3n, con una menci\u00f3n especial a la importancia que tiene conseguir que estas actividades lleguen a los m\u00e1s peque\u00f1os y peque\u00f1as y que se sientan part\u00edcipes, como as\u00ed ocurre con esta cita.<\/p>\n<p style=\"text-align: justify;\">En este sentido, Valera ha explicado que \u201cpor la idea, por la repercusi\u00f3n que va a tener y por el nombre que le va a dar a Villapalacios, pero tambi\u00e9n al conjunto de la provincia, la Diputaci\u00f3n no pod\u00eda hacer otra cosa que estar\u201d. As\u00ed, la instituci\u00f3n provincial colabora a trav\u00e9s de un convenio con la Asociaci\u00f3n Villapalacios 1552, por valor de 3.000 \u20ac, en l\u00ednea con el compromiso del Gobierno provincial presidido por Santi Caba\u00f1ero con cada iniciativa que se pone en marcha en este territorio para impulsar el desarrollo rural desde una apuesta decidida por la conservaci\u00f3n, puesta en valor y difusi\u00f3n de nuestro patrimonio local.<\/p>\n<p style=\"text-align: justify;\">El vicepresidente de la Diputaci\u00f3n ha confiado en que el pr\u00f3ximo a\u00f1o \u201cestemos hablando de otras cuant\u00edas porque eso significar\u00e1 que ha sido un \u00e9xito, que la cabeza sigue bien amueblada y que el coraz\u00f3n late con m\u00e1s fuerza\u201d.<\/p>\n<p style=\"text-align: justify;\">Ballesteros destaca que en estas jornadas se dan cita tres bienes patrimoniales protegidos<\/p>\n<p style=\"text-align: justify;\">En esta l\u00ednea, la diputada responsable de la Agenda 2030, Yolanda Ballesteros, que se ha sumado a los agradecimientos a todas las partes implicadas, ha asegurado que estas Jornadas tambi\u00e9n muestran la unidad comarcal, y ha destacado que en ellas se dar\u00e1n cita tres bienes patrimoniales protegidos.<\/p>\n<p style=\"text-align: justify;\">Se trata de la Iglesia g\u00f3tica de San Esteban (BIC); el toque de campana manual (Patrimonio de la Humanidad por la Unesco) y las alfombras de nudo espa\u00f1ol de la mano de Alcaraz (Manifestaci\u00f3n Representativa del Patrimonio Cultural Inmaterial de Espa\u00f1a). Adem\u00e1s, ha se\u00f1alado que Villapalacios ha \u2018acu\u00f1ado\u2019 su propia moneda de recuerdo de esta cita, \u201clo que suma un valor a\u00f1adido\u201d a la misma.<\/p>\n<p style=\"text-align: justify;\">El alcalde de Villapalacios subraya la importancia de estas Jornadas para la localidad<\/p>\n<p style=\"text-align: justify;\">El alcalde de Villapalacios, Jos\u00e9 Pajares, que ha agradecido p\u00fablicamente \u201cel apoyo econ\u00f3mico e institucional\u201d de la Diputaci\u00f3n, ha querido reconocer p\u00fablicamente el trabajo y el impulso de la Asociaci\u00f3n Villapalacios 1552, as\u00ed como la implicaci\u00f3n de los vecinos y vecinas, \u201csin quienes no habr\u00eda sido posible\u201d.<\/p>\n<p style=\"text-align: justify;\">Tambi\u00e9n ha explicado que esta iniciativa se ha convertido \u201cen un proyecto de orgullo identitario\u201d, y ha se\u00f1alado que con \u00e9l se persigue \u201cponer en valor la historia de Villapalacios y poner a la localidad en el mapa\u201d, remarcando que a la vez se promociona esa historia y esa cultura local y se consigue un impulso econ\u00f3mico y promocional, pero tambi\u00e9n social.<\/p>\n<p style=\"text-align: justify;\">Finalmente, Pajares ha a\u00f1adido que estas jornadas son \u201cun primer paso para promocionar el Se\u00f1or\u00edo de las Cinco Villas, lo que supuso para la historia de la provincia, y para promocionar la Sierra de Alcaraz\u201d.<\/p>\n<p style=\"text-align: justify;\">Una rica programaci\u00f3n de actividades<\/p>\n<p style=\"text-align: justify;\">Por su parte, el coordinador de las jornadas, Jos\u00e9 \u00c1ngel Monta\u00f1\u00e9s, que tambi\u00e9n ha agradecido el apoyo constante de la Diputaci\u00f3n, ha dado a conocer los detalles de esta \u201cambiciosa\u201d iniciativa que cuenta con una rica y variada programaci\u00f3n de actividades de muy diversa \u00edndole, remarcando que \u201cVillapalacios es un peque\u00f1o pueblo con gran historia, que fruto del trabajo y la investigaci\u00f3n conocemos m\u00e1s\u201d.<\/p>\n<p style=\"text-align: justify;\">En la Plaza Mayor se instalar\u00e1n una decena de puestos de venta de diferentes productos que tendr\u00e1n bebidas y comidas de los siglos XVI, como el Hipocr\u00e1s o la aloja, y en los alrededores de la iglesia de San Sebasti\u00e1n se recrear\u00e1n una decena de talleres artesanos, el 90% realizados por vecinos y vecinas: de quesos de pastor, fragua, trabajos de la lana y elaboraci\u00f3n de alfombras con nudo espa\u00f1ol, mimbre, obleas, cocina y sastrer\u00eda hist\u00f3rica\u2026, en la que se elaborar\u00e1n productos a la vista de todos.<\/p>\n<p style=\"text-align: justify;\">Durante el s\u00e1bado, se han previsto juegos de azar (entre ellos, el caracter\u00edstico Juego de la Taza, que se ha mantenido desde hace siglos y por primera vez se \u2018jugar\u00e1\u2019 fuera de las fiestas patronales) y un taller infantil te\u00f3rico y pr\u00e1ctico \u2018\u00bfA qu\u00e9 jugaban los ni\u00f1os en el siglo XVI?\u2019, unidos a otras propuestas de poes\u00eda, danza y m\u00fasica de la \u00e9poca<\/p>\n<p style=\"text-align: justify;\">Danza, teatro y m\u00fasica renacentista, escritura del Siglo de Oro\u2026, adem\u00e1s de un desfile militar con una exhibici\u00f3n de armas hist\u00f3ricas (arcabuces y picas) en honor de los principales personajes, junto con una misa donde ellos ser\u00e1n los protagonistas, marcar\u00e1n la jornada del domingo<\/p>\n<p><!--publicidad-voz03--><a href=\"https:\/\/www.facebook.com\/profile.php?id=100063593791305&amp;locale=es_ES\"><img decoding=\"async\" class=\"alignnone size-medium\" src=\"https:\/\/blogger.googleusercontent.com\/img\/b\/R29vZ2xl\/AVvXsEi8_n_ll8UOcGxCqzFvb_9Io4ICczlGC990BPtPj2w9Px-u7B3oqWUW5vtjZUqPNJ-nyjiUIorE0ATsib_l5tV8BVN-UJ03RTnU__IHJF_4DgDBtY4LIqXNG-FomrO-7ywes20CBCRM2Hcm7EJSh3UUw1dO-c_uTflUrtgY1i7uBRezj_DpympmEFkfbQY\/s1600\/logo-principal2.jpg\" width=\"100%\" height=\"100\" \/><\/a><!--bestpublic-voz03--><!--desk-in-out-voz03--><br \/>\n<!--publicidad-voz04--><a href=\"https:\/\/www.facebook.com\/profile.php?id=61557370768692&amp;locale=es_ES\"><img decoding=\"async\" class=\"alignnone size-medium\" src=\"https:\/\/blogger.googleusercontent.com\/img\/b\/R29vZ2xl\/AVvXsEgy5RdcfffrnrItnYTcV9bCJjgJwldsQLWssfVfrLbyfXeBNTFKgBf0rMIvhrUaGUhiXzVr9_eQgCbi-j63ZDpfTvLIty9w7s140y-m1yHe7eKmEK7v2NAHUJDVYGdfeiQFeRCqUjdwWmN1MX_AUxxz4IVdJ4WIM0APxit8bjWkXzrnEFGqBvW_1F13H1g\/s1600\/logo-principal5.jpg\" width=\"100%\" height=\"100\" \/><\/a><!--bestpublic-voz04--><!--desk-in-out-voz04--><br \/>\n<!--publicidad-voz05--><a href=\"https:\/\/www.facebook.com\/asociaciontamborileroshellin?locale=es_ES\"><img decoding=\"async\" class=\"alignnone size-medium\" src=\"https:\/\/blogger.googleusercontent.com\/img\/b\/R29vZ2xl\/AVvXsEhHEEpZsKK1VpwiYMrS7aE2ujtqIDZoLd4B5wtbiseSU9s2HdTdQfhF84So2XwEB1fv0BLw95GADm6hUl1bkKtzh-eIgVigXONuu_5RxeIMPhjk8q6uNX4EaEHbooKkbu7pCADWPpVJjhKIH5NQSJpWqedC-YBez4QAQeJYokkLot9bhrIaUAeztsGis6M\/s1600\/logo-principal3.jpg\" width=\"100%\" height=\"100\" \/><\/a><!--bestpublic-voz05--><!--desk-in-out-voz05--><br \/>\n<!--publicidad-voz06--><!--bestpublic-voz06--><!--desk-in-out-voz06--><br \/>\n<!--publicidad-voz07--><!--bestpublic-voz07--><!--desk-in-out-voz07--><br \/>\n<!--publicidad-voz08--><!--bestpublic-voz08--><!--desk-in-out-voz08--><br \/>\n<!--publicidad-voz09--><!--bestpublic-voz09--><!--desk-in-out-voz09--><br \/>\n<!--publicidad-voz10--><!--bestpublic-voz10--><!--desk-in-out-voz10--><br \/>\n<!--publicidad-voz11--><!--bestpublic-voz11--><!--desk-in-out-voz11--><br \/>\n<!--publicidad-voz12--><!--bestpublic-voz12--><!--desk-in-out-voz12--><br \/>\n<!--publicidad-voz13--><!--bestpublic-voz13--><!--desk-in-out-voz13--><br \/>\n<!--publicidad-voz14--><!--bestpublic-voz14--><!--desk-in-out-voz14--><br \/>\n<!--publicidad-voz15--><!--bestpublic-voz15--><!--desk-in-out-voz15--><br \/>\n<!--publicidad-voz16--><!--bestpublic-voz16--><!--desk-in-out-voz16--><\/p>\n","protected":false},"excerpt":{"rendered":"<p>La I Recreaci\u00f3n Hist\u00f3rica \u2018Villapalacios 1552\u2019 tendr\u00e1 lugar del 14 al 16 de junio en esta bella localidad de la Sierra de Alcaraz y Campo de Montiel, en lo que&#8230;<\/p>\n","protected":false},"author":2,"featured_media":151106,"comment_status":"closed","ping_status":"closed","sticky":false,"template":"","format":"standard","meta":{"footnotes":""},"categories":[755,718,715,716,717],"tags":[],"class_list":["post-151105","post","type-post","status-publish","format-standard","has-post-thumbnail","hentry","category-blog-lv036","category-blogger","category-la-voz-de-hellin","category-la-voz-de-hellin-la-voz-de-hellin","category-noticias"],"_links":{"self":[{"href":"https:\/\/lavozdehellin.com\/noticias\/wp-json\/wp\/v2\/posts\/151105","targetHints":{"allow":["GET"]}}],"collection":[{"href":"https:\/\/lavozdehellin.com\/noticias\/wp-json\/wp\/v2\/posts"}],"about":[{"href":"https:\/\/lavozdehellin.com\/noticias\/wp-json\/wp\/v2\/types\/post"}],"author":[{"embeddable":true,"href":"https:\/\/lavozdehellin.com\/noticias\/wp-json\/wp\/v2\/users\/2"}],"replies":[{"embeddable":true,"href":"https:\/\/lavozdehellin.com\/noticias\/wp-json\/wp\/v2\/comments?post=151105"}],"version-history":[{"count":0,"href":"https:\/\/lavozdehellin.com\/noticias\/wp-json\/wp\/v2\/posts\/151105\/revisions"}],"wp:featuredmedia":[{"embeddable":true,"href":"https:\/\/lavozdehellin.com\/noticias\/wp-json\/wp\/v2\/media\/151106"}],"wp:attachment":[{"href":"https:\/\/lavozdehellin.com\/noticias\/wp-json\/wp\/v2\/media?parent=151105"}],"wp:term":[{"taxonomy":"category","embeddable":true,"href":"https:\/\/lavozdehellin.com\/noticias\/wp-json\/wp\/v2\/categories?post=151105"},{"taxonomy":"post_tag","embeddable":true,"href":"https:\/\/lavozdehellin.com\/noticias\/wp-json\/wp\/v2\/tags?post=151105"}],"curies":[{"name":"wp","href":"https:\/\/api.w.org\/{rel}","templated":true}]}}