{"id":151108,"date":"2024-06-10T19:29:11","date_gmt":"2024-06-10T17:29:11","guid":{"rendered":"https:\/\/lavozdehellin.com\/noticias\/?p=151108"},"modified":"2024-06-17T17:02:56","modified_gmt":"2024-06-17T15:02:56","slug":"v08-758-cabanero-participa-en-la-presentacion-del-capitulo-de-albacete-de-la-academia-de-ciencias-sociales-y-humanidades-de-castilla-la-mancha-un-instrumento-ya-imprescindible-para-esta-tierra","status":"publish","type":"post","link":"https:\/\/lavozdehellin.com\/noticias\/v08-758-cabanero-participa-en-la-presentacion-del-capitulo-de-albacete-de-la-academia-de-ciencias-sociales-y-humanidades-de-castilla-la-mancha-un-instrumento-ya-imprescindible-para-esta-tierra\/","title":{"rendered":"LVH NOTICIAS | CABA\u00d1ERO PARTICIPA EN LA PRESENTACI\u00d3N DEL CAP\u00cdTULO DE ALBACETE DE LA ACADEMIA DE CIENCIAS SOCIALES Y HUMANIDADES DE CASTILLA-LA MANCHA, \u201cUN INSTRUMENTO YA IMPRESCINDIBLE PARA ESTA TIERRA\u201d"},"content":{"rendered":"<p style=\"text-align: justify;\">La Diputaci\u00f3n ha acogido la presentaci\u00f3n p\u00fablica del Cap\u00edtulo de Albacete de la Academia de Ciencias Sociales y Humanidades de Castilla-La Mancha, y el presidente de la instituci\u00f3n, Santi Caba\u00f1ero, no ha faltado a este acto junto al m\u00e1ximo responsable de la entidad, Luis Arroyo.<\/p>\n<p><!--more--><br \/>\n<!--publicidad-voz01--><a href=\"https:\/\/www.facebook.com\/SoloRadioHellin\/?locale=es_ES\"><img decoding=\"async\" class=\"alignnone size-medium\" src=\"https:\/\/blogger.googleusercontent.com\/img\/b\/R29vZ2xl\/AVvXsEiNncirNnyGedv00mhjZjh5Wl4_YPdJGanoAl8tL8zH-HwqE8uHqjEfSt340RHdx-9tuCSIkZ8rFamZiGyYlgDGxCsmXjCH_1xk5eYM3ntFZRvJP_jndOKR7w1UAo9Tu0vrZyOLfqRpHIxYI5SymJJ-pfGCQw6QVpggBH-UgfjiFQ2JOxqxG0Jx94kW83c\/s1600\/logo-principal.jpg\" width=\"100%\" height=\"100\" \/><\/a><!--bestpublic-voz01--><!--desk-in-out-voz01--><br \/>\n<!--publicidad-voz02--><a href=\"https:\/\/www.hellincf.com\/\"><img decoding=\"async\" class=\"alignnone size-medium\" src=\"https:\/\/blogger.googleusercontent.com\/img\/b\/R29vZ2xl\/AVvXsEhuZ4-XfBVj3UtdP8-RZugy3WVrg-Zv28c53m4oV47qYCxL1rX_dqWX_YddsGSnpH5SRDqZ7bZeKPIfDVCDncpjVlhy3aQs2vojcJBn7Gdv9hC2_Nzct_pRFrnFE1a7KTCdY1bT_kAgnY3-iadRZrGeJf1fR2P5fu11bokx0pWjaypoy-ctwCjklldpEbA\/s1600\/logo-principal7.jpg\" width=\"100%\" height=\"100\" \/><\/a><!--bestpublic-voz02--><!--desk-in-out-voz02--><\/p>\n<p style=\"text-align: justify;\">As\u00ed, Caba\u00f1ero, que ha estado acompa\u00f1ado del diputado del \u00c1rea Social, Jos\u00e9 Gonz\u00e1lez, ha agradecido la elecci\u00f3n del espacio, asegurando que es \u201cun placer\u201d acoger este evento, y ha destacado la importancia que tiene para Castilla-La Mancha y para Albacete la presencia de esta Academia.<\/p>\n<p style=\"text-align: justify;\">De hecho, ha afirmado que \u201ces un orgullo contar con este recurso, m\u00e1s a\u00fan en momentos como los que vivimos, en los que todo va muy r\u00e1pido, en los que no hay tiempo para reflexionar, en los que se han instalado las fake news\u2026; es fundamental poder parar, reflexionar y tener espacios para las ideas y la cultura, esa cultura que nos hace libres, que cuando se democratiza y llega hasta los \u00faltimos rincones y bolsillos tambi\u00e9n nos hace m\u00e1s iguales. Y a eso nos tiene que ayudar esta Academia\u201d.<\/p>\n<p style=\"text-align: justify;\">En este sentido, Caba\u00f1ero ha asegurado que contar con ella \u201ces no s\u00f3lo una suerte, sino un inmenso privilegio que en esta provincia acogemos con entusiasmo\u201d, y ha felicitado a todas las personas que impulsaron y consolidaron esta idea, incidiendo en su \u201cutilidad\u201d como espacio de reflexi\u00f3n, de generaci\u00f3n de conocimiento y elaboraci\u00f3n de ideas racionales, objetivas y fundamentadas. Ideas que, como ha subrayado, estar\u00e1n al servicio del progreso y del desarrollo de nuestra tierra.<\/p>\n<p style=\"text-align: justify;\">La Diputaci\u00f3n y la Academia, una relaci\u00f3n fruct\u00edfera para esta tierra y sus gentes<\/p>\n<p style=\"text-align: justify;\">Adem\u00e1s, ha puesto de relieve que esta instituci\u00f3n ha venido a enriquecer a esta provincia y a esta regi\u00f3n, advirtiendo que \u201ces uno de esos instrumentos que no sab\u00edamos que necesit\u00e1bamos hasta que lo hemos tenido, y ya se est\u00e1 convirtiendo en uno de los imprescindibles\u201d.<\/p>\n<p style=\"text-align: justify;\">Caba\u00f1ero, tendi\u00e9ndoles la mano para trabajar conjuntamente en todas aquellas cuestiones que sean positivas y enriquecedoras para este territorio, ha confiado en que la relaci\u00f3n entre la Diputaci\u00f3n y la Academia sea no s\u00f3lo fruct\u00edfera para ambas instituciones, sino para el conjunto de esta tierra y de sus gentes.<\/p>\n<p style=\"text-align: justify;\">De hecho, tal y como ha explicado el presidente de la propia Academia, Luis Arroyo, que tambi\u00e9n ha destacado el papel del Instituto de Estudios Albacetenses \u2018Don Juan Manuel, ambas instituciones ya est\u00e1n trabajando de la mano para impulsar diferentes proyectos, entre los que se encuentran unas jornadas sobre Econom\u00eda Social en Casas Ib\u00e1\u00f1ez y Villamalea, la creaci\u00f3n de una memoria de personalidades ilustres de la provincia, un estudio en torno al sector del aceite, jornadas sobre las D.O. y los productos artesanales de la provincia o una \u2018aventura musical\u2019 con El Quijote como protagonista.<\/p>\n<p style=\"text-align: justify;\">Caba\u00f1ero: \u201cEnhorabuena y muchas gracias a Rub\u00ed, y enhorabuena y muchas gracias a la Academia por esta distinci\u00f3n m\u00e1s que merecida\u201d<\/p>\n<p style=\"text-align: justify;\">Durante el acto se ha hecho entrega de diplomas acreditativos a acad\u00e9micos y acad\u00e9micas albacetenses (algunos de ellos miembros del IEA), y se ha rendido un emotivo homenaje a una de ellas, Rub\u00ed Sanz, que ha recibido el primer Premio que otorga la Academia de Ciencias Sociales y Humanidades de Castilla-La Mancha, para quien Caba\u00f1ero ha tenido palabras de reconocimiento y gratitud, destacando su disposici\u00f3n siempre a sumar en pro de esta provincia y de su patrimonio, \u201cponiendo siempre su saber, que es mucho, al servicio de esta tierra\u201d.<\/p>\n<p style=\"text-align: justify;\">\u201cEnhorabuena y muchas gracias a Rub\u00ed y enhorabuena y muchas gracias a la Academia por esta distinci\u00f3n m\u00e1s que merecida\u201d, ha afirmado el presidente de la Diputaci\u00f3n, que tambi\u00e9n ha aprovechado la ocasi\u00f3n para felicitar a cada uno de los acad\u00e9micos y acad\u00e9micas albacetenses, advirtiendo que son su labor diaria hacen de \u00e9sta una provincia mejor.<\/p>\n<p style=\"text-align: justify;\">A esta presentaci\u00f3n tambi\u00e9n han asistido el vicepresidente de la Academia, Antonio Roncero, responsables de la Universidad de Castilla-La Mancha, as\u00ed como el presidente del Tribunal Superior de Justicia de Castilla-La Mancha, Vicente Rouco.<\/p>\n<p><!--publicidad-voz03--><a href=\"https:\/\/www.facebook.com\/profile.php?id=100063593791305&amp;locale=es_ES\"><img decoding=\"async\" class=\"alignnone size-medium\" src=\"https:\/\/blogger.googleusercontent.com\/img\/b\/R29vZ2xl\/AVvXsEi8_n_ll8UOcGxCqzFvb_9Io4ICczlGC990BPtPj2w9Px-u7B3oqWUW5vtjZUqPNJ-nyjiUIorE0ATsib_l5tV8BVN-UJ03RTnU__IHJF_4DgDBtY4LIqXNG-FomrO-7ywes20CBCRM2Hcm7EJSh3UUw1dO-c_uTflUrtgY1i7uBRezj_DpympmEFkfbQY\/s1600\/logo-principal2.jpg\" width=\"100%\" height=\"100\" \/><\/a><!--bestpublic-voz03--><!--desk-in-out-voz03--><br \/>\n<!--publicidad-voz04--><a href=\"https:\/\/www.facebook.com\/profile.php?id=61557370768692&amp;locale=es_ES\"><img decoding=\"async\" class=\"alignnone size-medium\" src=\"https:\/\/blogger.googleusercontent.com\/img\/b\/R29vZ2xl\/AVvXsEgy5RdcfffrnrItnYTcV9bCJjgJwldsQLWssfVfrLbyfXeBNTFKgBf0rMIvhrUaGUhiXzVr9_eQgCbi-j63ZDpfTvLIty9w7s140y-m1yHe7eKmEK7v2NAHUJDVYGdfeiQFeRCqUjdwWmN1MX_AUxxz4IVdJ4WIM0APxit8bjWkXzrnEFGqBvW_1F13H1g\/s1600\/logo-principal5.jpg\" width=\"100%\" height=\"100\" \/><\/a><!--bestpublic-voz04--><!--desk-in-out-voz04--><br \/>\n<!--publicidad-voz05--><a href=\"https:\/\/www.facebook.com\/asociaciontamborileroshellin?locale=es_ES\"><img decoding=\"async\" class=\"alignnone size-medium\" src=\"https:\/\/blogger.googleusercontent.com\/img\/b\/R29vZ2xl\/AVvXsEhHEEpZsKK1VpwiYMrS7aE2ujtqIDZoLd4B5wtbiseSU9s2HdTdQfhF84So2XwEB1fv0BLw95GADm6hUl1bkKtzh-eIgVigXONuu_5RxeIMPhjk8q6uNX4EaEHbooKkbu7pCADWPpVJjhKIH5NQSJpWqedC-YBez4QAQeJYokkLot9bhrIaUAeztsGis6M\/s1600\/logo-principal3.jpg\" width=\"100%\" height=\"100\" \/><\/a><!--bestpublic-voz05--><!--desk-in-out-voz05--><br \/>\n<!--publicidad-voz06--><!--bestpublic-voz06--><!--desk-in-out-voz06--><br \/>\n<!--publicidad-voz07--><!--bestpublic-voz07--><!--desk-in-out-voz07--><br \/>\n<!--publicidad-voz08--><!--bestpublic-voz08--><!--desk-in-out-voz08--><br \/>\n<!--publicidad-voz09--><!--bestpublic-voz09--><!--desk-in-out-voz09--><br \/>\n<!--publicidad-voz10--><!--bestpublic-voz10--><!--desk-in-out-voz10--><br \/>\n<!--publicidad-voz11--><!--bestpublic-voz11--><!--desk-in-out-voz11--><br \/>\n<!--publicidad-voz12--><!--bestpublic-voz12--><!--desk-in-out-voz12--><br \/>\n<!--publicidad-voz13--><!--bestpublic-voz13--><!--desk-in-out-voz13--><br \/>\n<!--publicidad-voz14--><!--bestpublic-voz14--><!--desk-in-out-voz14--><br \/>\n<!--publicidad-voz15--><!--bestpublic-voz15--><!--desk-in-out-voz15--><br \/>\n<!--publicidad-voz16--><!--bestpublic-voz16--><!--desk-in-out-voz16--><\/p>\n","protected":false},"excerpt":{"rendered":"<p>La Diputaci\u00f3n ha acogido la presentaci\u00f3n p\u00fablica del Cap\u00edtulo de Albacete de la Academia de Ciencias Sociales y Humanidades de Castilla-La Mancha, y el presidente de la instituci\u00f3n, Santi Caba\u00f1ero,&#8230;<\/p>\n","protected":false},"author":2,"featured_media":151109,"comment_status":"closed","ping_status":"closed","sticky":false,"template":"","format":"standard","meta":{"footnotes":""},"categories":[755,718,715,716,717],"tags":[],"class_list":["post-151108","post","type-post","status-publish","format-standard","has-post-thumbnail","hentry","category-blog-lv036","category-blogger","category-la-voz-de-hellin","category-la-voz-de-hellin-la-voz-de-hellin","category-noticias"],"_links":{"self":[{"href":"https:\/\/lavozdehellin.com\/noticias\/wp-json\/wp\/v2\/posts\/151108","targetHints":{"allow":["GET"]}}],"collection":[{"href":"https:\/\/lavozdehellin.com\/noticias\/wp-json\/wp\/v2\/posts"}],"about":[{"href":"https:\/\/lavozdehellin.com\/noticias\/wp-json\/wp\/v2\/types\/post"}],"author":[{"embeddable":true,"href":"https:\/\/lavozdehellin.com\/noticias\/wp-json\/wp\/v2\/users\/2"}],"replies":[{"embeddable":true,"href":"https:\/\/lavozdehellin.com\/noticias\/wp-json\/wp\/v2\/comments?post=151108"}],"version-history":[{"count":0,"href":"https:\/\/lavozdehellin.com\/noticias\/wp-json\/wp\/v2\/posts\/151108\/revisions"}],"wp:featuredmedia":[{"embeddable":true,"href":"https:\/\/lavozdehellin.com\/noticias\/wp-json\/wp\/v2\/media\/151109"}],"wp:attachment":[{"href":"https:\/\/lavozdehellin.com\/noticias\/wp-json\/wp\/v2\/media?parent=151108"}],"wp:term":[{"taxonomy":"category","embeddable":true,"href":"https:\/\/lavozdehellin.com\/noticias\/wp-json\/wp\/v2\/categories?post=151108"},{"taxonomy":"post_tag","embeddable":true,"href":"https:\/\/lavozdehellin.com\/noticias\/wp-json\/wp\/v2\/tags?post=151108"}],"curies":[{"name":"wp","href":"https:\/\/api.w.org\/{rel}","templated":true}]}}