{"id":151111,"date":"2024-06-10T20:20:34","date_gmt":"2024-06-10T18:20:34","guid":{"rendered":"https:\/\/lavozdehellin.com\/noticias\/?p=151111"},"modified":"2024-06-17T17:02:56","modified_gmt":"2024-06-17T15:02:56","slug":"v08-759-el-presidente-de-la-diputacion-arropa-a-javier-lopez-galiacho-en-la-presentacion-en-albacete-de-su-obra-el-lector-de-galdos","status":"publish","type":"post","link":"https:\/\/lavozdehellin.com\/noticias\/v08-759-el-presidente-de-la-diputacion-arropa-a-javier-lopez-galiacho-en-la-presentacion-en-albacete-de-su-obra-el-lector-de-galdos\/","title":{"rendered":"LVH NOTICIAS | EL PRESIDENTE DE LA DIPUTACI\u00d3N ARROPA A JAVIER L\u00d3PEZ-GALIACHO EN LA PRESENTACI\u00d3N EN ALBACETE DE SU OBRA, \u2018EL LECTOR DE GALD\u00d3S\u2019"},"content":{"rendered":"<p style=\"text-align: justify;\">Llena de amistades sinceras de la sociedad albacetense, la sala Pepe Isbert del emblem\u00e1tico Teatro Circo ha acogido la presentaci\u00f3n en Albacete del libro \u2018El lector de Gald\u00f3s\u2019, la \u00faltima obra del acad\u00e9mico, jurista y presidente de AMIThE, Javier L\u00f3pez-Galiacho.<\/p>\n<p><!--more--><br \/>\n<!--publicidad-voz01--><a href=\"https:\/\/www.facebook.com\/SoloRadioHellin\/?locale=es_ES\"><img decoding=\"async\" class=\"alignnone size-medium\" src=\"https:\/\/blogger.googleusercontent.com\/img\/b\/R29vZ2xl\/AVvXsEiNncirNnyGedv00mhjZjh5Wl4_YPdJGanoAl8tL8zH-HwqE8uHqjEfSt340RHdx-9tuCSIkZ8rFamZiGyYlgDGxCsmXjCH_1xk5eYM3ntFZRvJP_jndOKR7w1UAo9Tu0vrZyOLfqRpHIxYI5SymJJ-pfGCQw6QVpggBH-UgfjiFQ2JOxqxG0Jx94kW83c\/s1600\/logo-principal.jpg\" width=\"100%\" height=\"100\" \/><\/a><!--bestpublic-voz01--><!--desk-in-out-voz01--><br \/>\n<!--publicidad-voz02--><a href=\"https:\/\/www.hellincf.com\/\"><img decoding=\"async\" class=\"alignnone size-medium\" src=\"https:\/\/blogger.googleusercontent.com\/img\/b\/R29vZ2xl\/AVvXsEhuZ4-XfBVj3UtdP8-RZugy3WVrg-Zv28c53m4oV47qYCxL1rX_dqWX_YddsGSnpH5SRDqZ7bZeKPIfDVCDncpjVlhy3aQs2vojcJBn7Gdv9hC2_Nzct_pRFrnFE1a7KTCdY1bT_kAgnY3-iadRZrGeJf1fR2P5fu11bokx0pWjaypoy-ctwCjklldpEbA\/s1600\/logo-principal7.jpg\" width=\"100%\" height=\"100\" \/><\/a><!--bestpublic-voz02--><!--desk-in-out-voz02--><\/p>\n<p style=\"text-align: justify;\">Una cita que el presidente de la Diputaci\u00f3n provincial, Santi Caba\u00f1ero, no se ha querido perder acompa\u00f1ando al escritor y amigo, acompa\u00f1ado del diputado coordinador del \u00c1rea Social, Jos\u00e9 Gonz\u00e1lez.<\/p>\n<p style=\"text-align: justify;\">Caba\u00f1ero ha tenido la oportunidad de felicitarlo personalmente, destacando su visi\u00f3n sagaz y su talento, se\u00f1alando que figuras como la suya son \u201corgullo y bandera\u201d de la provincia de Albacete.<\/p>\n<p style=\"text-align: justify;\">De la mano de los periodistas Francisco Javier Mart\u00ednez y Javier Ruiz, se ha puesto en valor esta novela dialogada que L\u00f3pez-Galiacho escribi\u00f3 durante la pandemia para el actor Manuel Galiana, protagonista tambi\u00e9n de esta tarde especial que, adem\u00e1s, ha confirmado su deseo de estrenarla el pr\u00f3ximo oto\u00f1o en Madrid. El evento ha incidido en la estrecha relaci\u00f3n y el firme compromiso que L\u00f3pez-Galiacho viene demostrando hacia el teatro en todas sus formas y que, con este libro, promete \u2018atrapar\u2019 a lectores y lectoras porque \u201ctiene todos los ingredientes para ello\u201d, ha comentado Caba\u00f1ero.<\/p>\n<p style=\"text-align: justify;\">En este libro el escritor recrea la relaci\u00f3n entre un P\u00e9rez Gald\u00f3s anciano y ciego y Pepe L\u00f3pez Alonso (bisabuelo del autor), que hace las veces de lector para el novelista (afectado por una grave queratitis) y relata c\u00f3mo \u00e9ste aprovecha su cercan\u00eda con don Benito para entresacar sus amor\u00edos, su t\u00e9cnica novel\u00edstica y teatral, su participaci\u00f3n en la pol\u00edtica, su bancarrota, el boicot de varios de sus compatriotas para negarle el premio Nobel o su visi\u00f3n de Espa\u00f1a.<\/p>\n<p style=\"text-align: justify;\">Tras su presentaci\u00f3n en el Mu\u00f1oz Seca de Madrid y en la Feria del Libro de la capital de Espa\u00f1a, este ejemplar ha llegado este lunes a la tierra natal de L\u00f3pez-Galiacho en este acto p\u00fablico que ha concluido por todo lo alto con la representaci\u00f3n, en el papel de Gald\u00f3s, del gran actor Manuel Galiana, presidente de honor de AMIThE, haciendo que el esp\u00edritu del novelista haya regresado el Teatro Circo donde, ya en 1903, acompa\u00f1\u00f3 a la actriz Mar\u00eda Guerrero para estrenar \u2018Mariucha\u2019.<\/p>\n<p style=\"text-align: justify;\">Sumando la colaboraci\u00f3n de Cultural Albacete y de Popular Libros, junto a la editorial de la obra, Sial Pigmali\u00f3n (en la que L\u00f3pez-Galiacho ya public\u00f3 su ensayo sobre los valores de la tauromaquia, \u2018De frente, en corto y por derecho\u2019).<\/p>\n<p><!--publicidad-voz03--><a href=\"https:\/\/www.facebook.com\/profile.php?id=100063593791305&amp;locale=es_ES\"><img decoding=\"async\" class=\"alignnone size-medium\" src=\"https:\/\/blogger.googleusercontent.com\/img\/b\/R29vZ2xl\/AVvXsEi8_n_ll8UOcGxCqzFvb_9Io4ICczlGC990BPtPj2w9Px-u7B3oqWUW5vtjZUqPNJ-nyjiUIorE0ATsib_l5tV8BVN-UJ03RTnU__IHJF_4DgDBtY4LIqXNG-FomrO-7ywes20CBCRM2Hcm7EJSh3UUw1dO-c_uTflUrtgY1i7uBRezj_DpympmEFkfbQY\/s1600\/logo-principal2.jpg\" width=\"100%\" height=\"100\" \/><\/a><!--bestpublic-voz03--><!--desk-in-out-voz03--><br \/>\n<!--publicidad-voz04--><a href=\"https:\/\/www.facebook.com\/profile.php?id=61557370768692&amp;locale=es_ES\"><img decoding=\"async\" class=\"alignnone size-medium\" src=\"https:\/\/blogger.googleusercontent.com\/img\/b\/R29vZ2xl\/AVvXsEgy5RdcfffrnrItnYTcV9bCJjgJwldsQLWssfVfrLbyfXeBNTFKgBf0rMIvhrUaGUhiXzVr9_eQgCbi-j63ZDpfTvLIty9w7s140y-m1yHe7eKmEK7v2NAHUJDVYGdfeiQFeRCqUjdwWmN1MX_AUxxz4IVdJ4WIM0APxit8bjWkXzrnEFGqBvW_1F13H1g\/s1600\/logo-principal5.jpg\" width=\"100%\" height=\"100\" \/><\/a><!--bestpublic-voz04--><!--desk-in-out-voz04--><br \/>\n<!--publicidad-voz05--><a href=\"https:\/\/www.facebook.com\/asociaciontamborileroshellin?locale=es_ES\"><img decoding=\"async\" class=\"alignnone size-medium\" src=\"https:\/\/blogger.googleusercontent.com\/img\/b\/R29vZ2xl\/AVvXsEhHEEpZsKK1VpwiYMrS7aE2ujtqIDZoLd4B5wtbiseSU9s2HdTdQfhF84So2XwEB1fv0BLw95GADm6hUl1bkKtzh-eIgVigXONuu_5RxeIMPhjk8q6uNX4EaEHbooKkbu7pCADWPpVJjhKIH5NQSJpWqedC-YBez4QAQeJYokkLot9bhrIaUAeztsGis6M\/s1600\/logo-principal3.jpg\" width=\"100%\" height=\"100\" \/><\/a><!--bestpublic-voz05--><!--desk-in-out-voz05--><br \/>\n<!--publicidad-voz06--><!--bestpublic-voz06--><!--desk-in-out-voz06--><br \/>\n<!--publicidad-voz07--><!--bestpublic-voz07--><!--desk-in-out-voz07--><br \/>\n<!--publicidad-voz08--><!--bestpublic-voz08--><!--desk-in-out-voz08--><br \/>\n<!--publicidad-voz09--><!--bestpublic-voz09--><!--desk-in-out-voz09--><br \/>\n<!--publicidad-voz10--><!--bestpublic-voz10--><!--desk-in-out-voz10--><br \/>\n<!--publicidad-voz11--><!--bestpublic-voz11--><!--desk-in-out-voz11--><br \/>\n<!--publicidad-voz12--><!--bestpublic-voz12--><!--desk-in-out-voz12--><br \/>\n<!--publicidad-voz13--><!--bestpublic-voz13--><!--desk-in-out-voz13--><br \/>\n<!--publicidad-voz14--><!--bestpublic-voz14--><!--desk-in-out-voz14--><br \/>\n<!--publicidad-voz15--><!--bestpublic-voz15--><!--desk-in-out-voz15--><br \/>\n<!--publicidad-voz16--><!--bestpublic-voz16--><!--desk-in-out-voz16--><\/p>\n","protected":false},"excerpt":{"rendered":"<p>Llena de amistades sinceras de la sociedad albacetense, la sala Pepe Isbert del emblem\u00e1tico Teatro Circo ha acogido la presentaci\u00f3n en Albacete del libro \u2018El lector de Gald\u00f3s\u2019, la \u00faltima&#8230;<\/p>\n","protected":false},"author":2,"featured_media":151112,"comment_status":"closed","ping_status":"closed","sticky":false,"template":"","format":"standard","meta":{"footnotes":""},"categories":[755,718,715,716,717],"tags":[],"class_list":["post-151111","post","type-post","status-publish","format-standard","has-post-thumbnail","hentry","category-blog-lv036","category-blogger","category-la-voz-de-hellin","category-la-voz-de-hellin-la-voz-de-hellin","category-noticias"],"_links":{"self":[{"href":"https:\/\/lavozdehellin.com\/noticias\/wp-json\/wp\/v2\/posts\/151111","targetHints":{"allow":["GET"]}}],"collection":[{"href":"https:\/\/lavozdehellin.com\/noticias\/wp-json\/wp\/v2\/posts"}],"about":[{"href":"https:\/\/lavozdehellin.com\/noticias\/wp-json\/wp\/v2\/types\/post"}],"author":[{"embeddable":true,"href":"https:\/\/lavozdehellin.com\/noticias\/wp-json\/wp\/v2\/users\/2"}],"replies":[{"embeddable":true,"href":"https:\/\/lavozdehellin.com\/noticias\/wp-json\/wp\/v2\/comments?post=151111"}],"version-history":[{"count":0,"href":"https:\/\/lavozdehellin.com\/noticias\/wp-json\/wp\/v2\/posts\/151111\/revisions"}],"wp:featuredmedia":[{"embeddable":true,"href":"https:\/\/lavozdehellin.com\/noticias\/wp-json\/wp\/v2\/media\/151112"}],"wp:attachment":[{"href":"https:\/\/lavozdehellin.com\/noticias\/wp-json\/wp\/v2\/media?parent=151111"}],"wp:term":[{"taxonomy":"category","embeddable":true,"href":"https:\/\/lavozdehellin.com\/noticias\/wp-json\/wp\/v2\/categories?post=151111"},{"taxonomy":"post_tag","embeddable":true,"href":"https:\/\/lavozdehellin.com\/noticias\/wp-json\/wp\/v2\/tags?post=151111"}],"curies":[{"name":"wp","href":"https:\/\/api.w.org\/{rel}","templated":true}]}}