{"id":151114,"date":"2024-06-11T11:44:17","date_gmt":"2024-06-11T09:44:17","guid":{"rendered":"https:\/\/lavozdehellin.com\/noticias\/?p=151114"},"modified":"2024-12-26T21:32:47","modified_gmt":"2024-12-26T19:32:47","slug":"v08-760-la-diputacion-de-albacete-reafirma-su-compromiso-con-la-salud-mental-en-las-viii-jornadas-promovidas-en-albacete-por-la-asociacion-espanola-de-enfermeria-de-salud-mental","status":"publish","type":"post","link":"https:\/\/lavozdehellin.com\/noticias\/v08-760-la-diputacion-de-albacete-reafirma-su-compromiso-con-la-salud-mental-en-las-viii-jornadas-promovidas-en-albacete-por-la-asociacion-espanola-de-enfermeria-de-salud-mental\/","title":{"rendered":"LVH NOTICIAS | LA DIPUTACI\u00d3N DE ALBACETE REAFIRMA SU COMPROMISO CON LA SALUD MENTAL EN LAS VIII JORNADAS PROMOVIDAS EN ALBACETE POR LA ASOCIACI\u00d3N ESPA\u00d1OLA DE ENFERMER\u00cdA DE SALUD MENTAL"},"content":{"rendered":"<p style=\"text-align: justify;\">El Jard\u00edn Bot\u00e1nico de Albacete ha sido el escenario elegido para la celebraci\u00f3n de las VIII Jornadas Castellano-manchegas de Enfermer\u00eda de Salud Mental, organizadas por la Asociaci\u00f3n Espa\u00f1ola de Enfermer\u00eda de Salud Mental (AEESME) bajo el lema \u2018Una apuesta por los cuidados especializados en Salud Mental\u2019.<\/p>\n<p><!--more--><br \/>\n<!--publicidad-voz01--><a href=\"https:\/\/www.facebook.com\/SoloRadioHellin\/?locale=es_ES\"><img decoding=\"async\" class=\"alignnone size-medium\" src=\"https:\/\/blogger.googleusercontent.com\/img\/b\/R29vZ2xl\/AVvXsEiNncirNnyGedv00mhjZjh5Wl4_YPdJGanoAl8tL8zH-HwqE8uHqjEfSt340RHdx-9tuCSIkZ8rFamZiGyYlgDGxCsmXjCH_1xk5eYM3ntFZRvJP_jndOKR7w1UAo9Tu0vrZyOLfqRpHIxYI5SymJJ-pfGCQw6QVpggBH-UgfjiFQ2JOxqxG0Jx94kW83c\/s1600\/logo-principal.jpg\" width=\"100%\" height=\"100\" \/><\/a><!--bestpublic-voz01--><!--desk-in-out-voz01--><br \/>\n<!--publicidad-voz02--><a href=\"https:\/\/www.hellincf.com\/\"><img decoding=\"async\" class=\"alignnone size-medium\" src=\"https:\/\/blogger.googleusercontent.com\/img\/b\/R29vZ2xl\/AVvXsEhuZ4-XfBVj3UtdP8-RZugy3WVrg-Zv28c53m4oV47qYCxL1rX_dqWX_YddsGSnpH5SRDqZ7bZeKPIfDVCDncpjVlhy3aQs2vojcJBn7Gdv9hC2_Nzct_pRFrnFE1a7KTCdY1bT_kAgnY3-iadRZrGeJf1fR2P5fu11bokx0pWjaypoy-ctwCjklldpEbA\/s1600\/logo-principal7.jpg\" width=\"100%\" height=\"100\" \/><\/a><!--bestpublic-voz02--><!--desk-in-out-voz02--><\/p>\n<p style=\"text-align: justify;\">El acto inaugural ha contado con la participaci\u00f3n del diputado provincial de Sanidad, Francisco Garc\u00eda Alcaraz, quien ha felicitado a las personas implicadas en la organizaci\u00f3n de esta \u201ciniciativa necesaria para ahondar en un reto social tan grande como \u00e9ste desde la perspectiva profesional de la Enfermer\u00eda\u201d y ha subrayado el compromiso del Gobierno de Santi Caba\u00f1ero al frente de la Diputaci\u00f3n de Albacete en la mejora de los servicios de apoyo en materia de salud mental.<\/p>\n<p style=\"text-align: justify;\">En su intervenci\u00f3n, Garc\u00eda Alcaraz ha se\u00f1alado la importancia de la salud mental en la agenda pol\u00edtica y ha destacado la necesidad de una atenci\u00f3n integral y comunitaria. As\u00ed, ha reflejado que, aunque somos un pa\u00eds pionero en poner en la agenda pol\u00edtica la Salud Mental, sigue siendo una de las grandes asignaturas pendientes para las administraciones p\u00fablicas; y ha puesto en valor el desarrollo de la nueva estrategia con horizonte 2026 que ha sido consensuada con todas las comunidades aut\u00f3nomas en el marco del Consejo Interterritorial.<\/p>\n<p style=\"text-align: justify;\">El diputado ha subrayado la necesidad de disponer de herramientas \u00fatiles para mejorar el bienestar emocional de la poblaci\u00f3n, atender de forma integral a las personas con problemas de salud mental, apoyar a sus familias y promover un modelo de atenci\u00f3n transversal y comunitario que favorezca la recuperaci\u00f3n y la integraci\u00f3n social. Adem\u00e1s, ha resaltado que la Salud Mental es una de las prioridades del Plan de Recuperaci\u00f3n, Transformaci\u00f3n y Resiliencia del Gobierno de Espa\u00f1a, y que se est\u00e1n vigilando los fondos espec\u00edficos para incrementar significativamente la inversi\u00f3n en este \u00e1mbito.<\/p>\n<p style=\"text-align: justify;\">Atenci\u00f3n integral y lucha contra la estigmatizaci\u00f3n<\/p>\n<p style=\"text-align: justify;\">\u00abEs necesario avanzar en la creaci\u00f3n de un sistema integral de atenci\u00f3n, que tambi\u00e9n sirva para combatir la estigmatizaci\u00f3n y garantizar los derechos de las personas con problemas de salud mental, con un enfoque de g\u00e9nero y derechos humanos\u00bb, ha subrayado Garc\u00eda Alcaraz, recordado que \u00e9sta es una problem\u00e1tica que todas las personas sufrimos m\u00e1s o menos de cerca a lo largo de nuestras vidas.<\/p>\n<p style=\"text-align: justify;\">Adem\u00e1s, ha destacado el papel de la Diputaci\u00f3n de Albacete en el apoyo a servicios de salud mental, a pesar de no ser una competencia directa de la instituci\u00f3n. \u00abDesde la Diputaci\u00f3n, y a\u00fan fuera de nuestras competencias, ponemos nuestro peque\u00f1o \u2018granito de arena\u2019 con un servicio propio pero cogestionado con la administraci\u00f3n regional, como es la Unidad de Media Estancia; y con acuerdos de colaboraci\u00f3n con organizaciones diversas\u00bb, ha indicado.<\/p>\n<p style=\"text-align: justify;\">Uno de los ejemplos mencionados ha sido el convenio anual que la Diputaci\u00f3n mantiene con AFAEPS, a trav\u00e9s del cual la administraci\u00f3n provincial aporta 110.000 euros para que la entidad realice distintos programas de atenci\u00f3n integral a personas con enfermedad mental. Fondos que sirven para contratar monitores, tanto para el Centro como para talleres prelaborales, as\u00ed como personal de administraci\u00f3n y limpieza; y se facilita que haya profesionales que prestan sus servicios en zonas comarcales como las de Casas Ib\u00e1\u00f1ez, Pe\u00f1as de San Pedro, La Roda y Alcaraz, como ha explicado el diputado.<\/p>\n<p style=\"text-align: justify;\">Cerca de 123.000 euros de las arcas provinciales a proyectos de salud mental y atenci\u00f3n al alzheimer y otras demencias en 2023<\/p>\n<p style=\"text-align: justify;\">Adem\u00e1s, ha destac\u00f3 la significativa inversi\u00f3n que la Diputaci\u00f3n gobernada por Caba\u00f1ero destina a la atenci\u00f3n al Alzheimer y otras demencias, y a proyectos de salud mental, con m\u00e1s de 122.800 euros destinados a estos fines en 2023 a trav\u00e9s de las ayudas destinadas a Asociaciones Sociosanitarias. Inversiones, ha subrayado, que representan \u201cun paso fundamental hacia la mejora de los servicios de salud y el bienestar de la poblaci\u00f3n m\u00e1s vulnerable, la que precisa de la acci\u00f3n de sus gobiernos y de un sistema p\u00fablico fuerte que respalde cuanto pueda a las entidades del Tercer Sector\u00bb, ha resaltado.<\/p>\n<p style=\"text-align: justify;\">Las VIII Jornadas Castellano-manchegas de Enfermer\u00eda de Salud Mental contin\u00faan durante todo el d\u00eda con diversas ponencias, mesas redondas y talleres que abordan diversos aspectos de los cuidados especializados en salud mental, reafirmando el compromiso de los y las profesionales y de las instituciones en la mejora de la atenci\u00f3n a las personas con problemas de salud mental y sus familias.<\/p>\n<p style=\"text-align: justify;\">Junto al propio Garc\u00eda Alcaraz, han participado en la sesi\u00f3n inaugural: Francisco Meg\u00edas, presidente de AEESME ESPA\u00d1A; Montserrat Hern\u00e1ndez Luengo, directora general de Cuidados y Calidad de Sanidad de la JCCM; Concepci\u00f3n Piqueras, presidenta del Consejo Auton\u00f3mico de Enfermer\u00eda de C-LM y presidenta del Colegio de Enfermer\u00eda de Albacete; Llanos Navarro, concejala de Calidad de Vida y de Participaci\u00f3n Real y Efectiva del Ayuntamiento de Albacete; la doctora Raquel Bartolom\u00e9 Guti\u00e9rrez, decana de Enfermer\u00eda de la UCLM en Albacete; y Mercedes Tormo, delegada de AEESME en C-LM.<\/p>\n<p><!--publicidad-voz03--><a href=\"https:\/\/www.facebook.com\/profile.php?id=100063593791305&amp;locale=es_ES\"><img decoding=\"async\" class=\"alignnone size-medium\" src=\"https:\/\/blogger.googleusercontent.com\/img\/b\/R29vZ2xl\/AVvXsEi8_n_ll8UOcGxCqzFvb_9Io4ICczlGC990BPtPj2w9Px-u7B3oqWUW5vtjZUqPNJ-nyjiUIorE0ATsib_l5tV8BVN-UJ03RTnU__IHJF_4DgDBtY4LIqXNG-FomrO-7ywes20CBCRM2Hcm7EJSh3UUw1dO-c_uTflUrtgY1i7uBRezj_DpympmEFkfbQY\/s1600\/logo-principal2.jpg\" width=\"100%\" height=\"100\" \/><\/a><!--bestpublic-voz03--><!--desk-in-out-voz03--><br \/>\n<!--publicidad-voz04--><a href=\"https:\/\/www.facebook.com\/profile.php?id=61557370768692&amp;locale=es_ES\"><img decoding=\"async\" class=\"alignnone size-medium\" src=\"https:\/\/blogger.googleusercontent.com\/img\/b\/R29vZ2xl\/AVvXsEgy5RdcfffrnrItnYTcV9bCJjgJwldsQLWssfVfrLbyfXeBNTFKgBf0rMIvhrUaGUhiXzVr9_eQgCbi-j63ZDpfTvLIty9w7s140y-m1yHe7eKmEK7v2NAHUJDVYGdfeiQFeRCqUjdwWmN1MX_AUxxz4IVdJ4WIM0APxit8bjWkXzrnEFGqBvW_1F13H1g\/s1600\/logo-principal5.jpg\" width=\"100%\" height=\"100\" \/><\/a><!--bestpublic-voz04--><!--desk-in-out-voz04--><br \/>\n<!--publicidad-voz05--><a href=\"https:\/\/www.facebook.com\/asociaciontamborileroshellin?locale=es_ES\"><img decoding=\"async\" class=\"alignnone size-medium\" src=\"https:\/\/blogger.googleusercontent.com\/img\/b\/R29vZ2xl\/AVvXsEhHEEpZsKK1VpwiYMrS7aE2ujtqIDZoLd4B5wtbiseSU9s2HdTdQfhF84So2XwEB1fv0BLw95GADm6hUl1bkKtzh-eIgVigXONuu_5RxeIMPhjk8q6uNX4EaEHbooKkbu7pCADWPpVJjhKIH5NQSJpWqedC-YBez4QAQeJYokkLot9bhrIaUAeztsGis6M\/s1600\/logo-principal3.jpg\" width=\"100%\" height=\"100\" \/><\/a><!--bestpublic-voz05--><!--desk-in-out-voz05--><br \/>\n<!--publicidad-voz06--><!--bestpublic-voz06--><!--desk-in-out-voz06--><br \/>\n<!--publicidad-voz07--><!--bestpublic-voz07--><!--desk-in-out-voz07--><br \/>\n<!--publicidad-voz08--><!--bestpublic-voz08--><!--desk-in-out-voz08--><br \/>\n<!--publicidad-voz09--><!--bestpublic-voz09--><!--desk-in-out-voz09--><br \/>\n<!--publicidad-voz10--><!--bestpublic-voz10--><!--desk-in-out-voz10--><br \/>\n<!--publicidad-voz11--><!--bestpublic-voz11--><!--desk-in-out-voz11--><br \/>\n<!--publicidad-voz12--><!--bestpublic-voz12--><!--desk-in-out-voz12--><br \/>\n<!--publicidad-voz13--><!--bestpublic-voz13--><!--desk-in-out-voz13--><br \/>\n<!--publicidad-voz14--><!--bestpublic-voz14--><!--desk-in-out-voz14--><br \/>\n<!--publicidad-voz15--><!--bestpublic-voz15--><!--desk-in-out-voz15--><br \/>\n<!--publicidad-voz16--><!--bestpublic-voz16--><!--desk-in-out-voz16--><\/p>\n","protected":false},"excerpt":{"rendered":"<p>El Jard\u00edn Bot\u00e1nico de Albacete ha sido el escenario elegido para la celebraci\u00f3n de las VIII Jornadas Castellano-manchegas de Enfermer\u00eda de Salud Mental, organizadas por la Asociaci\u00f3n Espa\u00f1ola de Enfermer\u00eda&#8230;<\/p>\n","protected":false},"author":2,"featured_media":151115,"comment_status":"closed","ping_status":"closed","sticky":false,"template":"","format":"standard","meta":{"footnotes":""},"categories":[755,718,715,716,717],"tags":[],"class_list":["post-151114","post","type-post","status-publish","format-standard","has-post-thumbnail","hentry","category-blog-lv036","category-blogger","category-la-voz-de-hellin","category-la-voz-de-hellin-la-voz-de-hellin","category-noticias"],"_links":{"self":[{"href":"https:\/\/lavozdehellin.com\/noticias\/wp-json\/wp\/v2\/posts\/151114","targetHints":{"allow":["GET"]}}],"collection":[{"href":"https:\/\/lavozdehellin.com\/noticias\/wp-json\/wp\/v2\/posts"}],"about":[{"href":"https:\/\/lavozdehellin.com\/noticias\/wp-json\/wp\/v2\/types\/post"}],"author":[{"embeddable":true,"href":"https:\/\/lavozdehellin.com\/noticias\/wp-json\/wp\/v2\/users\/2"}],"replies":[{"embeddable":true,"href":"https:\/\/lavozdehellin.com\/noticias\/wp-json\/wp\/v2\/comments?post=151114"}],"version-history":[{"count":0,"href":"https:\/\/lavozdehellin.com\/noticias\/wp-json\/wp\/v2\/posts\/151114\/revisions"}],"wp:featuredmedia":[{"embeddable":true,"href":"https:\/\/lavozdehellin.com\/noticias\/wp-json\/wp\/v2\/media\/151115"}],"wp:attachment":[{"href":"https:\/\/lavozdehellin.com\/noticias\/wp-json\/wp\/v2\/media?parent=151114"}],"wp:term":[{"taxonomy":"category","embeddable":true,"href":"https:\/\/lavozdehellin.com\/noticias\/wp-json\/wp\/v2\/categories?post=151114"},{"taxonomy":"post_tag","embeddable":true,"href":"https:\/\/lavozdehellin.com\/noticias\/wp-json\/wp\/v2\/tags?post=151114"}],"curies":[{"name":"wp","href":"https:\/\/api.w.org\/{rel}","templated":true}]}}