{"id":151117,"date":"2024-06-11T14:52:56","date_gmt":"2024-06-11T12:52:56","guid":{"rendered":"https:\/\/lavozdehellin.com\/noticias\/?p=151117"},"modified":"2024-06-17T17:02:56","modified_gmt":"2024-06-17T15:02:56","slug":"v08-761-la-cenicienta-de-g-rossini-llega-al-teatro-circo-de-la-mano-de-cultural-albacete-y-la-orquesta-del-conservatorio-superior-de-musica-de-castilla-la-mancha","status":"publish","type":"post","link":"https:\/\/lavozdehellin.com\/noticias\/v08-761-la-cenicienta-de-g-rossini-llega-al-teatro-circo-de-la-mano-de-cultural-albacete-y-la-orquesta-del-conservatorio-superior-de-musica-de-castilla-la-mancha\/","title":{"rendered":"LVH NOTICIAS | \u2018LA CENICIENTA\u2019 DE G. ROSSINI LLEGA AL TEATRO CIRCO DE LA MANO DE CULTURAL ALBACETE Y LA ORQUESTA DEL CONSERVATORIO SUPERIOR DE M\u00daSICA DE CASTILLA-LA MANCHA"},"content":{"rendered":"<p style=\"text-align: justify;\">Cultural Albacete en colaboraci\u00f3n con la Orquesta del Conservatorio Superior de M\u00fasica de Castilla-La Mancha ha producido la \u00f3pera \u2018La Cenicienta\u2019 (\u2018La Cenerentola\u2019) de Gioachino Rossini que llegar\u00e1 al Teatro Circo el 14 y 15 de junio, y este martes se ha presentado al p\u00fablico de la mano de sus protagonistas.<\/p>\n<p><!--more--><br \/>\n<!--publicidad-voz01--><a href=\"https:\/\/www.facebook.com\/SoloRadioHellin\/?locale=es_ES\"><img decoding=\"async\" class=\"alignnone size-medium\" src=\"https:\/\/blogger.googleusercontent.com\/img\/b\/R29vZ2xl\/AVvXsEiNncirNnyGedv00mhjZjh5Wl4_YPdJGanoAl8tL8zH-HwqE8uHqjEfSt340RHdx-9tuCSIkZ8rFamZiGyYlgDGxCsmXjCH_1xk5eYM3ntFZRvJP_jndOKR7w1UAo9Tu0vrZyOLfqRpHIxYI5SymJJ-pfGCQw6QVpggBH-UgfjiFQ2JOxqxG0Jx94kW83c\/s1600\/logo-principal.jpg\" width=\"100%\" height=\"100\" \/><\/a><!--bestpublic-voz01--><!--desk-in-out-voz01--><br \/>\n<!--publicidad-voz02--><a href=\"https:\/\/www.hellincf.com\/\"><img decoding=\"async\" class=\"alignnone size-medium\" src=\"https:\/\/blogger.googleusercontent.com\/img\/b\/R29vZ2xl\/AVvXsEhuZ4-XfBVj3UtdP8-RZugy3WVrg-Zv28c53m4oV47qYCxL1rX_dqWX_YddsGSnpH5SRDqZ7bZeKPIfDVCDncpjVlhy3aQs2vojcJBn7Gdv9hC2_Nzct_pRFrnFE1a7KTCdY1bT_kAgnY3-iadRZrGeJf1fR2P5fu11bokx0pWjaypoy-ctwCjklldpEbA\/s1600\/logo-principal7.jpg\" width=\"100%\" height=\"100\" \/><\/a><!--bestpublic-voz02--><!--desk-in-out-voz02--><\/p>\n<p style=\"text-align: justify;\">El diputado provincial de Cultura, Miguel Zamora, ha participado en este acto junto al delegado provincial de Educaci\u00f3n, Cultura y Deportes, Diego P\u00e9rez, al gerente de Cultural Albacete, Ricardo Bel\u00e9ndez; al director art\u00edstico de la obra, Carlos Lozano; el director de la Orquesta del Conservatorio, Pablo M\u00e1rquez, y el director del Conservatorio, Juli\u00e1n S\u00e1nchez<\/p>\n<p style=\"text-align: justify;\">Zamora ha felicitado a Cultural Albacete en la figura de su gerente, Ricardo Bel\u00e9ndez, por el esfuerzo que han realizado para poner en escena esta obra, destacando c\u00f3mo han cuidado hasta el m\u00e1s m\u00ednimo detalle tanto esc\u00e9nico como de producci\u00f3n, al tiempo que ha puesto en valor el papel del Conservatorio Superior de M\u00fasica de C-LM no s\u00f3lo en esta \u00f3pera, sino en el d\u00eda a d\u00eda por su contribuci\u00f3n cultural a este territorio, aludiendo al potencial con el que cuenta la provincia en el marco de sus conservatorios, entre los que tambi\u00e9n se encuentra el Real Conservatorio Profesional de M\u00fasica y Danza de la Diputaci\u00f3n de Albacete.<\/p>\n<p style=\"text-align: justify;\">En este sentido, el responsable provincial ha destacado la producci\u00f3n, aludiendo al reparto, y ha subrayado la sensibilidad que han demostrado a la hora de elegir a artistas vinculados con esta provincia, ya que la mayor\u00eda de sus int\u00e9rpretes est\u00e1n relacionados \u201ccon uno de los cert\u00e1menes m\u00e1s importantes de esta tierra, que exportar e importar talento, como es el Concurso Nacional de Canto \u2018Ciudad de Albacete\u2019\u201d.<\/p>\n<p style=\"text-align: justify;\">Zamora: \u201cLa cultura en la provincia, y en el seno de Cultural Albacete que lo envuelve todo, goza de muy buena salud\u201d<\/p>\n<p style=\"text-align: justify;\">De hecho, el papel de Cenicienta lo interpreta la mezzosoprano Carla Sampedro, Premio Extraordinario Leonor Gago Artist, en la quinta edici\u00f3n de este certamen; a don Magnifico le da vida Carlos Lozano, jurado de este concurso; Alidoro es el bajo bar\u00edtono Sebasti\u00e1 Serra, Premio Cultural Albacete para el montaje de la \u00f3pera Don Giovanni en la cuarta edici\u00f3n del Concurso; las sopranos Alicia S\u00e1nchez y Carla Ortega, quienes participaron en su tercera edici\u00f3n dar\u00e1n voz a Tisbe y Clorinda respectivamente. Junto a ellos y a ellas, el bajo bar\u00edtono Javier Agudo interpretar\u00e1 a Dandini, y el tenor V\u00edctor Sim\u00f3n a Ramiro.<\/p>\n<p style=\"text-align: justify;\">En esta l\u00ednea, Zamora ha asegurado que \u201cla cultura en la provincia, y en el seno de Cultural Albacete que lo envuelve todo, goza de muy buena salud\u201d, advirtiendo que \u201chay mucho trabajo detr\u00e1s, muchas acciones puntuales y estrat\u00e9gicas para que funcione, y este es un ejemplo con esta producci\u00f3n propia absolutamente espectacular\u201d.<\/p>\n<p style=\"text-align: justify;\">P\u00e9rez valora la colaboraci\u00f3n entre administraciones en el \u00e1mbito cultural<\/p>\n<p style=\"text-align: justify;\">Por su parte, el delegado provincial de Educaci\u00f3n, Cultura y Deportes, Diego P\u00e9rez, ha puesto de relieve la importancia de la colaboraci\u00f3n institucional en materia cultural. Y a este respecto, ha remarcado la participaci\u00f3n activa del Conservatorio Superior de M\u00fasica de Castilla-La Mancha en los eventos que tienen lugar en la ciudad.<\/p>\n<p style=\"text-align: justify;\">Al mismo tiempo, P\u00e9rez ha recordado que el Conservatorio \u201ces el \u00fanico de estudios superiores en toda la regi\u00f3n\u201d; que cuenta con tres especialidades, entre la que se encuentra la de Direcci\u00f3n de Banda, \u201csiendo el \u00fanico de Espa\u00f1a que la imparte\u201d, \u201clo que le ha llevado a conseguir, pese a ser un centro joven, una contrastada calidad pedag\u00f3gica y art\u00edstica, con 224 titulados en siete promociones\u201d, ha matizado.<br \/>\nSobre la \u00f3pera<\/p>\n<p style=\"text-align: justify;\">El director de la Orquesta sinf\u00f3nica del CSMCLM, Pablo Marqu\u00e9s, ha remarcado que \u201cpocos proyectos m\u00e1s ambiciosos puede haber en m\u00fasica que la representaci\u00f3n de una \u00f3pera y \u00e9sta es posible gracias a la colaboraci\u00f3n institucional, pudiendo ofrecer al p\u00fablico una de las m\u00e1s renombradas \u00f3peras del c\u00e9lebre Gioachino Rossini\u201d.<\/p>\n<p style=\"text-align: justify;\">Una colaboraci\u00f3n que tambi\u00e9n han coincidido en poner en valor el director art\u00edstico de la obra, Carlos Lozano, y el director del Conservatorio, Juli\u00e1n S\u00e1nchez.<\/p>\n<p style=\"text-align: justify;\">En la versi\u00f3n oper\u00edstica de Rossini, el hada madrina la sustituye un instruido mago sabelotodo, los zapatos son unos brazaletes, la historia sigue conservando el baile, el hechizo, unas envidiosas, ego\u00edstas y locas hermanastras, y un pr\u00edncipe que, instruido por nuestro mago, observar\u00e1 desde el anonimato de un sirviente la verdadera naturaleza de sus posibles pretendientes.<\/p>\n<p style=\"text-align: justify;\">Adem\u00e1s, cambia la rom\u00e1ntica propuesta cinematogr\u00e1fica que todos y todas conocemos por unos personajes exc\u00e9ntricos, singulares y fuera de lo com\u00fan, con escenarios sombr\u00edos y un poco tenebrosos, inspirados en el \u2018Steampunk\u2019, una corriente est\u00e9tica de fantas\u00eda ambientada en la Inglaterra victoriana del siglo XIX.<\/p>\n<p><!--publicidad-voz03--><a href=\"https:\/\/www.facebook.com\/profile.php?id=100063593791305&amp;locale=es_ES\"><img decoding=\"async\" class=\"alignnone size-medium\" src=\"https:\/\/blogger.googleusercontent.com\/img\/b\/R29vZ2xl\/AVvXsEi8_n_ll8UOcGxCqzFvb_9Io4ICczlGC990BPtPj2w9Px-u7B3oqWUW5vtjZUqPNJ-nyjiUIorE0ATsib_l5tV8BVN-UJ03RTnU__IHJF_4DgDBtY4LIqXNG-FomrO-7ywes20CBCRM2Hcm7EJSh3UUw1dO-c_uTflUrtgY1i7uBRezj_DpympmEFkfbQY\/s1600\/logo-principal2.jpg\" width=\"100%\" height=\"100\" \/><\/a><!--bestpublic-voz03--><!--desk-in-out-voz03--><br \/>\n<!--publicidad-voz04--><a href=\"https:\/\/www.facebook.com\/profile.php?id=61557370768692&amp;locale=es_ES\"><img decoding=\"async\" class=\"alignnone size-medium\" src=\"https:\/\/blogger.googleusercontent.com\/img\/b\/R29vZ2xl\/AVvXsEgy5RdcfffrnrItnYTcV9bCJjgJwldsQLWssfVfrLbyfXeBNTFKgBf0rMIvhrUaGUhiXzVr9_eQgCbi-j63ZDpfTvLIty9w7s140y-m1yHe7eKmEK7v2NAHUJDVYGdfeiQFeRCqUjdwWmN1MX_AUxxz4IVdJ4WIM0APxit8bjWkXzrnEFGqBvW_1F13H1g\/s1600\/logo-principal5.jpg\" width=\"100%\" height=\"100\" \/><\/a><!--bestpublic-voz04--><!--desk-in-out-voz04--><br \/>\n<!--publicidad-voz05--><a href=\"https:\/\/www.facebook.com\/asociaciontamborileroshellin?locale=es_ES\"><img decoding=\"async\" class=\"alignnone size-medium\" src=\"https:\/\/blogger.googleusercontent.com\/img\/b\/R29vZ2xl\/AVvXsEhHEEpZsKK1VpwiYMrS7aE2ujtqIDZoLd4B5wtbiseSU9s2HdTdQfhF84So2XwEB1fv0BLw95GADm6hUl1bkKtzh-eIgVigXONuu_5RxeIMPhjk8q6uNX4EaEHbooKkbu7pCADWPpVJjhKIH5NQSJpWqedC-YBez4QAQeJYokkLot9bhrIaUAeztsGis6M\/s1600\/logo-principal3.jpg\" width=\"100%\" height=\"100\" \/><\/a><!--bestpublic-voz05--><!--desk-in-out-voz05--><br \/>\n<!--publicidad-voz06--><!--bestpublic-voz06--><!--desk-in-out-voz06--><br \/>\n<!--publicidad-voz07--><!--bestpublic-voz07--><!--desk-in-out-voz07--><br \/>\n<!--publicidad-voz08--><!--bestpublic-voz08--><!--desk-in-out-voz08--><br \/>\n<!--publicidad-voz09--><!--bestpublic-voz09--><!--desk-in-out-voz09--><br \/>\n<!--publicidad-voz10--><!--bestpublic-voz10--><!--desk-in-out-voz10--><br \/>\n<!--publicidad-voz11--><!--bestpublic-voz11--><!--desk-in-out-voz11--><br \/>\n<!--publicidad-voz12--><!--bestpublic-voz12--><!--desk-in-out-voz12--><br \/>\n<!--publicidad-voz13--><!--bestpublic-voz13--><!--desk-in-out-voz13--><br \/>\n<!--publicidad-voz14--><!--bestpublic-voz14--><!--desk-in-out-voz14--><br \/>\n<!--publicidad-voz15--><!--bestpublic-voz15--><!--desk-in-out-voz15--><br \/>\n<!--publicidad-voz16--><!--bestpublic-voz16--><!--desk-in-out-voz16--><\/p>\n","protected":false},"excerpt":{"rendered":"<p>Cultural Albacete en colaboraci\u00f3n con la Orquesta del Conservatorio Superior de M\u00fasica de Castilla-La Mancha ha producido la \u00f3pera \u2018La Cenicienta\u2019 (\u2018La Cenerentola\u2019) de Gioachino Rossini que llegar\u00e1 al Teatro&#8230;<\/p>\n","protected":false},"author":2,"featured_media":151118,"comment_status":"closed","ping_status":"closed","sticky":false,"template":"","format":"standard","meta":{"footnotes":""},"categories":[755,718,715,716,717],"tags":[],"class_list":["post-151117","post","type-post","status-publish","format-standard","has-post-thumbnail","hentry","category-blog-lv036","category-blogger","category-la-voz-de-hellin","category-la-voz-de-hellin-la-voz-de-hellin","category-noticias"],"_links":{"self":[{"href":"https:\/\/lavozdehellin.com\/noticias\/wp-json\/wp\/v2\/posts\/151117","targetHints":{"allow":["GET"]}}],"collection":[{"href":"https:\/\/lavozdehellin.com\/noticias\/wp-json\/wp\/v2\/posts"}],"about":[{"href":"https:\/\/lavozdehellin.com\/noticias\/wp-json\/wp\/v2\/types\/post"}],"author":[{"embeddable":true,"href":"https:\/\/lavozdehellin.com\/noticias\/wp-json\/wp\/v2\/users\/2"}],"replies":[{"embeddable":true,"href":"https:\/\/lavozdehellin.com\/noticias\/wp-json\/wp\/v2\/comments?post=151117"}],"version-history":[{"count":0,"href":"https:\/\/lavozdehellin.com\/noticias\/wp-json\/wp\/v2\/posts\/151117\/revisions"}],"wp:featuredmedia":[{"embeddable":true,"href":"https:\/\/lavozdehellin.com\/noticias\/wp-json\/wp\/v2\/media\/151118"}],"wp:attachment":[{"href":"https:\/\/lavozdehellin.com\/noticias\/wp-json\/wp\/v2\/media?parent=151117"}],"wp:term":[{"taxonomy":"category","embeddable":true,"href":"https:\/\/lavozdehellin.com\/noticias\/wp-json\/wp\/v2\/categories?post=151117"},{"taxonomy":"post_tag","embeddable":true,"href":"https:\/\/lavozdehellin.com\/noticias\/wp-json\/wp\/v2\/tags?post=151117"}],"curies":[{"name":"wp","href":"https:\/\/api.w.org\/{rel}","templated":true}]}}