{"id":151120,"date":"2024-06-12T10:19:49","date_gmt":"2024-06-12T08:19:49","guid":{"rendered":"https:\/\/lavozdehellin.com\/noticias\/?p=151120"},"modified":"2024-06-17T17:02:57","modified_gmt":"2024-06-17T15:02:57","slug":"v08-762-la-diputacion-de-albacete-impulsa-en-chinchilla-la-ii-jornada-de-archivos-municipales-en-el-marco-del-compromiso-que-mantiene-con-su-modernizacion-y-puesta-en-valor","status":"publish","type":"post","link":"https:\/\/lavozdehellin.com\/noticias\/v08-762-la-diputacion-de-albacete-impulsa-en-chinchilla-la-ii-jornada-de-archivos-municipales-en-el-marco-del-compromiso-que-mantiene-con-su-modernizacion-y-puesta-en-valor\/","title":{"rendered":"LVH NOTICIAS | LA DIPUTACI\u00d3N DE ALBACETE IMPULSA EN CHINCHILLA LA II JORNADA DE ARCHIVOS MUNICIPALES EN EL MARCO DEL COMPROMISO QUE MANTIENE CON SU MODERNIZACI\u00d3N Y PUESTA EN VALOR"},"content":{"rendered":"<p style=\"text-align: justify;\">La II Jornada de Archivos Municipales de Albacete se celebra este mi\u00e9rcoles en Chinchilla de Montearag\u00f3n de la mano de la Diputaci\u00f3n de Albacete y con el apoyo del Ayuntamiento local.<\/p>\n<p><!--more--><br \/>\n<!--publicidad-voz01--><a href=\"https:\/\/www.facebook.com\/SoloRadioHellin\/?locale=es_ES\"><img decoding=\"async\" class=\"alignnone size-medium\" src=\"https:\/\/blogger.googleusercontent.com\/img\/b\/R29vZ2xl\/AVvXsEiNncirNnyGedv00mhjZjh5Wl4_YPdJGanoAl8tL8zH-HwqE8uHqjEfSt340RHdx-9tuCSIkZ8rFamZiGyYlgDGxCsmXjCH_1xk5eYM3ntFZRvJP_jndOKR7w1UAo9Tu0vrZyOLfqRpHIxYI5SymJJ-pfGCQw6QVpggBH-UgfjiFQ2JOxqxG0Jx94kW83c\/s1600\/logo-principal.jpg\" width=\"100%\" height=\"100\" \/><\/a><!--bestpublic-voz01--><!--desk-in-out-voz01--><br \/>\n<!--publicidad-voz02--><a href=\"https:\/\/www.hellincf.com\/\"><img decoding=\"async\" class=\"alignnone size-medium\" src=\"https:\/\/blogger.googleusercontent.com\/img\/b\/R29vZ2xl\/AVvXsEhuZ4-XfBVj3UtdP8-RZugy3WVrg-Zv28c53m4oV47qYCxL1rX_dqWX_YddsGSnpH5SRDqZ7bZeKPIfDVCDncpjVlhy3aQs2vojcJBn7Gdv9hC2_Nzct_pRFrnFE1a7KTCdY1bT_kAgnY3-iadRZrGeJf1fR2P5fu11bokx0pWjaypoy-ctwCjklldpEbA\/s1600\/logo-principal7.jpg\" width=\"100%\" height=\"100\" \/><\/a><!--bestpublic-voz02--><!--desk-in-out-voz02--><\/p>\n<p style=\"text-align: justify;\">Y lo hace en el marco del D\u00eda Internacional de los Archivos, que se conmemora cada 9 de junio, y siguiendo la estela del primer encuentro que tuvo lugar en la capital.<\/p>\n<p style=\"text-align: justify;\">Una cita que ha contado con la participaci\u00f3n de la diputada provincial de Asistencia T\u00e9cnica a Municipios, Llanos S\u00e1nchez, que junto al alcalde anfitri\u00f3n, Francisco Morote, ha agradecido su disposici\u00f3n al consistorio chinchillano y ha dado la bienvenida a los archiveros y archiveras municipales que participan en esta actividad para intercambiar experiencias, abordar logros y retos.<\/p>\n<p style=\"text-align: justify;\">En esta l\u00ednea, la responsable provincial ha remarcado el firme compromiso que el Gobierno que preside Santi Caba\u00f1ero mantiene con los archivos municipales a trav\u00e9s de una l\u00ednea de acci\u00f3n \u201cperfectamente definida, planificada y ejecutada por su Archivo Provincial\u201d, a cuyos profesionales ha agradecido, en la figura del jefe de Servicio, Alejandro Garc\u00eda, la implicaci\u00f3n y el esfuerzo que vienen realizando.<\/p>\n<p style=\"text-align: justify;\">De hecho, la Diputaci\u00f3n, adem\u00e1s de haber puesto en marcha ayudas espec\u00edficas para la modernizaci\u00f3n, puesta en valor y organizaci\u00f3n de los archivos municipales y de prestar apoyo a \u00e9stos, ha impulsado dos p\u00e1ginas web: el Portal de Archivos Municipales de la Provincia de Albacete y una web 360\u00ba que ofrece una experiencia inmersiva a los usuarios y usuarias, permitiendo un primer acercamiento visual y detallado a los archivos de la provincia a trav\u00e9s de visitas virtuales (https:\/\/web.dipualba.es\/archivo\/).<\/p>\n<p style=\"text-align: justify;\">Adem\u00e1s, Llanos S\u00e1nchez ha subrayado \u201cla labor fundamental\u201d de los archivos, remarcando que cumplen dos funciones esenciales: \u201cSon testimonio de la actividad de las administraciones y act\u00faan como fuente de responsabilidad y rendici\u00f3n de cuentas ante la ciudadan\u00eda y, a su vez, constituyen un material esencial para construir la memoria colectiva de la humanidad\u201d, y ha asegurado que \u201cla responsabilidad y la memoria son dos componentes imprescindibles de las sociedades democr\u00e1ticas, que contribuyen a consolidar los cimientos del respeto y el conocimiento en libertad\u201d.<\/p>\n<p style=\"text-align: justify;\">Y refiri\u00e9ndose de forma espec\u00edfica a los archivos municipales, la diputada de ATM ha destacado que tienen una propiedad particular, se\u00f1alando que \u201csu proximidad con la ciudadan\u00eda los convierte en puntos privilegiados de contacto para que los vecinos y vecinas lleven a cabo esas dos funciones\u201d, al tiempo que custodian las pruebas del cumplimiento de sus obligaciones, as\u00ed como de los derechos que les asisten.<\/p>\n<p style=\"text-align: justify;\">Finalmente, Llanos S\u00e1nchez, que ha animado a las y las asistentes a disfrutar y aprovechar al m\u00e1ximo esta cita a la que, como ha explicado, suceder\u00e1n nuevas jornadas en otros puntos de la geograf\u00eda provincial, ha puesto en valor \u201cla figura fundamental\u201d de los archiveros y archiveras de los ayuntamientos, asegurando que son claves para acometer las funciones a las que se ha referido, actuando como intermediarios entre la ciudadan\u00eda y sus documentos, y dando a conocer entre la primera lo segundo.<\/p>\n<p style=\"text-align: justify;\">Durante la jornada, en cuya presentaci\u00f3n tambi\u00e9n ha estado el diputado provincial de Vox, Jos\u00e9 Luis Serrano (tambi\u00e9n concejal en esta localidad), intervendr\u00e1n Elvira Valero de la Rosa, directora del Archivo Hist\u00f3rico Provincial de Albacete; y los archiveros y archiveras municipales de Hell\u00edn, Beatriz Esteban Mu\u00f1ecas; de Socovos, Juan Miguel S\u00e1nchez-Herv\u00e1s Garc\u00eda; y de Tarazona de la Mancha, Miguel \u00c1ngel Mozo Bascu\u00f1ana. Asimismo, se ha previsto una mesa redonda en torno a las l\u00edneas de mejora en los archivos de la provincia y se han dado a conocer algunos de los trabajos realizados por la Diputaci\u00f3n en los \u00faltimos a\u00f1os en este \u00e1mbito.<\/p>\n<p><!--publicidad-voz03--><a href=\"https:\/\/www.facebook.com\/profile.php?id=100063593791305&amp;locale=es_ES\"><img decoding=\"async\" class=\"alignnone size-medium\" src=\"https:\/\/blogger.googleusercontent.com\/img\/b\/R29vZ2xl\/AVvXsEi8_n_ll8UOcGxCqzFvb_9Io4ICczlGC990BPtPj2w9Px-u7B3oqWUW5vtjZUqPNJ-nyjiUIorE0ATsib_l5tV8BVN-UJ03RTnU__IHJF_4DgDBtY4LIqXNG-FomrO-7ywes20CBCRM2Hcm7EJSh3UUw1dO-c_uTflUrtgY1i7uBRezj_DpympmEFkfbQY\/s1600\/logo-principal2.jpg\" width=\"100%\" height=\"100\" \/><\/a><!--bestpublic-voz03--><!--desk-in-out-voz03--><br \/>\n<!--publicidad-voz04--><a href=\"https:\/\/www.facebook.com\/profile.php?id=61557370768692&amp;locale=es_ES\"><img decoding=\"async\" class=\"alignnone size-medium\" src=\"https:\/\/blogger.googleusercontent.com\/img\/b\/R29vZ2xl\/AVvXsEgy5RdcfffrnrItnYTcV9bCJjgJwldsQLWssfVfrLbyfXeBNTFKgBf0rMIvhrUaGUhiXzVr9_eQgCbi-j63ZDpfTvLIty9w7s140y-m1yHe7eKmEK7v2NAHUJDVYGdfeiQFeRCqUjdwWmN1MX_AUxxz4IVdJ4WIM0APxit8bjWkXzrnEFGqBvW_1F13H1g\/s1600\/logo-principal5.jpg\" width=\"100%\" height=\"100\" \/><\/a><!--bestpublic-voz04--><!--desk-in-out-voz04--><br \/>\n<!--publicidad-voz05--><a href=\"https:\/\/www.facebook.com\/asociaciontamborileroshellin?locale=es_ES\"><img decoding=\"async\" class=\"alignnone size-medium\" src=\"https:\/\/blogger.googleusercontent.com\/img\/b\/R29vZ2xl\/AVvXsEhHEEpZsKK1VpwiYMrS7aE2ujtqIDZoLd4B5wtbiseSU9s2HdTdQfhF84So2XwEB1fv0BLw95GADm6hUl1bkKtzh-eIgVigXONuu_5RxeIMPhjk8q6uNX4EaEHbooKkbu7pCADWPpVJjhKIH5NQSJpWqedC-YBez4QAQeJYokkLot9bhrIaUAeztsGis6M\/s1600\/logo-principal3.jpg\" width=\"100%\" height=\"100\" \/><\/a><!--bestpublic-voz05--><!--desk-in-out-voz05--><br \/>\n<!--publicidad-voz06--><!--bestpublic-voz06--><!--desk-in-out-voz06--><br \/>\n<!--publicidad-voz07--><!--bestpublic-voz07--><!--desk-in-out-voz07--><br \/>\n<!--publicidad-voz08--><!--bestpublic-voz08--><!--desk-in-out-voz08--><br \/>\n<!--publicidad-voz09--><!--bestpublic-voz09--><!--desk-in-out-voz09--><br \/>\n<!--publicidad-voz10--><!--bestpublic-voz10--><!--desk-in-out-voz10--><br \/>\n<!--publicidad-voz11--><!--bestpublic-voz11--><!--desk-in-out-voz11--><br \/>\n<!--publicidad-voz12--><!--bestpublic-voz12--><!--desk-in-out-voz12--><br \/>\n<!--publicidad-voz13--><!--bestpublic-voz13--><!--desk-in-out-voz13--><br \/>\n<!--publicidad-voz14--><!--bestpublic-voz14--><!--desk-in-out-voz14--><br \/>\n<!--publicidad-voz15--><!--bestpublic-voz15--><!--desk-in-out-voz15--><br \/>\n<!--publicidad-voz16--><!--bestpublic-voz16--><!--desk-in-out-voz16--><\/p>\n","protected":false},"excerpt":{"rendered":"<p>La II Jornada de Archivos Municipales de Albacete se celebra este mi\u00e9rcoles en Chinchilla de Montearag\u00f3n de la mano de la Diputaci\u00f3n de Albacete y con el apoyo del Ayuntamiento&#8230;<\/p>\n","protected":false},"author":2,"featured_media":151121,"comment_status":"closed","ping_status":"closed","sticky":false,"template":"","format":"standard","meta":{"footnotes":""},"categories":[755,718,715,716,717],"tags":[],"class_list":["post-151120","post","type-post","status-publish","format-standard","has-post-thumbnail","hentry","category-blog-lv036","category-blogger","category-la-voz-de-hellin","category-la-voz-de-hellin-la-voz-de-hellin","category-noticias"],"_links":{"self":[{"href":"https:\/\/lavozdehellin.com\/noticias\/wp-json\/wp\/v2\/posts\/151120","targetHints":{"allow":["GET"]}}],"collection":[{"href":"https:\/\/lavozdehellin.com\/noticias\/wp-json\/wp\/v2\/posts"}],"about":[{"href":"https:\/\/lavozdehellin.com\/noticias\/wp-json\/wp\/v2\/types\/post"}],"author":[{"embeddable":true,"href":"https:\/\/lavozdehellin.com\/noticias\/wp-json\/wp\/v2\/users\/2"}],"replies":[{"embeddable":true,"href":"https:\/\/lavozdehellin.com\/noticias\/wp-json\/wp\/v2\/comments?post=151120"}],"version-history":[{"count":0,"href":"https:\/\/lavozdehellin.com\/noticias\/wp-json\/wp\/v2\/posts\/151120\/revisions"}],"wp:featuredmedia":[{"embeddable":true,"href":"https:\/\/lavozdehellin.com\/noticias\/wp-json\/wp\/v2\/media\/151121"}],"wp:attachment":[{"href":"https:\/\/lavozdehellin.com\/noticias\/wp-json\/wp\/v2\/media?parent=151120"}],"wp:term":[{"taxonomy":"category","embeddable":true,"href":"https:\/\/lavozdehellin.com\/noticias\/wp-json\/wp\/v2\/categories?post=151120"},{"taxonomy":"post_tag","embeddable":true,"href":"https:\/\/lavozdehellin.com\/noticias\/wp-json\/wp\/v2\/tags?post=151120"}],"curies":[{"name":"wp","href":"https:\/\/api.w.org\/{rel}","templated":true}]}}