{"id":151123,"date":"2024-06-12T11:45:48","date_gmt":"2024-06-12T09:45:48","guid":{"rendered":"https:\/\/lavozdehellin.com\/noticias\/?p=151123"},"modified":"2024-06-17T17:02:57","modified_gmt":"2024-06-17T15:02:57","slug":"v08-763-cabanero-subraya-que-la-provincia-de-albacete-sigue-mejorando-su-red-de-recursos-a-disposicion-de-las-personas-mayores-gracias-al-compromiso-del-gobierno-de-c-lm","status":"publish","type":"post","link":"https:\/\/lavozdehellin.com\/noticias\/v08-763-cabanero-subraya-que-la-provincia-de-albacete-sigue-mejorando-su-red-de-recursos-a-disposicion-de-las-personas-mayores-gracias-al-compromiso-del-gobierno-de-c-lm\/","title":{"rendered":"LVH NOTICIAS | CABA\u00d1ERO SUBRAYA QUE LA PROVINCIA DE ALBACETE SIGUE MEJORANDO SU RED DE RECURSOS A DISPOSICI\u00d3N DE LAS PERSONAS MAYORES GRACIAS AL COMPROMISO DEL GOBIERNO DE C-LM"},"content":{"rendered":"<p style=\"text-align: justify;\">Este mi\u00e9rcoles, el presidente de la Diputaci\u00f3n de Albacete, Santi Caba\u00f1ero, acompa\u00f1ado de los diputados Jos\u00e9 Gonz\u00e1lez y Miguel Zamora, ha participado en la inauguraci\u00f3n de la ampliaci\u00f3n de la Residencia de Mayores \u2018Las Vi\u00f1as\u2019 en la localidad de Madrigueras, ubicada en la comarca de La Manchuela.<\/p>\n<p><!--more--><br \/>\n<!--publicidad-voz01--><a href=\"https:\/\/www.facebook.com\/SoloRadioHellin\/?locale=es_ES\"><img decoding=\"async\" class=\"alignnone size-medium\" src=\"https:\/\/blogger.googleusercontent.com\/img\/b\/R29vZ2xl\/AVvXsEiNncirNnyGedv00mhjZjh5Wl4_YPdJGanoAl8tL8zH-HwqE8uHqjEfSt340RHdx-9tuCSIkZ8rFamZiGyYlgDGxCsmXjCH_1xk5eYM3ntFZRvJP_jndOKR7w1UAo9Tu0vrZyOLfqRpHIxYI5SymJJ-pfGCQw6QVpggBH-UgfjiFQ2JOxqxG0Jx94kW83c\/s1600\/logo-principal.jpg\" width=\"100%\" height=\"100\" \/><\/a><!--bestpublic-voz01--><!--desk-in-out-voz01--><br \/>\n<!--publicidad-voz02--><a href=\"https:\/\/www.hellincf.com\/\"><img decoding=\"async\" class=\"alignnone size-medium\" src=\"https:\/\/blogger.googleusercontent.com\/img\/b\/R29vZ2xl\/AVvXsEhuZ4-XfBVj3UtdP8-RZugy3WVrg-Zv28c53m4oV47qYCxL1rX_dqWX_YddsGSnpH5SRDqZ7bZeKPIfDVCDncpjVlhy3aQs2vojcJBn7Gdv9hC2_Nzct_pRFrnFE1a7KTCdY1bT_kAgnY3-iadRZrGeJf1fR2P5fu11bokx0pWjaypoy-ctwCjklldpEbA\/s1600\/logo-principal7.jpg\" width=\"100%\" height=\"100\" \/><\/a><!--bestpublic-voz02--><!--desk-in-out-voz02--><\/p>\n<p style=\"text-align: justify;\">El acto ha estado encabezado por el presidente de Castilla-La Mancha, Emiliano Garc\u00eda-Page, y ha contado tambi\u00e9n con la presencia de destacadas autoridades como el alcalde de la localidad, Juan Carlos Talavera Utiel;la vicepresidenta de las Cortes de C-LM, Josefina Navarrete P\u00e9rez; la consejera de Bienestar Social, B\u00e1rbara Garc\u00eda Torijano y el consejero de Fomento, Ignacio Hernando Serrano, as\u00ed como la directora de la Residencia, Raquel P\u00e9rez Mart\u00ednez y el responsable de la empresa constructora: Conscitec e Ingeteo.<\/p>\n<p style=\"text-align: justify;\">Esta ampliaci\u00f3n ha supuesto una inversi\u00f3n de m\u00e1s de 3,5 millones de euros por parte del Gobierno Regional, permitiendo cuadruplicar la capacidad del Centro de D\u00eda hasta alcanzar las 40 plazas, contando con m\u00e1s de 466.000 euros de asignaci\u00f3n para estancias diurnas. Las obras han incluido la construcci\u00f3n de un nuevo almac\u00e9n, la mejora de una sala nueva, el acondicionamiento de una terraza de ocio y la renovaci\u00f3n de la envolvente del edificio.<\/p>\n<p style=\"text-align: justify;\">El presidente provincial, Santi Caba\u00f1ero, ha subrayado durante la visita a las renovadas instalaciones el compromiso firme del Gobierno Auton\u00f3mico con el bienestar de las personas mayores, como reflejo del esfuerzo continuo por adaptar los centros y recursos a disposici\u00f3n del colectivo a las nuevas necesidades y demandas.<\/p>\n<p style=\"text-align: justify;\">S\u00f3lo en la provincia de Albacete, durante la pasada legislatura, la JCCM invirti\u00f3 m\u00e1s de 3 millones de euros en la reforma y modernizaci\u00f3n de siete centros de mayores en la provincia de Albacete, dentro de una inversi\u00f3n regional de 8 millones de euros destinada a 47 obras en la red p\u00fablica de 53 centros de mayores. Centros que, como ha subrayado Caba\u00f1ero son, adem\u00e1s, puntos de atenci\u00f3n, de cuidado y de encuentro \u201cvitales\u201d para la socializaci\u00f3n de las personas mayores y \u201cherramientas fundamentales con las que combatir la soledad no deseada\u201d.<\/p>\n<p style=\"text-align: justify;\">Recursos residenciales y de D\u00eda que son \u201ccomplemento perfecto\u201d a la Ayuda y las Comidas a Domicilio que contribuye a prestar la Diputaci\u00f3n de Albacete<\/p>\n<p style=\"text-align: justify;\">Santi Caba\u00f1ero ha puesto en valor c\u00f3mo, a trav\u00e9s del trabajo conjunto y al suma de esfuerzos, se fortalece la red de recursos que las administraciones ponen al servicio del mayor bienestar de las personas mayores. En este sentido, ha comentado c\u00f3mo este tipo de residencias y Centros de D\u00eda vienen a ser el \u201ccomplemento perfecto\u201d a Servicios como los de Ayuda y Comidas a Domicilio que los ayuntamientos prestan con el apoyo de la JCCM y, de forma referente en el pa\u00eds, tambi\u00e9n de la Diputaci\u00f3n de Albacete.<\/p>\n<p style=\"text-align: justify;\">La Diputaci\u00f3n de Albacete, a trav\u00e9s del Consorcio Provincial de Servicios Sociales, es pionera en la prestaci\u00f3n de estos recursos esenciales que, adem\u00e1s de atender a mayores en cada rinc\u00f3n del territorio, crean empleo cualificado fijando poblaci\u00f3n (eminentemente femenina) a los pueblos. Una apuesta firme que no ha hecho sino fortalecerse presupuestariamente desde la llegada de Caba\u00f1ero a la Presidencia provincial. Desde 2016, ha aumentado anualmente la dotaci\u00f3n destinada a estos servicios, alcanzando en 2024 una aportaci\u00f3n de 4,5 millones de euros.<\/p>\n<p style=\"text-align: justify;\">En Madrigueras, actualmente 94 usuarios se benefician de la Ayuda a Domicilio y 14 del Servicio de Comidas a Domicilio. Como ha subrayado el presidente, reiterando la mano tendida de la instituci\u00f3n provincial, estos recursos (cofinanciados por el Gobierno regional, la Diputaci\u00f3n y los ayuntamientos), son fundamentales para que las personas mayores puedan permanecer en sus entornos el m\u00e1ximo tiempo posible.<\/p>\n<p style=\"text-align: justify;\">\u00abEs nuestra responsabilidad como representantes p\u00fablicos asegurar que nuestros mayores reciban la mejor atenci\u00f3n y cuidado posible. El envejecimiento activo no es un desaf\u00edo, sino una oportunidad para demostrar nuestro agradecimiento a quienes han contribuido tanto a nuestra sociedad\u00bb, ha afirmado Caba\u00f1ero. \u00abLlevar servicios y recursos a nuestros mayores no es s\u00f3lo una cuesti\u00f3n de justicia y dignidad, tambi\u00e9n una inversi\u00f3n en el futuro de nuestras sociedades rurales\u00bb.<\/p>\n<p><!--publicidad-voz03--><a href=\"https:\/\/www.facebook.com\/profile.php?id=100063593791305&amp;locale=es_ES\"><img decoding=\"async\" class=\"alignnone size-medium\" src=\"https:\/\/blogger.googleusercontent.com\/img\/b\/R29vZ2xl\/AVvXsEi8_n_ll8UOcGxCqzFvb_9Io4ICczlGC990BPtPj2w9Px-u7B3oqWUW5vtjZUqPNJ-nyjiUIorE0ATsib_l5tV8BVN-UJ03RTnU__IHJF_4DgDBtY4LIqXNG-FomrO-7ywes20CBCRM2Hcm7EJSh3UUw1dO-c_uTflUrtgY1i7uBRezj_DpympmEFkfbQY\/s1600\/logo-principal2.jpg\" width=\"100%\" height=\"100\" \/><\/a><!--bestpublic-voz03--><!--desk-in-out-voz03--><br \/>\n<!--publicidad-voz04--><a href=\"https:\/\/www.facebook.com\/profile.php?id=61557370768692&amp;locale=es_ES\"><img decoding=\"async\" class=\"alignnone size-medium\" src=\"https:\/\/blogger.googleusercontent.com\/img\/b\/R29vZ2xl\/AVvXsEgy5RdcfffrnrItnYTcV9bCJjgJwldsQLWssfVfrLbyfXeBNTFKgBf0rMIvhrUaGUhiXzVr9_eQgCbi-j63ZDpfTvLIty9w7s140y-m1yHe7eKmEK7v2NAHUJDVYGdfeiQFeRCqUjdwWmN1MX_AUxxz4IVdJ4WIM0APxit8bjWkXzrnEFGqBvW_1F13H1g\/s1600\/logo-principal5.jpg\" width=\"100%\" height=\"100\" \/><\/a><!--bestpublic-voz04--><!--desk-in-out-voz04--><br \/>\n<!--publicidad-voz05--><a href=\"https:\/\/www.facebook.com\/asociaciontamborileroshellin?locale=es_ES\"><img decoding=\"async\" class=\"alignnone size-medium\" src=\"https:\/\/blogger.googleusercontent.com\/img\/b\/R29vZ2xl\/AVvXsEhHEEpZsKK1VpwiYMrS7aE2ujtqIDZoLd4B5wtbiseSU9s2HdTdQfhF84So2XwEB1fv0BLw95GADm6hUl1bkKtzh-eIgVigXONuu_5RxeIMPhjk8q6uNX4EaEHbooKkbu7pCADWPpVJjhKIH5NQSJpWqedC-YBez4QAQeJYokkLot9bhrIaUAeztsGis6M\/s1600\/logo-principal3.jpg\" width=\"100%\" height=\"100\" \/><\/a><!--bestpublic-voz05--><!--desk-in-out-voz05--><br \/>\n<!--publicidad-voz06--><!--bestpublic-voz06--><!--desk-in-out-voz06--><br \/>\n<!--publicidad-voz07--><!--bestpublic-voz07--><!--desk-in-out-voz07--><br \/>\n<!--publicidad-voz08--><!--bestpublic-voz08--><!--desk-in-out-voz08--><br \/>\n<!--publicidad-voz09--><!--bestpublic-voz09--><!--desk-in-out-voz09--><br \/>\n<!--publicidad-voz10--><!--bestpublic-voz10--><!--desk-in-out-voz10--><br \/>\n<!--publicidad-voz11--><!--bestpublic-voz11--><!--desk-in-out-voz11--><br \/>\n<!--publicidad-voz12--><!--bestpublic-voz12--><!--desk-in-out-voz12--><br \/>\n<!--publicidad-voz13--><!--bestpublic-voz13--><!--desk-in-out-voz13--><br \/>\n<!--publicidad-voz14--><!--bestpublic-voz14--><!--desk-in-out-voz14--><br \/>\n<!--publicidad-voz15--><!--bestpublic-voz15--><!--desk-in-out-voz15--><br \/>\n<!--publicidad-voz16--><!--bestpublic-voz16--><!--desk-in-out-voz16--><\/p>\n","protected":false},"excerpt":{"rendered":"<p>Este mi\u00e9rcoles, el presidente de la Diputaci\u00f3n de Albacete, Santi Caba\u00f1ero, acompa\u00f1ado de los diputados Jos\u00e9 Gonz\u00e1lez y Miguel Zamora, ha participado en la inauguraci\u00f3n de la ampliaci\u00f3n de la&#8230;<\/p>\n","protected":false},"author":2,"featured_media":151124,"comment_status":"closed","ping_status":"closed","sticky":false,"template":"","format":"standard","meta":{"footnotes":""},"categories":[755,718,715,716,717],"tags":[],"class_list":["post-151123","post","type-post","status-publish","format-standard","has-post-thumbnail","hentry","category-blog-lv036","category-blogger","category-la-voz-de-hellin","category-la-voz-de-hellin-la-voz-de-hellin","category-noticias"],"_links":{"self":[{"href":"https:\/\/lavozdehellin.com\/noticias\/wp-json\/wp\/v2\/posts\/151123","targetHints":{"allow":["GET"]}}],"collection":[{"href":"https:\/\/lavozdehellin.com\/noticias\/wp-json\/wp\/v2\/posts"}],"about":[{"href":"https:\/\/lavozdehellin.com\/noticias\/wp-json\/wp\/v2\/types\/post"}],"author":[{"embeddable":true,"href":"https:\/\/lavozdehellin.com\/noticias\/wp-json\/wp\/v2\/users\/2"}],"replies":[{"embeddable":true,"href":"https:\/\/lavozdehellin.com\/noticias\/wp-json\/wp\/v2\/comments?post=151123"}],"version-history":[{"count":0,"href":"https:\/\/lavozdehellin.com\/noticias\/wp-json\/wp\/v2\/posts\/151123\/revisions"}],"wp:featuredmedia":[{"embeddable":true,"href":"https:\/\/lavozdehellin.com\/noticias\/wp-json\/wp\/v2\/media\/151124"}],"wp:attachment":[{"href":"https:\/\/lavozdehellin.com\/noticias\/wp-json\/wp\/v2\/media?parent=151123"}],"wp:term":[{"taxonomy":"category","embeddable":true,"href":"https:\/\/lavozdehellin.com\/noticias\/wp-json\/wp\/v2\/categories?post=151123"},{"taxonomy":"post_tag","embeddable":true,"href":"https:\/\/lavozdehellin.com\/noticias\/wp-json\/wp\/v2\/tags?post=151123"}],"curies":[{"name":"wp","href":"https:\/\/api.w.org\/{rel}","templated":true}]}}