{"id":151126,"date":"2024-06-12T14:00:02","date_gmt":"2024-06-12T12:00:02","guid":{"rendered":"https:\/\/lavozdehellin.com\/noticias\/?p=151126"},"modified":"2024-06-17T17:02:57","modified_gmt":"2024-06-17T15:02:57","slug":"v08-764-santi-cabanero-se-suma-al-50o-aniversario-del-parque-empresarial-campollano-motor-industrial-de-castilla-la-mancha","status":"publish","type":"post","link":"https:\/\/lavozdehellin.com\/noticias\/v08-764-santi-cabanero-se-suma-al-50o-aniversario-del-parque-empresarial-campollano-motor-industrial-de-castilla-la-mancha\/","title":{"rendered":"LVH NOTICIAS | SANTI CABA\u00d1ERO SE SUMA AL 50\u00ba ANIVERSARIO DEL PARQUE EMPRESARIAL CAMPOLLANO, \u201cMOTOR INDUSTRIAL DE CASTILLA-LA MANCHA\u201d"},"content":{"rendered":"<p style=\"text-align: justify;\">El presidente de la Diputaci\u00f3n de Albacete, acompa\u00f1ado por los diputados Jos\u00e9 Gonz\u00e1lez y Miguel Zamora, se ha sumado este mi\u00e9rcoles a la conmemoraci\u00f3n oficial del 50\u00ba aniversario del Parque Empresarial Campollano en un acto que ha contado con la participaci\u00f3n de destacadas personalidades del \u00e1mbito pol\u00edtico y empresarial, encabezadas por el jefe del Ejecutivo Auton\u00f3mico, Emiliano Garc\u00eda-Page.<\/p>\n<p><!--more--><br \/>\n<!--publicidad-voz01--><a href=\"https:\/\/www.facebook.com\/SoloRadioHellin\/?locale=es_ES\"><img decoding=\"async\" class=\"alignnone size-medium\" src=\"https:\/\/blogger.googleusercontent.com\/img\/b\/R29vZ2xl\/AVvXsEiNncirNnyGedv00mhjZjh5Wl4_YPdJGanoAl8tL8zH-HwqE8uHqjEfSt340RHdx-9tuCSIkZ8rFamZiGyYlgDGxCsmXjCH_1xk5eYM3ntFZRvJP_jndOKR7w1UAo9Tu0vrZyOLfqRpHIxYI5SymJJ-pfGCQw6QVpggBH-UgfjiFQ2JOxqxG0Jx94kW83c\/s1600\/logo-principal.jpg\" width=\"100%\" height=\"100\" \/><\/a><!--bestpublic-voz01--><!--desk-in-out-voz01--><br \/>\n<!--publicidad-voz02--><a href=\"https:\/\/www.hellincf.com\/\"><img decoding=\"async\" class=\"alignnone size-medium\" src=\"https:\/\/blogger.googleusercontent.com\/img\/b\/R29vZ2xl\/AVvXsEhuZ4-XfBVj3UtdP8-RZugy3WVrg-Zv28c53m4oV47qYCxL1rX_dqWX_YddsGSnpH5SRDqZ7bZeKPIfDVCDncpjVlhy3aQs2vojcJBn7Gdv9hC2_Nzct_pRFrnFE1a7KTCdY1bT_kAgnY3-iadRZrGeJf1fR2P5fu11bokx0pWjaypoy-ctwCjklldpEbA\/s1600\/logo-principal7.jpg\" width=\"100%\" height=\"100\" \/><\/a><!--bestpublic-voz02--><!--desk-in-out-voz02--><\/p>\n<p style=\"text-align: justify;\">En sus palabras, Santi Caba\u00f1ero ha subrayado la importancia \u201chist\u00f3rica y socioecon\u00f3mica\u201d de este parque para la regi\u00f3n. \u00abNo puedo comenzar sino uni\u00e9ndome, en nombre de toda la provincia, a esas sinceras \u2018felicitaciones\u2019 por estos 50 a\u00f1os de un \u00e9xito compartido que ha marcado \u2018un antes y despu\u00e9s\u2019 no s\u00f3lo en el territorio, sino en su gente\u00bb, ha se\u00f1alado.<\/p>\n<p style=\"text-align: justify;\">\u201cEn aquella \u00e9poca de finales de los \u201860, principios de los \u201870, \u00e9poca final del desarrollismo espa\u00f1ol, esta provincia se estaba desangrando: se nos iba el talento humano por falta de oportunidades. Yo estoy convencido de que este pol\u00edgono de Campollano, esta magn\u00edfica idea, esta este magn\u00edfico proyecto, sirvi\u00f3 para frenar aqu\u00e9lla sangr\u00eda que est\u00e1bamos sufriendo toda la provincia por falta de oportunidades hacia otros territorios, y que \u00e9ste fue el comienzo de una \u00e9poca mejor, el comienzo de una \u00e9poca de oportunidades\u201d, ha reflexionado, reiterando su agradecimiento por ello,<\/p>\n<p style=\"text-align: justify;\">El presidente ha destacado el impacto positivo que Campollano ha provocado en Albacete, la provincia y toda Castilla-La Mancha desde su creaci\u00f3n, hace medio siglo. \u00abEste lugar no s\u00f3lo transform\u00f3 la fisionom\u00eda de aquellos terrenos agr\u00edcolas en esta aut\u00e9ntica \u2018ciudad industrial\u2019 en las afueras de la capital provincial; tambi\u00e9n ha cambiado el papel del empresariado y del tejido productivo\u00bb, ha afirmado, enfatizando el papel crucial del Pol\u00edgono en el desarrollo socioecon\u00f3mico de todo el entorno.<\/p>\n<p style=\"text-align: justify;\">Campollano, clave en el fortalecimiento del modelo de ciudad, de provincia y de regi\u00f3n<\/p>\n<p style=\"text-align: justify;\">Caba\u00f1ero ha aprovechado para reconocer p\u00fablicamente la labor de la Asociaci\u00f3n de Empresarios de Campollano (ADECA) y de quienes la han liderado a lo largo de estos a\u00f1os, \u201cconvirtiendo este lugar en un parque empresarial moderno y representativo del dinamismo y el esp\u00edritu proactivo del tejido empresarial de Albacete\u00bb. Y, de forma especial, ha personificado a esos y esas protagonistas en la figura del actual presidente, Santos Prieto: \u201cDefiendes los intereses de los empresarios de ADECA y de todo el empresariado, por supuesto; pero tambi\u00e9n los de Albacete. He tenido la suerte de compartir espacios (dentro y fuera de Albacete) y siempre llevas la defensa de Albacete por bandera; eres un \u2018generador de abrazos\u2019, como hemos visto metaf\u00f3ricamente hoy aqu\u00ed y eso es muy importante porque ese tipo de gente hace prosperar a una tierra; y t\u00fa (y quienes te han precedido) sois de los que colabor\u00e1is a que Albacete sea mejor\u201d.<\/p>\n<p style=\"text-align: justify;\">En su discurso, tambi\u00e9n ha resaltado la importancia del capital humano de esta \u2018gran familia\u2019.<\/p>\n<p style=\"text-align: justify;\">En este sentido, ha subrayado la relevancia de Campollano en la econom\u00eda local y regional, se\u00f1alando que en este Pol\u00edgono se genera el 40% de la facturaci\u00f3n de la ciudad, 18% de la facturaci\u00f3n de la provincia y el 5% de la facturaci\u00f3n de la regi\u00f3n. \u201cEl coraz\u00f3n econ\u00f3mico de esta tierra est\u00e1 en Campollano; y, como cualquier coraz\u00f3n, bombea ox\u00edgeno en forma de empleo, de oportunidades, de sue\u00f1os\u2026 al resto de la provincia; y eso tambi\u00e9n es digno de de agradecer\u201d, ha reiterado.<\/p>\n<p style=\"text-align: justify;\">Colaboraci\u00f3n con la Diputaci\u00f3n en pro del desarrollo econ\u00f3mico de la provincia<\/p>\n<p style=\"text-align: justify;\">Caba\u00f1ero ha puesto en valor el papel de ADECA en estos a\u00f1os de progreso en Campollano y ha agradecido profundamente la colaboraci\u00f3n que la asociaci\u00f3n viene manteniendo con la Diputaci\u00f3n.<\/p>\n<p style=\"text-align: justify;\">\u00abPoder acompa\u00f1aros en esta celebraci\u00f3n del medio siglo de vida Campollano es un honor como presidente provincial. Y he de reiteraros un agradecimiento sincero porque, si bien en las diputaciones no tenemos competencias directas en lo que, a priori, os ocupa, s\u00ed que una de nuestras grandes razones de ser es la de contribuir al desarrollo econ\u00f3mico de la provincia; y nadie mejor que vosotros como \u2018aliados\u2019 para avanzar en esa \u2018misi\u00f3n\u2019 (y por la calidad, profesional y humana con la que facilit\u00e1is esa interlocuci\u00f3n)\u201d, ha comentado.<\/p>\n<p style=\"text-align: justify;\">El presidente ha resaltado algunas iniciativas fruto de esa cooperaci\u00f3n provincial con ADECA (y con su \u2018hermana mayor\u2019 regional: Zincaman), incluyendo programas de formaci\u00f3n y el Proyecto de Dinamizaci\u00f3n de las Zonas Industriales de la provincia (Prodizipa) que, de forma pionera, ambas partes impulsaron en 2022 y desarrollan en la actualidad.<\/p>\n<p style=\"text-align: justify;\">Una iniciativa con la que se viene asesorando y acompa\u00f1ando a los ayuntamientos en el mejor desarrollo de los m\u00e1s de 20 millones de m\u00b2 de suelo industrial que suman los cerca de 50 pol\u00edgonos industriales que hay en unas 30 localidades de la provincia de Albacete, como arroj\u00f3 el diagn\u00f3stico de situaci\u00f3n del que parti\u00f3 el proyecto.<\/p>\n<p style=\"text-align: justify;\">Adem\u00e1s, la Diputaci\u00f3n de Albacete y Zincaman comparten otros nexos de uni\u00f3n en sus formas de hacer: son las \u00fanicas entidades en el territorio que han recibido apoyo financiero del Gobierno de Espa\u00f1a, a trav\u00e9s de Fondos Europeos, para la creaci\u00f3n de Oficinas de Transformaci\u00f3n Comunitaria, cruciales en estos tiempos de transici\u00f3n energ\u00e9tica.<\/p>\n<p style=\"text-align: justify;\">El presidente Caba\u00f1ero ha concluido reafirmando el compromiso de la Diputaci\u00f3n con Campollano: \u00abPor m\u00e9ritos propios, \u00e9ste es el motor industrial de Castilla-La Mancha; y, como siempre, pod\u00e9is encontrar la mano tendida de la Diputaci\u00f3n en cuanto pueda contribuir a afianzar esa posici\u00f3n referente desde la que sois coprotagonistas del crecimiento econ\u00f3mico sostenido y del desarrollo social de Albacete y de Castilla-La Mancha\u00bb, ha se\u00f1alado.<\/p>\n<p style=\"text-align: justify;\">Este acto conmemorativo ha contado tambi\u00e9n con la presencia de la delegada del Gobierno de Espa\u00f1a en C-LM, Milagros Tol\u00f3n Jaime; de la vicepresidenta de las Cortes Regionales, Josefina Navarrete P\u00e9rez; del alcalde de Albacete, Manuel Serrano L\u00f3pez; y del consejero de Fomento, Nacho Hernando Serrano, entre otros representantes institucionales y sociales.<\/p>\n<p style=\"text-align: justify;\">Durante la ceremonia, adem\u00e1s de distintas fotograf\u00edas de grupo con la Junta Directiva de ADECA, se ha procedido a dar lectura a la Declaraci\u00f3n Institucional de Campollano en su 50\u00ba aniversario y a proyectar un v\u00eddeo especial conmemorando este medio siglo de vida.<\/p>\n<p><!--publicidad-voz03--><a href=\"https:\/\/www.facebook.com\/profile.php?id=100063593791305&amp;locale=es_ES\"><img decoding=\"async\" class=\"alignnone size-medium\" src=\"https:\/\/blogger.googleusercontent.com\/img\/b\/R29vZ2xl\/AVvXsEi8_n_ll8UOcGxCqzFvb_9Io4ICczlGC990BPtPj2w9Px-u7B3oqWUW5vtjZUqPNJ-nyjiUIorE0ATsib_l5tV8BVN-UJ03RTnU__IHJF_4DgDBtY4LIqXNG-FomrO-7ywes20CBCRM2Hcm7EJSh3UUw1dO-c_uTflUrtgY1i7uBRezj_DpympmEFkfbQY\/s1600\/logo-principal2.jpg\" width=\"100%\" height=\"100\" \/><\/a><!--bestpublic-voz03--><!--desk-in-out-voz03--><br \/>\n<!--publicidad-voz04--><a href=\"https:\/\/www.facebook.com\/profile.php?id=61557370768692&amp;locale=es_ES\"><img decoding=\"async\" class=\"alignnone size-medium\" src=\"https:\/\/blogger.googleusercontent.com\/img\/b\/R29vZ2xl\/AVvXsEgy5RdcfffrnrItnYTcV9bCJjgJwldsQLWssfVfrLbyfXeBNTFKgBf0rMIvhrUaGUhiXzVr9_eQgCbi-j63ZDpfTvLIty9w7s140y-m1yHe7eKmEK7v2NAHUJDVYGdfeiQFeRCqUjdwWmN1MX_AUxxz4IVdJ4WIM0APxit8bjWkXzrnEFGqBvW_1F13H1g\/s1600\/logo-principal5.jpg\" width=\"100%\" height=\"100\" \/><\/a><!--bestpublic-voz04--><!--desk-in-out-voz04--><br \/>\n<!--publicidad-voz05--><a href=\"https:\/\/www.facebook.com\/asociaciontamborileroshellin?locale=es_ES\"><img decoding=\"async\" class=\"alignnone size-medium\" src=\"https:\/\/blogger.googleusercontent.com\/img\/b\/R29vZ2xl\/AVvXsEhHEEpZsKK1VpwiYMrS7aE2ujtqIDZoLd4B5wtbiseSU9s2HdTdQfhF84So2XwEB1fv0BLw95GADm6hUl1bkKtzh-eIgVigXONuu_5RxeIMPhjk8q6uNX4EaEHbooKkbu7pCADWPpVJjhKIH5NQSJpWqedC-YBez4QAQeJYokkLot9bhrIaUAeztsGis6M\/s1600\/logo-principal3.jpg\" width=\"100%\" height=\"100\" \/><\/a><!--bestpublic-voz05--><!--desk-in-out-voz05--><br \/>\n<!--publicidad-voz06--><!--bestpublic-voz06--><!--desk-in-out-voz06--><br \/>\n<!--publicidad-voz07--><!--bestpublic-voz07--><!--desk-in-out-voz07--><br \/>\n<!--publicidad-voz08--><!--bestpublic-voz08--><!--desk-in-out-voz08--><br \/>\n<!--publicidad-voz09--><!--bestpublic-voz09--><!--desk-in-out-voz09--><br \/>\n<!--publicidad-voz10--><!--bestpublic-voz10--><!--desk-in-out-voz10--><br \/>\n<!--publicidad-voz11--><!--bestpublic-voz11--><!--desk-in-out-voz11--><br \/>\n<!--publicidad-voz12--><!--bestpublic-voz12--><!--desk-in-out-voz12--><br \/>\n<!--publicidad-voz13--><!--bestpublic-voz13--><!--desk-in-out-voz13--><br \/>\n<!--publicidad-voz14--><!--bestpublic-voz14--><!--desk-in-out-voz14--><br \/>\n<!--publicidad-voz15--><!--bestpublic-voz15--><!--desk-in-out-voz15--><br \/>\n<!--publicidad-voz16--><!--bestpublic-voz16--><!--desk-in-out-voz16--><\/p>\n","protected":false},"excerpt":{"rendered":"<p>El presidente de la Diputaci\u00f3n de Albacete, acompa\u00f1ado por los diputados Jos\u00e9 Gonz\u00e1lez y Miguel Zamora, se ha sumado este mi\u00e9rcoles a la conmemoraci\u00f3n oficial del 50\u00ba aniversario del Parque&#8230;<\/p>\n","protected":false},"author":2,"featured_media":151127,"comment_status":"closed","ping_status":"closed","sticky":false,"template":"","format":"standard","meta":{"footnotes":""},"categories":[755,718,715,716,717],"tags":[],"class_list":["post-151126","post","type-post","status-publish","format-standard","has-post-thumbnail","hentry","category-blog-lv036","category-blogger","category-la-voz-de-hellin","category-la-voz-de-hellin-la-voz-de-hellin","category-noticias"],"_links":{"self":[{"href":"https:\/\/lavozdehellin.com\/noticias\/wp-json\/wp\/v2\/posts\/151126","targetHints":{"allow":["GET"]}}],"collection":[{"href":"https:\/\/lavozdehellin.com\/noticias\/wp-json\/wp\/v2\/posts"}],"about":[{"href":"https:\/\/lavozdehellin.com\/noticias\/wp-json\/wp\/v2\/types\/post"}],"author":[{"embeddable":true,"href":"https:\/\/lavozdehellin.com\/noticias\/wp-json\/wp\/v2\/users\/2"}],"replies":[{"embeddable":true,"href":"https:\/\/lavozdehellin.com\/noticias\/wp-json\/wp\/v2\/comments?post=151126"}],"version-history":[{"count":0,"href":"https:\/\/lavozdehellin.com\/noticias\/wp-json\/wp\/v2\/posts\/151126\/revisions"}],"wp:featuredmedia":[{"embeddable":true,"href":"https:\/\/lavozdehellin.com\/noticias\/wp-json\/wp\/v2\/media\/151127"}],"wp:attachment":[{"href":"https:\/\/lavozdehellin.com\/noticias\/wp-json\/wp\/v2\/media?parent=151126"}],"wp:term":[{"taxonomy":"category","embeddable":true,"href":"https:\/\/lavozdehellin.com\/noticias\/wp-json\/wp\/v2\/categories?post=151126"},{"taxonomy":"post_tag","embeddable":true,"href":"https:\/\/lavozdehellin.com\/noticias\/wp-json\/wp\/v2\/tags?post=151126"}],"curies":[{"name":"wp","href":"https:\/\/api.w.org\/{rel}","templated":true}]}}