{"id":151129,"date":"2024-06-12T18:29:55","date_gmt":"2024-06-12T16:29:55","guid":{"rendered":"https:\/\/lavozdehellin.com\/noticias\/?p=151129"},"modified":"2024-06-17T17:02:57","modified_gmt":"2024-06-17T15:02:57","slug":"v08-765-primera-piedra-del-nuevo-centro-de-dia-y-las-dos-viviendas-con-apoyos-a-disposicion-de-mayores-y-dependientes-en-alcaraz","status":"publish","type":"post","link":"https:\/\/lavozdehellin.com\/noticias\/v08-765-primera-piedra-del-nuevo-centro-de-dia-y-las-dos-viviendas-con-apoyos-a-disposicion-de-mayores-y-dependientes-en-alcaraz\/","title":{"rendered":"LVH NOTICIAS | \u2018PRIMERA PIEDRA\u2019 DEL NUEVO CENTRO DE D\u00cdA Y LAS DOS VIVIENDAS CON APOYOS A DISPOSICI\u00d3N DE MAYORES Y DEPENDIENTES EN ALCARAZ"},"content":{"rendered":"<p style=\"text-align: justify;\">Este mi\u00e9rcoles ha tenido lugar la colocaci\u00f3n de la \u2018primera piedra\u2019 del Centro de D\u00eda y de las dos viviendas con apoyos para personas con discapacidad de las que disfrutar\u00e1 la localidad de Alcaraz. Un proyecto impulsado por el Gobierno de Castilla-La Mancha a trav\u00e9s de fondos europeos.<\/p>\n<p><!--more--><br \/>\n<!--publicidad-voz01--><a href=\"https:\/\/www.facebook.com\/SoloRadioHellin\/?locale=es_ES\"><img decoding=\"async\" class=\"alignnone size-medium\" src=\"https:\/\/blogger.googleusercontent.com\/img\/b\/R29vZ2xl\/AVvXsEiNncirNnyGedv00mhjZjh5Wl4_YPdJGanoAl8tL8zH-HwqE8uHqjEfSt340RHdx-9tuCSIkZ8rFamZiGyYlgDGxCsmXjCH_1xk5eYM3ntFZRvJP_jndOKR7w1UAo9Tu0vrZyOLfqRpHIxYI5SymJJ-pfGCQw6QVpggBH-UgfjiFQ2JOxqxG0Jx94kW83c\/s1600\/logo-principal.jpg\" width=\"100%\" height=\"100\" \/><\/a><!--bestpublic-voz01--><!--desk-in-out-voz01--><br \/>\n<!--publicidad-voz02--><a href=\"https:\/\/www.hellincf.com\/\"><img decoding=\"async\" class=\"alignnone size-medium\" src=\"https:\/\/blogger.googleusercontent.com\/img\/b\/R29vZ2xl\/AVvXsEhuZ4-XfBVj3UtdP8-RZugy3WVrg-Zv28c53m4oV47qYCxL1rX_dqWX_YddsGSnpH5SRDqZ7bZeKPIfDVCDncpjVlhy3aQs2vojcJBn7Gdv9hC2_Nzct_pRFrnFE1a7KTCdY1bT_kAgnY3-iadRZrGeJf1fR2P5fu11bokx0pWjaypoy-ctwCjklldpEbA\/s1600\/logo-principal7.jpg\" width=\"100%\" height=\"100\" \/><\/a><!--bestpublic-voz02--><!--desk-in-out-voz02--><\/p>\n<p style=\"text-align: justify;\">El acto ha contado con la participaci\u00f3n de, entre otras personalidades, el presidente provincial, Santi Caba\u00f1ero, junto al de Castilla-La Mancha, Emiliano Garc\u00eda-Page; Josefina Navarrete P\u00e9rez, vicepresidenta de las Cortes Regionales; Pedro Jes\u00fas Valero Montoya, alcalde de la localidad; B\u00e1rbara Garc\u00eda Torijano, consejera de Bienestar Social; Ignacio Hernando Serrano, consejero de Fomento; los diputados Yolanda Ballesteros (teniente alcalde de Alcaraz) y Jos\u00e9 Gonz\u00e1lez; y Francisco Jos\u00e9 Armenta Men\u00e9ndez, director general de Discapacidad.<\/p>\n<p style=\"text-align: justify;\">Proyecto financiado con fondos europeos a trav\u00e9s del Plan de Recuperaci\u00f3n del Gobierno de Espa\u00f1a<\/p>\n<p style=\"text-align: justify;\">Durante la visita a la zona, se ha llevado a cabo una explicaci\u00f3n t\u00e9cnica del proyecto a cargo del arquitecto responsable, destacando la importancia y los beneficios que el nuevo centro y las viviendas aportar\u00e1n a la poblaci\u00f3n local y comarcal, reafirmando el compromiso de mejorar la calidad de vida de las personas con discapacidad en el \u00e1mbito rural.<\/p>\n<p style=\"text-align: justify;\">As\u00ed, el primer edil ha resaltado \u201cel apoyo del presidente Emiliano Garc\u00eda-Page con Alcaraz, con su comarca y, sobre todo, con las zonas rurales porque esto es necesario en este tipo de zonas para mejorar el nivel de vida que hay en los pueblos, y hay que resaltarlo, pues va a ser un impulso econ\u00f3mico y va a facilitar el tema laboral, no s\u00f3lo en Alcaraz, sino en toda la comarca de la Sierra; estamos muy contentos y muy orgullosos de que este tipo de Centros se desarrollen en las zonas rurales, apoyando siempre para aforntar la despoblaci\u00f3n\u201d.<\/p>\n<p style=\"text-align: justify;\">Caba\u00f1ero: \u201cLas administraciones tenemos que ser conscientes de que hay que acercar los servicios a los ciudadanos y no al contrario\u201d<\/p>\n<p style=\"text-align: justify;\">Como ha puesto en valor Santi Caba\u00f1ero, este proyecto, financiado con fondos europeos, no es s\u00f3lo una muestra un esfuerzo patente por ofrecer m\u00e1s y mejores servicios de calidad a la poblaci\u00f3n m\u00e1s vulnerable, sino una prueba del empe\u00f1o en \u201cfomentar la inclusi\u00f3n y el bienestar de toda la ciudadan\u00eda, viva donde viva\u00ab.<\/p>\n<p style=\"text-align: justify;\">As\u00ed, el presidente de la Diputaci\u00f3n ha insistido en resaltar \u201cla importancia que tienen estos recursos para las zonas rurales\u201d se\u00f1alando que, cada vez m\u00e1s, \u201clas administraciones tenemos que ser conscientes de que hay que acercar los servicios a los ciudadanos y no al contrario; lo normal, a lo largo de la historia, ha sido tener que desarraigar a la gente para acercarla a los servicios p\u00fablicos pero, gracias a gobiernos con la sensibilidad que tiene el del presidente Page, podemos ver c\u00f3mo este tipo de recursos llegan a nuestros municipios, llegan a las zonas rurales y no hacen que tengamos que alejar al usuario del recurso; por eso estamos muy contentos, porque esto ayuda a fijar poblaci\u00f3n y a que la gente de nuestros pueblos est\u00e9 mejor atendida y disfrute de mayor calidad de vida\u201d.<\/p>\n<p style=\"text-align: justify;\">La construcci\u00f3n se llevar\u00e1 a cabo en una parcela municipal de unos 1.500 m\u00b2 cedida por el Ayuntamiento de Alcaraz. La estructura estar\u00e1 distribuida en una sola planta, interconectada por un patio com\u00fan.<\/p>\n<p style=\"text-align: justify;\">Las viviendas contar\u00e1n con un total de 16 plazas, distribuidas en 12 habitaciones individuales y 2 dobles. El Centro de D\u00eda, tendr\u00e1 una capacidad de unas 40 plazas y estar\u00e1 especializado en la atenci\u00f3n de personas con discapacidad intelectual mayores de 50 a\u00f1os y en el cuidado de personas con discapacidad intelectual grave mayores de 18 a\u00f1os.<\/p>\n<p style=\"text-align: justify;\">Con un presupuesto base de m\u00e1s de 2.200.000 euros, el proyecto se enmarca dentro del Plan de Recuperaci\u00f3n, Transformaci\u00f3n y Resiliencia del Gobierno de Espa\u00f1a; gracias a los fondos europeos, se construir\u00e1n 16 nuevas viviendas en Castilla-La Mancha, mejorando la infraestructura y los servicios disponibles para estas personas que requieren de atenci\u00f3n y cuidado especiales.<\/p>\n<p><!--publicidad-voz03--><a href=\"https:\/\/www.facebook.com\/profile.php?id=100063593791305&amp;locale=es_ES\"><img decoding=\"async\" class=\"alignnone size-medium\" src=\"https:\/\/blogger.googleusercontent.com\/img\/b\/R29vZ2xl\/AVvXsEi8_n_ll8UOcGxCqzFvb_9Io4ICczlGC990BPtPj2w9Px-u7B3oqWUW5vtjZUqPNJ-nyjiUIorE0ATsib_l5tV8BVN-UJ03RTnU__IHJF_4DgDBtY4LIqXNG-FomrO-7ywes20CBCRM2Hcm7EJSh3UUw1dO-c_uTflUrtgY1i7uBRezj_DpympmEFkfbQY\/s1600\/logo-principal2.jpg\" width=\"100%\" height=\"100\" \/><\/a><!--bestpublic-voz03--><!--desk-in-out-voz03--><br \/>\n<!--publicidad-voz04--><a href=\"https:\/\/www.facebook.com\/profile.php?id=61557370768692&amp;locale=es_ES\"><img decoding=\"async\" class=\"alignnone size-medium\" src=\"https:\/\/blogger.googleusercontent.com\/img\/b\/R29vZ2xl\/AVvXsEgy5RdcfffrnrItnYTcV9bCJjgJwldsQLWssfVfrLbyfXeBNTFKgBf0rMIvhrUaGUhiXzVr9_eQgCbi-j63ZDpfTvLIty9w7s140y-m1yHe7eKmEK7v2NAHUJDVYGdfeiQFeRCqUjdwWmN1MX_AUxxz4IVdJ4WIM0APxit8bjWkXzrnEFGqBvW_1F13H1g\/s1600\/logo-principal5.jpg\" width=\"100%\" height=\"100\" \/><\/a><!--bestpublic-voz04--><!--desk-in-out-voz04--><br \/>\n<!--publicidad-voz05--><a href=\"https:\/\/www.facebook.com\/asociaciontamborileroshellin?locale=es_ES\"><img decoding=\"async\" class=\"alignnone size-medium\" src=\"https:\/\/blogger.googleusercontent.com\/img\/b\/R29vZ2xl\/AVvXsEhHEEpZsKK1VpwiYMrS7aE2ujtqIDZoLd4B5wtbiseSU9s2HdTdQfhF84So2XwEB1fv0BLw95GADm6hUl1bkKtzh-eIgVigXONuu_5RxeIMPhjk8q6uNX4EaEHbooKkbu7pCADWPpVJjhKIH5NQSJpWqedC-YBez4QAQeJYokkLot9bhrIaUAeztsGis6M\/s1600\/logo-principal3.jpg\" width=\"100%\" height=\"100\" \/><\/a><!--bestpublic-voz05--><!--desk-in-out-voz05--><br \/>\n<!--publicidad-voz06--><!--bestpublic-voz06--><!--desk-in-out-voz06--><br \/>\n<!--publicidad-voz07--><!--bestpublic-voz07--><!--desk-in-out-voz07--><br \/>\n<!--publicidad-voz08--><!--bestpublic-voz08--><!--desk-in-out-voz08--><br \/>\n<!--publicidad-voz09--><!--bestpublic-voz09--><!--desk-in-out-voz09--><br \/>\n<!--publicidad-voz10--><!--bestpublic-voz10--><!--desk-in-out-voz10--><br \/>\n<!--publicidad-voz11--><!--bestpublic-voz11--><!--desk-in-out-voz11--><br \/>\n<!--publicidad-voz12--><!--bestpublic-voz12--><!--desk-in-out-voz12--><br \/>\n<!--publicidad-voz13--><!--bestpublic-voz13--><!--desk-in-out-voz13--><br \/>\n<!--publicidad-voz14--><!--bestpublic-voz14--><!--desk-in-out-voz14--><br \/>\n<!--publicidad-voz15--><!--bestpublic-voz15--><!--desk-in-out-voz15--><br \/>\n<!--publicidad-voz16--><!--bestpublic-voz16--><!--desk-in-out-voz16--><\/p>\n","protected":false},"excerpt":{"rendered":"<p>Este mi\u00e9rcoles ha tenido lugar la colocaci\u00f3n de la \u2018primera piedra\u2019 del Centro de D\u00eda y de las dos viviendas con apoyos para personas con discapacidad de las que disfrutar\u00e1&#8230;<\/p>\n","protected":false},"author":2,"featured_media":151130,"comment_status":"closed","ping_status":"closed","sticky":false,"template":"","format":"standard","meta":{"footnotes":""},"categories":[755,718,715,716,717],"tags":[],"class_list":["post-151129","post","type-post","status-publish","format-standard","has-post-thumbnail","hentry","category-blog-lv036","category-blogger","category-la-voz-de-hellin","category-la-voz-de-hellin-la-voz-de-hellin","category-noticias"],"_links":{"self":[{"href":"https:\/\/lavozdehellin.com\/noticias\/wp-json\/wp\/v2\/posts\/151129","targetHints":{"allow":["GET"]}}],"collection":[{"href":"https:\/\/lavozdehellin.com\/noticias\/wp-json\/wp\/v2\/posts"}],"about":[{"href":"https:\/\/lavozdehellin.com\/noticias\/wp-json\/wp\/v2\/types\/post"}],"author":[{"embeddable":true,"href":"https:\/\/lavozdehellin.com\/noticias\/wp-json\/wp\/v2\/users\/2"}],"replies":[{"embeddable":true,"href":"https:\/\/lavozdehellin.com\/noticias\/wp-json\/wp\/v2\/comments?post=151129"}],"version-history":[{"count":0,"href":"https:\/\/lavozdehellin.com\/noticias\/wp-json\/wp\/v2\/posts\/151129\/revisions"}],"wp:featuredmedia":[{"embeddable":true,"href":"https:\/\/lavozdehellin.com\/noticias\/wp-json\/wp\/v2\/media\/151130"}],"wp:attachment":[{"href":"https:\/\/lavozdehellin.com\/noticias\/wp-json\/wp\/v2\/media?parent=151129"}],"wp:term":[{"taxonomy":"category","embeddable":true,"href":"https:\/\/lavozdehellin.com\/noticias\/wp-json\/wp\/v2\/categories?post=151129"},{"taxonomy":"post_tag","embeddable":true,"href":"https:\/\/lavozdehellin.com\/noticias\/wp-json\/wp\/v2\/tags?post=151129"}],"curies":[{"name":"wp","href":"https:\/\/api.w.org\/{rel}","templated":true}]}}