{"id":151132,"date":"2024-06-12T20:48:00","date_gmt":"2024-06-12T18:48:00","guid":{"rendered":"https:\/\/lavozdehellin.com\/noticias\/?p=151132"},"modified":"2024-06-17T17:02:57","modified_gmt":"2024-06-17T15:02:57","slug":"v08-766-el-servicio-de-bomberos-de-la-diputacion-de-albacete-contabiliza-mas-de-veinte-intervenciones-en-respuesta-a-las-tormentas-y-fuertes-lluvias","status":"publish","type":"post","link":"https:\/\/lavozdehellin.com\/noticias\/v08-766-el-servicio-de-bomberos-de-la-diputacion-de-albacete-contabiliza-mas-de-veinte-intervenciones-en-respuesta-a-las-tormentas-y-fuertes-lluvias\/","title":{"rendered":"LVH NOTICIAS | EL SERVICIO DE BOMBEROS DE LA DIPUTACI\u00d3N DE ALBACETE CONTABILIZA M\u00c1S DE VEINTE INTERVENCIONES EN RESPUESTA A LAS TORMENTAS Y FUERTES LLUVIAS"},"content":{"rendered":"<p style=\"text-align: justify;\">La Agencia Estatal de Meteorolog\u00eda hab\u00eda activado para este mi\u00e9rcoles el aviso amarillo por tormentas y fuertes lluvias en la provincia de Albacete y los pron\u00f3sticos se han cumplido, causando m\u00faltiples incidencias a las que han respondido conjuntamente los distintos cuerpos de emergencias del territorio.<\/p>\n<p><!--more--><br \/>\n<!--publicidad-voz01--><a href=\"https:\/\/www.facebook.com\/SoloRadioHellin\/?locale=es_ES\"><img decoding=\"async\" class=\"alignnone size-medium\" src=\"https:\/\/blogger.googleusercontent.com\/img\/b\/R29vZ2xl\/AVvXsEiNncirNnyGedv00mhjZjh5Wl4_YPdJGanoAl8tL8zH-HwqE8uHqjEfSt340RHdx-9tuCSIkZ8rFamZiGyYlgDGxCsmXjCH_1xk5eYM3ntFZRvJP_jndOKR7w1UAo9Tu0vrZyOLfqRpHIxYI5SymJJ-pfGCQw6QVpggBH-UgfjiFQ2JOxqxG0Jx94kW83c\/s1600\/logo-principal.jpg\" width=\"100%\" height=\"100\" \/><\/a><!--bestpublic-voz01--><!--desk-in-out-voz01--><br \/>\n<!--publicidad-voz02--><a href=\"https:\/\/www.hellincf.com\/\"><img decoding=\"async\" class=\"alignnone size-medium\" src=\"https:\/\/blogger.googleusercontent.com\/img\/b\/R29vZ2xl\/AVvXsEhuZ4-XfBVj3UtdP8-RZugy3WVrg-Zv28c53m4oV47qYCxL1rX_dqWX_YddsGSnpH5SRDqZ7bZeKPIfDVCDncpjVlhy3aQs2vojcJBn7Gdv9hC2_Nzct_pRFrnFE1a7KTCdY1bT_kAgnY3-iadRZrGeJf1fR2P5fu11bokx0pWjaypoy-ctwCjklldpEbA\/s1600\/logo-principal7.jpg\" width=\"100%\" height=\"100\" \/><\/a><!--bestpublic-voz02--><!--desk-in-out-voz02--><\/p>\n<p style=\"text-align: justify;\">Hasta las 20:30 horas, el Servicio de Prevenci\u00f3n y Extinci\u00f3n de Incendios (SEPEI) de la Diputaci\u00f3n de Albacete hab\u00eda protagonizado m\u00e1s de una veintena de intervenciones, especialmente, con efectivos ubicados en los Parques Comarcales que la instituci\u00f3n tiene en Almansa, Hell\u00edn y Casas Ib\u00e1\u00f1ez.<\/p>\n<p style=\"text-align: justify;\">Las intervenciones han incluido, desde achiques de agua y saneamiento de cornisas al rescate de personas atrapadas por el agua en veh\u00edculos o edificios. En Almansa, los bomberos han evacuado a los heridos (de diversa consideraci\u00f3n) por el choque del tren en el que viajaban con el tronco de un \u00e1rbol ca\u00eddo sobre la v\u00eda, lo que provoc\u00f3 el descarrilamiento del convoy sin que llegase a volcar. Adem\u00e1s, en la misma ciudad, los bomberos han asistido a dos personas atrapadas en su vivienda anegada por el agua, y han revisado varios veh\u00edculos atrapados, aunque sin situaciones de emergencias graves.<\/p>\n<p style=\"text-align: justify;\">En Casas Ib\u00e1\u00f1ez, se han registrado intervenciones por las fuertes y r\u00e1pidas ramblas de agua que ha provocado la intensidad de la lluvia en varios municipios de la geograf\u00eda provincial. Tal y como ha informado el servicio de emergencias 112 de Castilla-La Mancha, alrededor de las 14:30 horas, un aviso desde el kil\u00f3metro 400 de la N-322, en Fuentealbilla, alertaba de dos personas atrapadas en un veh\u00edculo, que fueron socorridas por bombeors del parque de Casas Ib\u00e1\u00f1ez de la Diputaci\u00f3n y agentes de la Guardia Civil.<\/p>\n<p style=\"text-align: justify;\">Poco antes de las 15:00 horas, en el paso subterr\u00e1neo de la calle Ferrocarril de Hell\u00edn, otras cuatro personas vivieron una situaci\u00f3n similar, siendo rescatadas por bomberos provinciales del parque de Hell\u00edn y agentes de la Polic\u00eda Nacional y Local.<\/p>\n<p style=\"text-align: justify;\">El Gobierno de la Diputaci\u00f3n de Albacete, con Santi Caba\u00f1ero al frente, agradece el esfuerzo y la dedicaci\u00f3n de los y las profesionales de los distintos cuerpos de emergencias que han trabajado y trabajan incansablemente para proteger y asistir a la ciudadan\u00eda en estas circunstancias.<\/p>\n<p><!--publicidad-voz03--><a href=\"https:\/\/www.facebook.com\/profile.php?id=100063593791305&amp;locale=es_ES\"><img decoding=\"async\" class=\"alignnone size-medium\" src=\"https:\/\/blogger.googleusercontent.com\/img\/b\/R29vZ2xl\/AVvXsEi8_n_ll8UOcGxCqzFvb_9Io4ICczlGC990BPtPj2w9Px-u7B3oqWUW5vtjZUqPNJ-nyjiUIorE0ATsib_l5tV8BVN-UJ03RTnU__IHJF_4DgDBtY4LIqXNG-FomrO-7ywes20CBCRM2Hcm7EJSh3UUw1dO-c_uTflUrtgY1i7uBRezj_DpympmEFkfbQY\/s1600\/logo-principal2.jpg\" width=\"100%\" height=\"100\" \/><\/a><!--bestpublic-voz03--><!--desk-in-out-voz03--><br \/>\n<!--publicidad-voz04--><a href=\"https:\/\/www.facebook.com\/profile.php?id=61557370768692&amp;locale=es_ES\"><img decoding=\"async\" class=\"alignnone size-medium\" src=\"https:\/\/blogger.googleusercontent.com\/img\/b\/R29vZ2xl\/AVvXsEgy5RdcfffrnrItnYTcV9bCJjgJwldsQLWssfVfrLbyfXeBNTFKgBf0rMIvhrUaGUhiXzVr9_eQgCbi-j63ZDpfTvLIty9w7s140y-m1yHe7eKmEK7v2NAHUJDVYGdfeiQFeRCqUjdwWmN1MX_AUxxz4IVdJ4WIM0APxit8bjWkXzrnEFGqBvW_1F13H1g\/s1600\/logo-principal5.jpg\" width=\"100%\" height=\"100\" \/><\/a><!--bestpublic-voz04--><!--desk-in-out-voz04--><br \/>\n<!--publicidad-voz05--><a href=\"https:\/\/www.facebook.com\/asociaciontamborileroshellin?locale=es_ES\"><img decoding=\"async\" class=\"alignnone size-medium\" src=\"https:\/\/blogger.googleusercontent.com\/img\/b\/R29vZ2xl\/AVvXsEhHEEpZsKK1VpwiYMrS7aE2ujtqIDZoLd4B5wtbiseSU9s2HdTdQfhF84So2XwEB1fv0BLw95GADm6hUl1bkKtzh-eIgVigXONuu_5RxeIMPhjk8q6uNX4EaEHbooKkbu7pCADWPpVJjhKIH5NQSJpWqedC-YBez4QAQeJYokkLot9bhrIaUAeztsGis6M\/s1600\/logo-principal3.jpg\" width=\"100%\" height=\"100\" \/><\/a><!--bestpublic-voz05--><!--desk-in-out-voz05--><br \/>\n<!--publicidad-voz06--><!--bestpublic-voz06--><!--desk-in-out-voz06--><br \/>\n<!--publicidad-voz07--><!--bestpublic-voz07--><!--desk-in-out-voz07--><br \/>\n<!--publicidad-voz08--><!--bestpublic-voz08--><!--desk-in-out-voz08--><br \/>\n<!--publicidad-voz09--><!--bestpublic-voz09--><!--desk-in-out-voz09--><br \/>\n<!--publicidad-voz10--><!--bestpublic-voz10--><!--desk-in-out-voz10--><br \/>\n<!--publicidad-voz11--><!--bestpublic-voz11--><!--desk-in-out-voz11--><br \/>\n<!--publicidad-voz12--><!--bestpublic-voz12--><!--desk-in-out-voz12--><br \/>\n<!--publicidad-voz13--><!--bestpublic-voz13--><!--desk-in-out-voz13--><br \/>\n<!--publicidad-voz14--><!--bestpublic-voz14--><!--desk-in-out-voz14--><br \/>\n<!--publicidad-voz15--><!--bestpublic-voz15--><!--desk-in-out-voz15--><br \/>\n<!--publicidad-voz16--><!--bestpublic-voz16--><!--desk-in-out-voz16--><\/p>\n","protected":false},"excerpt":{"rendered":"<p>La Agencia Estatal de Meteorolog\u00eda hab\u00eda activado para este mi\u00e9rcoles el aviso amarillo por tormentas y fuertes lluvias en la provincia de Albacete y los pron\u00f3sticos se han cumplido, causando&#8230;<\/p>\n","protected":false},"author":2,"featured_media":151133,"comment_status":"closed","ping_status":"closed","sticky":false,"template":"","format":"standard","meta":{"footnotes":""},"categories":[755,718,715,716,717],"tags":[],"class_list":["post-151132","post","type-post","status-publish","format-standard","has-post-thumbnail","hentry","category-blog-lv036","category-blogger","category-la-voz-de-hellin","category-la-voz-de-hellin-la-voz-de-hellin","category-noticias"],"_links":{"self":[{"href":"https:\/\/lavozdehellin.com\/noticias\/wp-json\/wp\/v2\/posts\/151132","targetHints":{"allow":["GET"]}}],"collection":[{"href":"https:\/\/lavozdehellin.com\/noticias\/wp-json\/wp\/v2\/posts"}],"about":[{"href":"https:\/\/lavozdehellin.com\/noticias\/wp-json\/wp\/v2\/types\/post"}],"author":[{"embeddable":true,"href":"https:\/\/lavozdehellin.com\/noticias\/wp-json\/wp\/v2\/users\/2"}],"replies":[{"embeddable":true,"href":"https:\/\/lavozdehellin.com\/noticias\/wp-json\/wp\/v2\/comments?post=151132"}],"version-history":[{"count":0,"href":"https:\/\/lavozdehellin.com\/noticias\/wp-json\/wp\/v2\/posts\/151132\/revisions"}],"wp:featuredmedia":[{"embeddable":true,"href":"https:\/\/lavozdehellin.com\/noticias\/wp-json\/wp\/v2\/media\/151133"}],"wp:attachment":[{"href":"https:\/\/lavozdehellin.com\/noticias\/wp-json\/wp\/v2\/media?parent=151132"}],"wp:term":[{"taxonomy":"category","embeddable":true,"href":"https:\/\/lavozdehellin.com\/noticias\/wp-json\/wp\/v2\/categories?post=151132"},{"taxonomy":"post_tag","embeddable":true,"href":"https:\/\/lavozdehellin.com\/noticias\/wp-json\/wp\/v2\/tags?post=151132"}],"curies":[{"name":"wp","href":"https:\/\/api.w.org\/{rel}","templated":true}]}}