{"id":151135,"date":"2024-06-13T10:51:09","date_gmt":"2024-06-13T08:51:09","guid":{"rendered":"https:\/\/lavozdehellin.com\/noticias\/?p=151135"},"modified":"2024-06-17T17:02:57","modified_gmt":"2024-06-17T15:02:57","slug":"v08-767-callado-presenta-las-actividades-en-torno-al-dia-internacional-del-orgullo-lgtbi-2024-para-una-provincia-diversa-y-libre","status":"publish","type":"post","link":"https:\/\/lavozdehellin.com\/noticias\/v08-767-callado-presenta-las-actividades-en-torno-al-dia-internacional-del-orgullo-lgtbi-2024-para-una-provincia-diversa-y-libre\/","title":{"rendered":"LVH NOTICIAS | CALLADO PRESENTA LAS ACTIVIDADES EN TORNO AL D\u00cdA INTERNACIONAL DEL ORGULLO LGTBI 2024 PARA UNA PROVINCIA \u2018DIVERSA Y LIBRE\u2019"},"content":{"rendered":"<p style=\"text-align: justify;\">Esta ma\u00f1ana, la diputada y coordinadora del \u00c1rea transversal de Igualdad de la Diputaci\u00f3n de Albacete, Pilar Callado, ha presentado las actividades organizadas por la instituci\u00f3n provincial en el marco del pr\u00f3ximo D\u00eda Internacional del Orgullo LGTBI que se conmemora el 28 de junio.<\/p>\n<p><!--more--><br \/>\n<!--publicidad-voz01--><a href=\"https:\/\/www.facebook.com\/SoloRadioHellin\/?locale=es_ES\"><img decoding=\"async\" class=\"alignnone size-medium\" src=\"https:\/\/blogger.googleusercontent.com\/img\/b\/R29vZ2xl\/AVvXsEiNncirNnyGedv00mhjZjh5Wl4_YPdJGanoAl8tL8zH-HwqE8uHqjEfSt340RHdx-9tuCSIkZ8rFamZiGyYlgDGxCsmXjCH_1xk5eYM3ntFZRvJP_jndOKR7w1UAo9Tu0vrZyOLfqRpHIxYI5SymJJ-pfGCQw6QVpggBH-UgfjiFQ2JOxqxG0Jx94kW83c\/s1600\/logo-principal.jpg\" width=\"100%\" height=\"100\" \/><\/a><!--bestpublic-voz01--><!--desk-in-out-voz01--><br \/>\n<!--publicidad-voz02--><a href=\"https:\/\/www.hellincf.com\/\"><img decoding=\"async\" class=\"alignnone size-medium\" src=\"https:\/\/blogger.googleusercontent.com\/img\/b\/R29vZ2xl\/AVvXsEhuZ4-XfBVj3UtdP8-RZugy3WVrg-Zv28c53m4oV47qYCxL1rX_dqWX_YddsGSnpH5SRDqZ7bZeKPIfDVCDncpjVlhy3aQs2vojcJBn7Gdv9hC2_Nzct_pRFrnFE1a7KTCdY1bT_kAgnY3-iadRZrGeJf1fR2P5fu11bokx0pWjaypoy-ctwCjklldpEbA\/s1600\/logo-principal7.jpg\" width=\"100%\" height=\"100\" \/><\/a><!--bestpublic-voz02--><!--desk-in-out-voz02--><\/p>\n<p style=\"text-align: justify;\">En sus palabras, Callado ha destacado el protagonismo de las administraciones p\u00fablicas velando por el cumplimiento del mandato del art\u00edculo 14 de la Constituci\u00f3n Espa\u00f1ola, que se\u00f1ala \u2018la obligaci\u00f3n de trabajar para terminar con cualquier tipo de discriminaci\u00f3n y desigualdad; as\u00ed como el deber de promover, en todas las esferas y en todos los escenarios, un cambio de mentalidad en esta direcci\u00f3n, y tambi\u00e9n de desarrollar mecanismos de prevenci\u00f3n frente a estas realidades\u2019. Cuestiones en la que \u201cha estado, est\u00e1 y estar\u00e1 el Gobierno Provincial que preside Santi Caba\u00f1ero\u201d, ha afirmado.<\/p>\n<p style=\"text-align: justify;\">La diputada ha subrayado que este a\u00f1o la celebraci\u00f3n es a\u00fan m\u00e1s significativa si cabe, en respuesta al constante \u201ccuestionamiento de derechos y libertades\u201d previamente consolidados en el pa\u00eds. \u201cDebemos ser firmes y alzar nuestras voces dejando claro que no vamos a consentir ni un paso atr\u00e1s\u201d, ha resaltado.<\/p>\n<p style=\"text-align: justify;\">Campa\u00f1a de sensibilizaci\u00f3n y cine<\/p>\n<p style=\"text-align: justify;\">Como ha detallado, entre las distintas iniciativas y actividades promovidas desde la Diputaci\u00f3n de Albacete de cara a la conmemoraci\u00f3n de esa fecha, se pondr\u00e1 en marcha un a\u00f1o m\u00e1s la campa\u00f1a de sensibilizaci\u00f3n que, bajo el lema \u2018Una tierra donde cabemos todas y todos. Tienes derecho a sentirte albacete\u00f1a, diversa y libre\u2019, se pone a disposici\u00f3n de los Ayuntamientos para su difusi\u00f3n en redes sociales y p\u00e1ginas web, con el objetivo de \u201cavanzar en la protecci\u00f3n y ampliaci\u00f3n de los derechos\u201d del colectivo LGTBI y \u201cfomentar la denuncia de situaciones de discriminaci\u00f3n\u201d.<\/p>\n<p style=\"text-align: justify;\">Adem\u00e1s, el 27 de junio, a las 22:00 horas en la explanada del Colegio P\u00fablico San Fernando ubicado en el Parque Abelardo S\u00e1nchez, se proyectar\u00e1 la pel\u00edcula \u2018Te estoy amando locamente\u2019. Un film ambientado en la Sevilla de 1977 que, como ha comentado Callado, aborda la lucha por los derechos LGTBI en un contexto donde la homosexualidad era delito. La entrada ser\u00e1 gratuita con un aforo aproximado de 200 personas.<\/p>\n<p style=\"text-align: justify;\">Por otra parte, en este caso en colaboraci\u00f3n con la asociaci\u00f3n \u2018Sincronizadas\u2019, se ha organizado una ruta de autob\u00fas para que ciudadan\u00eda de distintos puntos de la provincia pueda asistir a la manifestaci\u00f3n que tendr\u00e1 lugar en la ciudad de Albacete el 29 de junio. El autob\u00fas saldr\u00e1 de Elche de la Sierra y pasar\u00e1 por Hell\u00edn, Tobarra y Pozo Ca\u00f1ada, regresando a las 02:30 de la madrugada desde la Caseta de los Jardinillos.<\/p>\n<p style=\"text-align: justify;\">Un trabajo constante contra la discriminaci\u00f3n de la mano del tejido asociativo y los ayuntamientos<\/p>\n<p style=\"text-align: justify;\">Callado tambi\u00e9n ha mencionado la estrecha colaboraci\u00f3n que el equipo de la Unidad de Igualdad de la Diputaci\u00f3n (al que ha felicitado p\u00fablicamente) viene manteniendo con entidades y colectivos que, asimismo, se suman a la conmemoraci\u00f3n con otras muchas actividades organizadas en Albacete, as\u00ed como el apoyo que a lo largo de todo el a\u00f1o prestan para la realizaci\u00f3n de jornadas, charlas y talleres de sensibilizaci\u00f3n que contribuyan al objetivo prioritario de \u201cprevenir todo tipo de violencia y discriminaci\u00f3n por cuesti\u00f3n de g\u00e9nero\u201d, siguiendo la \u2018hoja de ruta\u2019 clara que marca el III Plan Provincial de Igualdad que la Diputaci\u00f3n ha lanzado hace pocos meses a desarrollar hasta 2027.<\/p>\n<p style=\"text-align: justify;\">En este sentido, la diputada ha recordado que el Gobierno Provincial sigue impulsando Convocatorias de Ayudas que valoran proyectos dirigidos a la prevenci\u00f3n de cualquier tipo de discriminaci\u00f3n de \u00edndole sexual. L\u00edneas que, ha apuntado, est\u00e1n a disposici\u00f3n de ayuntamientos y asociaciones hasta este pr\u00f3ximo 17 de junio.<\/p>\n<p style=\"text-align: justify;\">\u201cEs fundamental aunar esfuerzos desde las instituciones y la sociedad civil para impedir que gane el discurso del odio, y para hacer prevalecer el discurso de la tolerancia, del respeto, de la diversidad, de la igualdad de derechos y oportunidades\u201d, ha concluido Callado, parafraseando a Gabriela Mistral e invitando a la ciudadan\u00eda a ser \u201cparte activa del cambio hacia una sociedad m\u00e1s inclusiva\u201d.<\/p>\n<p style=\"text-align: justify;\">Como ha se\u00f1alado, desde el Gobierno de a Diputaci\u00f3n de Albacete se reafirma un compromiso firme con los derechos del colectivo LGTBI y se anima a quienes lo deseen a participar en las actividades programadas para celebrar y visibilizar la diversidad en la provincia.<\/p>\n<p><!--publicidad-voz03--><a href=\"https:\/\/www.facebook.com\/profile.php?id=100063593791305&amp;locale=es_ES\"><img decoding=\"async\" class=\"alignnone size-medium\" src=\"https:\/\/blogger.googleusercontent.com\/img\/b\/R29vZ2xl\/AVvXsEi8_n_ll8UOcGxCqzFvb_9Io4ICczlGC990BPtPj2w9Px-u7B3oqWUW5vtjZUqPNJ-nyjiUIorE0ATsib_l5tV8BVN-UJ03RTnU__IHJF_4DgDBtY4LIqXNG-FomrO-7ywes20CBCRM2Hcm7EJSh3UUw1dO-c_uTflUrtgY1i7uBRezj_DpympmEFkfbQY\/s1600\/logo-principal2.jpg\" width=\"100%\" height=\"100\" \/><\/a><!--bestpublic-voz03--><!--desk-in-out-voz03--><br \/>\n<!--publicidad-voz04--><a href=\"https:\/\/www.facebook.com\/profile.php?id=61557370768692&amp;locale=es_ES\"><img decoding=\"async\" class=\"alignnone size-medium\" src=\"https:\/\/blogger.googleusercontent.com\/img\/b\/R29vZ2xl\/AVvXsEgy5RdcfffrnrItnYTcV9bCJjgJwldsQLWssfVfrLbyfXeBNTFKgBf0rMIvhrUaGUhiXzVr9_eQgCbi-j63ZDpfTvLIty9w7s140y-m1yHe7eKmEK7v2NAHUJDVYGdfeiQFeRCqUjdwWmN1MX_AUxxz4IVdJ4WIM0APxit8bjWkXzrnEFGqBvW_1F13H1g\/s1600\/logo-principal5.jpg\" width=\"100%\" height=\"100\" \/><\/a><!--bestpublic-voz04--><!--desk-in-out-voz04--><br \/>\n<!--publicidad-voz05--><a href=\"https:\/\/www.facebook.com\/asociaciontamborileroshellin?locale=es_ES\"><img decoding=\"async\" class=\"alignnone size-medium\" src=\"https:\/\/blogger.googleusercontent.com\/img\/b\/R29vZ2xl\/AVvXsEhHEEpZsKK1VpwiYMrS7aE2ujtqIDZoLd4B5wtbiseSU9s2HdTdQfhF84So2XwEB1fv0BLw95GADm6hUl1bkKtzh-eIgVigXONuu_5RxeIMPhjk8q6uNX4EaEHbooKkbu7pCADWPpVJjhKIH5NQSJpWqedC-YBez4QAQeJYokkLot9bhrIaUAeztsGis6M\/s1600\/logo-principal3.jpg\" width=\"100%\" height=\"100\" \/><\/a><!--bestpublic-voz05--><!--desk-in-out-voz05--><br \/>\n<!--publicidad-voz06--><!--bestpublic-voz06--><!--desk-in-out-voz06--><br \/>\n<!--publicidad-voz07--><!--bestpublic-voz07--><!--desk-in-out-voz07--><br \/>\n<!--publicidad-voz08--><!--bestpublic-voz08--><!--desk-in-out-voz08--><br \/>\n<!--publicidad-voz09--><!--bestpublic-voz09--><!--desk-in-out-voz09--><br \/>\n<!--publicidad-voz10--><!--bestpublic-voz10--><!--desk-in-out-voz10--><br \/>\n<!--publicidad-voz11--><!--bestpublic-voz11--><!--desk-in-out-voz11--><br \/>\n<!--publicidad-voz12--><!--bestpublic-voz12--><!--desk-in-out-voz12--><br \/>\n<!--publicidad-voz13--><!--bestpublic-voz13--><!--desk-in-out-voz13--><br \/>\n<!--publicidad-voz14--><!--bestpublic-voz14--><!--desk-in-out-voz14--><br \/>\n<!--publicidad-voz15--><!--bestpublic-voz15--><!--desk-in-out-voz15--><br \/>\n<!--publicidad-voz16--><!--bestpublic-voz16--><!--desk-in-out-voz16--><\/p>\n","protected":false},"excerpt":{"rendered":"<p>Esta ma\u00f1ana, la diputada y coordinadora del \u00c1rea transversal de Igualdad de la Diputaci\u00f3n de Albacete, Pilar Callado, ha presentado las actividades organizadas por la instituci\u00f3n provincial en el marco&#8230;<\/p>\n","protected":false},"author":2,"featured_media":151136,"comment_status":"closed","ping_status":"closed","sticky":false,"template":"","format":"standard","meta":{"footnotes":""},"categories":[755,718,715,716,717],"tags":[],"class_list":["post-151135","post","type-post","status-publish","format-standard","has-post-thumbnail","hentry","category-blog-lv036","category-blogger","category-la-voz-de-hellin","category-la-voz-de-hellin-la-voz-de-hellin","category-noticias"],"_links":{"self":[{"href":"https:\/\/lavozdehellin.com\/noticias\/wp-json\/wp\/v2\/posts\/151135","targetHints":{"allow":["GET"]}}],"collection":[{"href":"https:\/\/lavozdehellin.com\/noticias\/wp-json\/wp\/v2\/posts"}],"about":[{"href":"https:\/\/lavozdehellin.com\/noticias\/wp-json\/wp\/v2\/types\/post"}],"author":[{"embeddable":true,"href":"https:\/\/lavozdehellin.com\/noticias\/wp-json\/wp\/v2\/users\/2"}],"replies":[{"embeddable":true,"href":"https:\/\/lavozdehellin.com\/noticias\/wp-json\/wp\/v2\/comments?post=151135"}],"version-history":[{"count":0,"href":"https:\/\/lavozdehellin.com\/noticias\/wp-json\/wp\/v2\/posts\/151135\/revisions"}],"wp:featuredmedia":[{"embeddable":true,"href":"https:\/\/lavozdehellin.com\/noticias\/wp-json\/wp\/v2\/media\/151136"}],"wp:attachment":[{"href":"https:\/\/lavozdehellin.com\/noticias\/wp-json\/wp\/v2\/media?parent=151135"}],"wp:term":[{"taxonomy":"category","embeddable":true,"href":"https:\/\/lavozdehellin.com\/noticias\/wp-json\/wp\/v2\/categories?post=151135"},{"taxonomy":"post_tag","embeddable":true,"href":"https:\/\/lavozdehellin.com\/noticias\/wp-json\/wp\/v2\/tags?post=151135"}],"curies":[{"name":"wp","href":"https:\/\/api.w.org\/{rel}","templated":true}]}}