{"id":151138,"date":"2024-06-13T13:10:34","date_gmt":"2024-06-13T11:10:34","guid":{"rendered":"https:\/\/lavozdehellin.com\/noticias\/?p=151138"},"modified":"2024-06-17T17:02:58","modified_gmt":"2024-06-17T15:02:58","slug":"v08-768-la-viii-vuelta-ciclista-molinicos-categoria-cadetes-se-celebra-el-22-y-23-de-junio-con-la-colaboracion-de-la-diputacion-de-albacete","status":"publish","type":"post","link":"https:\/\/lavozdehellin.com\/noticias\/v08-768-la-viii-vuelta-ciclista-molinicos-categoria-cadetes-se-celebra-el-22-y-23-de-junio-con-la-colaboracion-de-la-diputacion-de-albacete\/","title":{"rendered":"LVH NOTICIAS | LA VIII \u2018VUELTA CICLISTA MOLINICOS CATEGOR\u00cdA CADETES\u2019 SE CELEBRA EL 22 Y 23 DE JUNIO CON LA COLABORACI\u00d3N DE LA DIPUTACI\u00d3N DE ALBACETE"},"content":{"rendered":"<p style=\"text-align: justify;\">La Diputaci\u00f3n de Albacete ha acogido la presentaci\u00f3n p\u00fablica de la VIII \u2018Vuelta Ciclista Molinicos Categor\u00eda Cadetes\u2019 (15 y 16 a\u00f1os), que se disputar\u00e1 los d\u00edas 22 y 23 de junio en la localidad serrana, y lo har\u00e1 sumando el respaldo y la colaboraci\u00f3n de la instituci\u00f3n provincial.<\/p>\n<p><!--more--><br \/>\n<!--publicidad-voz01--><a href=\"https:\/\/www.facebook.com\/SoloRadioHellin\/?locale=es_ES\"><img decoding=\"async\" class=\"alignnone size-medium\" src=\"https:\/\/blogger.googleusercontent.com\/img\/b\/R29vZ2xl\/AVvXsEiNncirNnyGedv00mhjZjh5Wl4_YPdJGanoAl8tL8zH-HwqE8uHqjEfSt340RHdx-9tuCSIkZ8rFamZiGyYlgDGxCsmXjCH_1xk5eYM3ntFZRvJP_jndOKR7w1UAo9Tu0vrZyOLfqRpHIxYI5SymJJ-pfGCQw6QVpggBH-UgfjiFQ2JOxqxG0Jx94kW83c\/s1600\/logo-principal.jpg\" width=\"100%\" height=\"100\" \/><\/a><!--bestpublic-voz01--><!--desk-in-out-voz01--><br \/>\n<!--publicidad-voz02--><a href=\"https:\/\/www.hellincf.com\/\"><img decoding=\"async\" class=\"alignnone size-medium\" src=\"https:\/\/blogger.googleusercontent.com\/img\/b\/R29vZ2xl\/AVvXsEhuZ4-XfBVj3UtdP8-RZugy3WVrg-Zv28c53m4oV47qYCxL1rX_dqWX_YddsGSnpH5SRDqZ7bZeKPIfDVCDncpjVlhy3aQs2vojcJBn7Gdv9hC2_Nzct_pRFrnFE1a7KTCdY1bT_kAgnY3-iadRZrGeJf1fR2P5fu11bokx0pWjaypoy-ctwCjklldpEbA\/s1600\/logo-principal7.jpg\" width=\"100%\" height=\"100\" \/><\/a><!--bestpublic-voz02--><!--desk-in-out-voz02--><\/p>\n<p style=\"text-align: justify;\">El diputado del \u00c1rea Social, Jos\u00e9 Gonz\u00e1lez, junto a la alcaldesa de la localidad anfitriona, Lola Serrano, y a unos de los organizadores, Jorge Lozano, ha dado a conocer los detalles de esta cita deportiva que suma 200 ciclistas de 15 y 16 a\u00f1os (cifra m\u00e1xima que se permite para este tipo de competici\u00f3n) procedentes de 24 equipos de diferentes comunidades aut\u00f3nomas: Castilla-La Mancha, Catalu\u00f1a, Valencia, Murcia, Extremadura, Madrid o Islas Baleares. Siendo 29 de ellos castellanomanchegos y 10 albacetenses.<\/p>\n<p style=\"text-align: justify;\">El responsable provincial ha felicitado a la organizaci\u00f3n en las figuras de Jorge Lozano y Teresa Moreno, quienes impulsaron esta iniciativa desde su origen, y al Ayuntamiento en la figura de su regidora, advirtiendo el trabajo que \u00e9sta realiza para apoyar las iniciativas que nacen de sus vecinos y vecinas, y ha destacado c\u00f3mo ese esfuerzo conjunto se traduce en un gran \u00e9xito edici\u00f3n tras edici\u00f3n, al tiempo que ha tenido palabras de reconocimiento para la poblaci\u00f3n por su implicaci\u00f3n, asegurando que esa suma \u201ces una se\u00f1a de identidad de una localidad que se involucra en todo con su pueblo\u201d.<\/p>\n<p style=\"text-align: justify;\">Adem\u00e1s, Gonz\u00e1lez ha afirmado que \u201cesta prueba est\u00e1 perfectamente consolidada\u201d, y ha destacado que en estos 8 a\u00f1os ha superado las expectativas con las que nac\u00eda (favorecer que los chicos de la localidad que compet\u00edan fuera pudieran hacerlo tambi\u00e9n en su tierra), hasta convertirse en \u201cun verdadero referente: es una de las convocatorias en la categor\u00eda Cadetes m\u00e1s importantes del calendario nacional\u201d.<\/p>\n<p style=\"text-align: justify;\">Prueba de ellos es que entre los corredores que han participado en las ediciones previas encontramos reconocidos nombres del ciclismo, como Juan Ayuso (tercero en la Vuelta Ciclista a Espa\u00f1a), Sergio Gueerlins (que hace unos d\u00edas gano la Volta Castell\u00f3), Pablo Lospitao o H\u00e9ctor \u00c1lvarez (n\u00famero 1 mundial en la clasificaci\u00f3n UCO Junior).<\/p>\n<p style=\"text-align: justify;\">Gonz\u00e1lez subraya que para el Gobierno de Caba\u00f1ero el deporte \u201ces una prioridad\u201d<\/p>\n<p style=\"text-align: justify;\">En este punto, el responsable provincial ha dejado claro que la Diputaci\u00f3n de Albacete no pod\u00eda faltar en esta cita, apuntando que colabora en aspectos de difusi\u00f3n y log\u00edsticos, como ambulancias o el canal de comunicaci\u00f3n interno que emplean en la prueba, y ha subrayado que \u201cel deporte es una prioridad para el Gobierno que preside Santi Caba\u00f1ero\u201d, al que destina este 2024 m\u00e1s de 3,7 millones de euros a las \u00e1reas de deporte y juventud.<\/p>\n<p style=\"text-align: justify;\">Asimismo, Gonz\u00e1lez ha indicado que citas como \u00e9sta van m\u00e1s all\u00e1 de lo deportivo, aludiendo a su capacidad para impulsar h\u00e1bitos de vida saludable, contribuyendo al bienestar social e individual de las comunidades, y para vertebrar y cohesionar social y territorialmente esta provincia, y ha se\u00f1alado que \u201cson una oportunidad para favorecer el dinamismo socioecon\u00f3mico de nuestros pueblos\u201d.<\/p>\n<p style=\"text-align: justify;\">Serrano apunta la importancia que estos eventos tienen para Molinicos<\/p>\n<p style=\"text-align: justify;\">En esta l\u00ednea, la alcaldesa, Lola Serrano, ha agradecido a la Diputaci\u00f3n su apoyo y ha puesto en valor el trabajo de Jorge Lozano y Teresa Moreno, que \u201cson el alma de esta prueba\u201d que iniciaron en 2016 \u201cpor amor a su pueblo\u201d, y ha tenido palabras de gratitud para toda la poblaci\u00f3n por su implicaci\u00f3n. \u201cAqu\u00ed colaboramos todas las personas, desde su alcaldesa hasta el \u00faltimo vecino, es algo que nos caracteriza y de lo que me siento muy orgullosa\u201d, ha afirmado.<\/p>\n<p style=\"text-align: justify;\">Adem\u00e1s, ha explicado que \u201cen pueblos tan peque\u00f1os como el nuestro, con apenas 800 habitantes, eventos de este tipo son muy importantes para que nos sintamos vivos, y sigamos creciendo. Siendo tambi\u00e9n un impulso socioecon\u00f3mico clave, especialmente, para el mundo de la hosteler\u00eda, casas rurales, hostales, hoteles\u2026, que esos d\u00edas est\u00e1n al 100 por 100 de ocupaci\u00f3n, no s\u00f3lo en Molinicos sino en otros puntos de la comarca, fomentando tambi\u00e9n el turismo y, con ello, fijando poblaci\u00f3n y ayud\u00e1ndonos a combatir el reto demogr\u00e1fico. Por ello, las administraciones p\u00fablicas, en este caso el Ayuntamiento, debemos estar siempre apoyando este tipo de iniciativas\u201d.<\/p>\n<p style=\"text-align: justify;\">Serrano ha concluido agradeciendo a todas las personas implicadas en \u00e9ste y en cada evento que se organizan en su localidad, as\u00ed como a Federaci\u00f3n de Ciclismo de Castilla-La mancha, a los equipos de Protecci\u00f3n Civil, Guardia Civil, y a los equipos que participan, a quienes ha asegurado que recibir\u00e1n \u201ccon las manos y el coraz\u00f3n abiertos\u201d.<\/p>\n<p style=\"text-align: justify;\">Dos etapas duras<\/p>\n<p style=\"text-align: justify;\">Por su parte, el responsable de la organizaci\u00f3n, Jorge Lozano, que ha reiterado los agradecimientos que ha apuntado la alcaldesa, incorporando uno muy especial al Ayuntamiento de Molinicos y a la Diputaci\u00f3n, ha detallado las dos etapas de las que consta la prueba, apuntando que se realiza durante dos jornadas para que la gente pueda pernoctar en la localidad y conocerla mejor.<\/p>\n<p style=\"text-align: justify;\">Tambi\u00e9n ha explicado que esta cita promociona el deporte en categor\u00eda cadete, remarcando que esta prueba cuenta con una actividad \u00fanica: una merienda de convivencia, y ha aclarado que se trata de un Challenger porque no es imprescindible correr las dos etapas, al tiempo que ha dejado claro que Molinicos se encuentra en una zona de sierra donde las etapas son duras, con puertos que no son frecuentes en este tipo de carrera en ning\u00fan otro lugar de Espa\u00f1a para esta categor\u00eda.<\/p>\n<p style=\"text-align: justify;\">La primera etapa tiene un recorrido de 47 km, con 1.027 metros positivos de desnivel y tres puertos puntuables. Sale de Molinicos hasta la aldea de Pinilla y el \u00faltimo puerto (1\u00aa categor\u00eda) es tambi\u00e9n meta. La segunda \u201ces la etapa m\u00edtica de Molinicos\u201d, con 56 km (salida y meta en la localidad) y 953 metros de desnivel positivo, tambi\u00e9n con tres puertos puntuables. Siendo el \u2018Puerto de Boche\u2019 una referencia de esta Vuelta (6 km a un 6% de pendiente media).<\/p>\n<p style=\"text-align: justify;\">Junto a esto, Lozano ha avanzado que en esta VIII edici\u00f3n se ha cambiado la meta de la segunda etapa, que ser\u00e1 en la carretera de Albacete, en una recta de 200 metros, advirtiendo que \u201cno hay ninguna meta como \u00e9sta en ninguna prueba de Cadetes en Espa\u00f1a\u201d, y ha explicado que, adem\u00e1s de los premios por categor\u00edas, habr\u00e1 regalos para el resto de participantes. Este a\u00f1o uno de los regalos que se sortear\u00e1n ser\u00e1 un maillot de H\u00e9ctor Carretero.<\/p>\n<p style=\"text-align: justify;\">Igualmente, ha se\u00f1alado \u201clo interesante\u201d del palmar\u00e9s, que cuenta con deportistas que compiten a nivel nacional e internacional porque, como ha apuntado, \u201cel que gana en Molinicos se posiciona para ser profesional\u201d.<\/p>\n<p><!--publicidad-voz03--><a href=\"https:\/\/www.facebook.com\/profile.php?id=100063593791305&amp;locale=es_ES\"><img decoding=\"async\" class=\"alignnone size-medium\" src=\"https:\/\/blogger.googleusercontent.com\/img\/b\/R29vZ2xl\/AVvXsEi8_n_ll8UOcGxCqzFvb_9Io4ICczlGC990BPtPj2w9Px-u7B3oqWUW5vtjZUqPNJ-nyjiUIorE0ATsib_l5tV8BVN-UJ03RTnU__IHJF_4DgDBtY4LIqXNG-FomrO-7ywes20CBCRM2Hcm7EJSh3UUw1dO-c_uTflUrtgY1i7uBRezj_DpympmEFkfbQY\/s1600\/logo-principal2.jpg\" width=\"100%\" height=\"100\" \/><\/a><!--bestpublic-voz03--><!--desk-in-out-voz03--><br \/>\n<!--publicidad-voz04--><a href=\"https:\/\/www.facebook.com\/profile.php?id=61557370768692&amp;locale=es_ES\"><img decoding=\"async\" class=\"alignnone size-medium\" src=\"https:\/\/blogger.googleusercontent.com\/img\/b\/R29vZ2xl\/AVvXsEgy5RdcfffrnrItnYTcV9bCJjgJwldsQLWssfVfrLbyfXeBNTFKgBf0rMIvhrUaGUhiXzVr9_eQgCbi-j63ZDpfTvLIty9w7s140y-m1yHe7eKmEK7v2NAHUJDVYGdfeiQFeRCqUjdwWmN1MX_AUxxz4IVdJ4WIM0APxit8bjWkXzrnEFGqBvW_1F13H1g\/s1600\/logo-principal5.jpg\" width=\"100%\" height=\"100\" \/><\/a><!--bestpublic-voz04--><!--desk-in-out-voz04--><br \/>\n<!--publicidad-voz05--><a href=\"https:\/\/www.facebook.com\/asociaciontamborileroshellin?locale=es_ES\"><img decoding=\"async\" class=\"alignnone size-medium\" src=\"https:\/\/blogger.googleusercontent.com\/img\/b\/R29vZ2xl\/AVvXsEhHEEpZsKK1VpwiYMrS7aE2ujtqIDZoLd4B5wtbiseSU9s2HdTdQfhF84So2XwEB1fv0BLw95GADm6hUl1bkKtzh-eIgVigXONuu_5RxeIMPhjk8q6uNX4EaEHbooKkbu7pCADWPpVJjhKIH5NQSJpWqedC-YBez4QAQeJYokkLot9bhrIaUAeztsGis6M\/s1600\/logo-principal3.jpg\" width=\"100%\" height=\"100\" \/><\/a><!--bestpublic-voz05--><!--desk-in-out-voz05--><br \/>\n<!--publicidad-voz06--><!--bestpublic-voz06--><!--desk-in-out-voz06--><br \/>\n<!--publicidad-voz07--><!--bestpublic-voz07--><!--desk-in-out-voz07--><br \/>\n<!--publicidad-voz08--><!--bestpublic-voz08--><!--desk-in-out-voz08--><br \/>\n<!--publicidad-voz09--><!--bestpublic-voz09--><!--desk-in-out-voz09--><br \/>\n<!--publicidad-voz10--><!--bestpublic-voz10--><!--desk-in-out-voz10--><br \/>\n<!--publicidad-voz11--><!--bestpublic-voz11--><!--desk-in-out-voz11--><br \/>\n<!--publicidad-voz12--><!--bestpublic-voz12--><!--desk-in-out-voz12--><br \/>\n<!--publicidad-voz13--><!--bestpublic-voz13--><!--desk-in-out-voz13--><br \/>\n<!--publicidad-voz14--><!--bestpublic-voz14--><!--desk-in-out-voz14--><br \/>\n<!--publicidad-voz15--><!--bestpublic-voz15--><!--desk-in-out-voz15--><br \/>\n<!--publicidad-voz16--><!--bestpublic-voz16--><!--desk-in-out-voz16--><\/p>\n","protected":false},"excerpt":{"rendered":"<p>La Diputaci\u00f3n de Albacete ha acogido la presentaci\u00f3n p\u00fablica de la VIII \u2018Vuelta Ciclista Molinicos Categor\u00eda Cadetes\u2019 (15 y 16 a\u00f1os), que se disputar\u00e1 los d\u00edas 22 y 23 de&#8230;<\/p>\n","protected":false},"author":2,"featured_media":151139,"comment_status":"closed","ping_status":"closed","sticky":false,"template":"","format":"standard","meta":{"footnotes":""},"categories":[755,718,715,716,717],"tags":[],"class_list":["post-151138","post","type-post","status-publish","format-standard","has-post-thumbnail","hentry","category-blog-lv036","category-blogger","category-la-voz-de-hellin","category-la-voz-de-hellin-la-voz-de-hellin","category-noticias"],"_links":{"self":[{"href":"https:\/\/lavozdehellin.com\/noticias\/wp-json\/wp\/v2\/posts\/151138","targetHints":{"allow":["GET"]}}],"collection":[{"href":"https:\/\/lavozdehellin.com\/noticias\/wp-json\/wp\/v2\/posts"}],"about":[{"href":"https:\/\/lavozdehellin.com\/noticias\/wp-json\/wp\/v2\/types\/post"}],"author":[{"embeddable":true,"href":"https:\/\/lavozdehellin.com\/noticias\/wp-json\/wp\/v2\/users\/2"}],"replies":[{"embeddable":true,"href":"https:\/\/lavozdehellin.com\/noticias\/wp-json\/wp\/v2\/comments?post=151138"}],"version-history":[{"count":0,"href":"https:\/\/lavozdehellin.com\/noticias\/wp-json\/wp\/v2\/posts\/151138\/revisions"}],"wp:featuredmedia":[{"embeddable":true,"href":"https:\/\/lavozdehellin.com\/noticias\/wp-json\/wp\/v2\/media\/151139"}],"wp:attachment":[{"href":"https:\/\/lavozdehellin.com\/noticias\/wp-json\/wp\/v2\/media?parent=151138"}],"wp:term":[{"taxonomy":"category","embeddable":true,"href":"https:\/\/lavozdehellin.com\/noticias\/wp-json\/wp\/v2\/categories?post=151138"},{"taxonomy":"post_tag","embeddable":true,"href":"https:\/\/lavozdehellin.com\/noticias\/wp-json\/wp\/v2\/tags?post=151138"}],"curies":[{"name":"wp","href":"https:\/\/api.w.org\/{rel}","templated":true}]}}