{"id":151141,"date":"2024-06-14T12:27:57","date_gmt":"2024-06-14T10:27:57","guid":{"rendered":"https:\/\/lavozdehellin.com\/noticias\/?p=151141"},"modified":"2024-06-17T17:02:58","modified_gmt":"2024-06-17T15:02:58","slug":"v08-769-el-presidente-de-la-diputacion-arropa-al-ala-14-en-el-gran-acto-militar-de-celebracion-del-50o-aniversario-de-la-unidad","status":"publish","type":"post","link":"https:\/\/lavozdehellin.com\/noticias\/v08-769-el-presidente-de-la-diputacion-arropa-al-ala-14-en-el-gran-acto-militar-de-celebracion-del-50o-aniversario-de-la-unidad\/","title":{"rendered":"LVH NOTICIAS | EL PRESIDENTE DE LA DIPUTACI\u00d3N ARROPA AL ALA 14 EN EL GRAN ACTO MILITAR DE CELEBRACI\u00d3N DEL 50\u00ba ANIVERSARIO DE LA UNIDAD"},"content":{"rendered":"<p style=\"text-align: justify;\">El presidente de la Diputaci\u00f3n de Albacete, Santi Caba\u00f1ero, ha asistido este viernes en el gran acto militar con motivo del 50\u00ba Aniversario de la creaci\u00f3n del Ala 14, en la Base A\u00e9rea de Los Llanos de Albacete.<\/p>\n<p><!--more--><br \/>\n<!--publicidad-voz01--><a href=\"https:\/\/www.facebook.com\/SoloRadioHellin\/?locale=es_ES\"><img decoding=\"async\" class=\"alignnone size-medium\" src=\"https:\/\/blogger.googleusercontent.com\/img\/b\/R29vZ2xl\/AVvXsEiNncirNnyGedv00mhjZjh5Wl4_YPdJGanoAl8tL8zH-HwqE8uHqjEfSt340RHdx-9tuCSIkZ8rFamZiGyYlgDGxCsmXjCH_1xk5eYM3ntFZRvJP_jndOKR7w1UAo9Tu0vrZyOLfqRpHIxYI5SymJJ-pfGCQw6QVpggBH-UgfjiFQ2JOxqxG0Jx94kW83c\/s1600\/logo-principal.jpg\" width=\"100%\" height=\"100\" \/><\/a><!--bestpublic-voz01--><!--desk-in-out-voz01--><br \/>\n<!--publicidad-voz02--><a href=\"https:\/\/www.hellincf.com\/\"><img decoding=\"async\" class=\"alignnone size-medium\" src=\"https:\/\/blogger.googleusercontent.com\/img\/b\/R29vZ2xl\/AVvXsEhuZ4-XfBVj3UtdP8-RZugy3WVrg-Zv28c53m4oV47qYCxL1rX_dqWX_YddsGSnpH5SRDqZ7bZeKPIfDVCDncpjVlhy3aQs2vojcJBn7Gdv9hC2_Nzct_pRFrnFE1a7KTCdY1bT_kAgnY3-iadRZrGeJf1fR2P5fu11bokx0pWjaypoy-ctwCjklldpEbA\/s1600\/logo-principal7.jpg\" width=\"100%\" height=\"100\" \/><\/a><!--bestpublic-voz02--><!--desk-in-out-voz02--><\/p>\n<p style=\"text-align: justify;\">Una efem\u00e9ride que marca un hito significativo en la conmemoraci\u00f3n del medio siglo de vida de esta Unidad militar, tan estrechamente ligada a la provincia de Albacete y cuyo acto central ha contado con la participaci\u00f3n, v\u00eda mensaje, del rey de Espa\u00f1a, Felipe VI.<\/p>\n<p style=\"text-align: justify;\">Los actos han comenzado poco antes de las once de la ma\u00f1ana, tras las novedades al coronel, Ignacio Zulueta Mart\u00edn, y las de \u00e9ste al Jefe de Estado Mayor del Ej\u00e9rcito Aire y del Espacio, el general Javier Salto Mart\u00ednez-Avial. Tras las palabras de felicitaci\u00f3n del Rey, ha tenido lugar la secuencia de la entrega del nuevo estandarte y una alocuci\u00f3n del propio coronel jefe del Ala 14 ecplicando la evoluci\u00f3n esta Unidad pionera a lo largo del tiempo, \u00abcon un alt\u00edsimo nivel de entrega y excelencia\u00bb, ha subrayado.<\/p>\n<p style=\"text-align: justify;\">Tras ello, ha sonado el himno del Ej\u00e9rcito del Aire y del Espacio, antesala al acto de homenaje a quienes dieron su vida por Espa\u00f1a y al sobrevuelo de aeronaves, con desfile a\u00e9reo y terrestre, por parte de las Fuerzas participantes.<\/p>\n<p style=\"text-align: justify;\">Exposici\u00f3n permanente sobre el medio siglo de vida del Ala 14 en la sala hist\u00f3rica de la Base<\/p>\n<p style=\"text-align: justify;\">Durante la ceremonia, y junto al resto de autoridades, el presidente Caba\u00f1ero ha tenido la oportunidad de ser parte de la inauguraci\u00f3n de la sala hist\u00f3rica de la Base, donde se encuentra la exposici\u00f3n permanente que recorre la rica historia del Ala 14, procedi\u00e9ndose al descubrimiento de una placa conmemorativa de su medio siglo de vida. Esta exposici\u00f3n destaca los momentos m\u00e1s emblem\u00e1ticos y los logros alcanzados a lo largo de estos 50 a\u00f1os, subrayando la importancia de esta Unidad para la defensa y el desarrollo de la provincia y del conjunto de la regi\u00f3n.<\/p>\n<p style=\"text-align: justify;\">La Diputaci\u00f3n de Albacete ha mostrado su apoyo constante al Ala 14, participando activamente en diversas iniciativas y celebraciones. Entre ellas, ha destacado la reciente inauguraci\u00f3n del monolito conmemorativo del 50 aniversario, financiado por la Diputaci\u00f3n, reafirmando el firme compromiso y el agradecimiento de la instituci\u00f3n provincial con esta m\u00edtica Unidad y quienes han formado parte de su historia y, con ella, la de Albacete a lo largo del tiempo. Cabe recordar que hace 25 a\u00f1os, con motivo del 25\u00ba aniversario del Ala 14, ya la Diputaci\u00f3n contribuy\u00f3 con otro monolito para conmemorar aqu\u00e9l cuarto de siglo.<\/p>\n<p style=\"text-align: justify;\">El presidente Caba\u00f1ero ha trasladado al coronel el agradecimiento y la admiraci\u00f3n de la poblaci\u00f3n provincial por la labor del Ala 14, destacando su papel crucial en la defensa y la seguridad de Espa\u00f1a, as\u00ed como su contribuci\u00f3n al crecimiento y desarrollo de Albacete. \u00abEl Ala 14 no solo ha sido un baluarte de nuestra defensa a\u00e9rea, sino tambi\u00e9n un pilar fundamental en el desarrollo econ\u00f3mico y social de nuestra provincia y en nuestro \u2018ADN\u2019 identitario. Y esta conmemoraci\u00f3n es una oportunidad para fortalecer los lazos que nos unen y celebrar juntos estos 50 a\u00f1os de historia compartida\u00bb, le ha reiterado Caba\u00f1ero.<\/p>\n<p style=\"text-align: justify;\">A lo largo del segundo trimestre de 2024, numerosas y variadas actividades han tenido lugar para celebrar este aniversario, fortaleciendo la relaci\u00f3n entre el Ala 14 y el territorio albacetense. Entre ellas, la jura de bandera de personal civil que tuvo lugar en la explanada de la Puerta de Hierros del Recinto Ferial, el pasado 28 de abril; as\u00ed como el esperado Festival A\u00e9reo y la Jornada de Puertas Abiertas en la Base, programados para este pr\u00f3ximo domingo, 16 de junio, donde se espera la asistencia de m\u00e1s de 50.000 personas.<\/p>\n<p style=\"text-align: justify;\">Adem\u00e1s, se han celebrado conciertos, charlas, conferencias, exposiciones y un solemne acto de arriado de la bandera de Espa\u00f1a; eventos que han contado con una entusiasta participaci\u00f3n de la ciudadan\u00eda y que han contribuido a estrechar m\u00e1s si cabe los v\u00ednculos entre el Ala 14 y la provincia.<\/p>\n<p style=\"text-align: justify;\">La Diputaci\u00f3n de Albacete, con su presidente Santi Caba\u00f1ero a la cabeza, ha reiterado su compromiso de seguir apoyando al Ala 14 en su labor y en su valiosa contribuci\u00f3n a la provincia y a la naci\u00f3n.<\/p>\n<p><!--publicidad-voz03--><a href=\"https:\/\/www.facebook.com\/profile.php?id=100063593791305&amp;locale=es_ES\"><img decoding=\"async\" class=\"alignnone size-medium\" src=\"https:\/\/blogger.googleusercontent.com\/img\/b\/R29vZ2xl\/AVvXsEi8_n_ll8UOcGxCqzFvb_9Io4ICczlGC990BPtPj2w9Px-u7B3oqWUW5vtjZUqPNJ-nyjiUIorE0ATsib_l5tV8BVN-UJ03RTnU__IHJF_4DgDBtY4LIqXNG-FomrO-7ywes20CBCRM2Hcm7EJSh3UUw1dO-c_uTflUrtgY1i7uBRezj_DpympmEFkfbQY\/s1600\/logo-principal2.jpg\" width=\"100%\" height=\"100\" \/><\/a><!--bestpublic-voz03--><!--desk-in-out-voz03--><br \/>\n<!--publicidad-voz04--><a href=\"https:\/\/www.facebook.com\/profile.php?id=61557370768692&amp;locale=es_ES\"><img decoding=\"async\" class=\"alignnone size-medium\" src=\"https:\/\/blogger.googleusercontent.com\/img\/b\/R29vZ2xl\/AVvXsEgy5RdcfffrnrItnYTcV9bCJjgJwldsQLWssfVfrLbyfXeBNTFKgBf0rMIvhrUaGUhiXzVr9_eQgCbi-j63ZDpfTvLIty9w7s140y-m1yHe7eKmEK7v2NAHUJDVYGdfeiQFeRCqUjdwWmN1MX_AUxxz4IVdJ4WIM0APxit8bjWkXzrnEFGqBvW_1F13H1g\/s1600\/logo-principal5.jpg\" width=\"100%\" height=\"100\" \/><\/a><!--bestpublic-voz04--><!--desk-in-out-voz04--><br \/>\n<!--publicidad-voz05--><a href=\"https:\/\/www.facebook.com\/asociaciontamborileroshellin?locale=es_ES\"><img decoding=\"async\" class=\"alignnone size-medium\" src=\"https:\/\/blogger.googleusercontent.com\/img\/b\/R29vZ2xl\/AVvXsEhHEEpZsKK1VpwiYMrS7aE2ujtqIDZoLd4B5wtbiseSU9s2HdTdQfhF84So2XwEB1fv0BLw95GADm6hUl1bkKtzh-eIgVigXONuu_5RxeIMPhjk8q6uNX4EaEHbooKkbu7pCADWPpVJjhKIH5NQSJpWqedC-YBez4QAQeJYokkLot9bhrIaUAeztsGis6M\/s1600\/logo-principal3.jpg\" width=\"100%\" height=\"100\" \/><\/a><!--bestpublic-voz05--><!--desk-in-out-voz05--><br \/>\n<!--publicidad-voz06--><!--bestpublic-voz06--><!--desk-in-out-voz06--><br \/>\n<!--publicidad-voz07--><!--bestpublic-voz07--><!--desk-in-out-voz07--><br \/>\n<!--publicidad-voz08--><!--bestpublic-voz08--><!--desk-in-out-voz08--><br \/>\n<!--publicidad-voz09--><!--bestpublic-voz09--><!--desk-in-out-voz09--><br \/>\n<!--publicidad-voz10--><!--bestpublic-voz10--><!--desk-in-out-voz10--><br \/>\n<!--publicidad-voz11--><!--bestpublic-voz11--><!--desk-in-out-voz11--><br \/>\n<!--publicidad-voz12--><!--bestpublic-voz12--><!--desk-in-out-voz12--><br \/>\n<!--publicidad-voz13--><!--bestpublic-voz13--><!--desk-in-out-voz13--><br \/>\n<!--publicidad-voz14--><!--bestpublic-voz14--><!--desk-in-out-voz14--><br \/>\n<!--publicidad-voz15--><!--bestpublic-voz15--><!--desk-in-out-voz15--><br \/>\n<!--publicidad-voz16--><!--bestpublic-voz16--><!--desk-in-out-voz16--><\/p>\n","protected":false},"excerpt":{"rendered":"<p>El presidente de la Diputaci\u00f3n de Albacete, Santi Caba\u00f1ero, ha asistido este viernes en el gran acto militar con motivo del 50\u00ba Aniversario de la creaci\u00f3n del Ala 14, en&#8230;<\/p>\n","protected":false},"author":2,"featured_media":151142,"comment_status":"closed","ping_status":"closed","sticky":false,"template":"","format":"standard","meta":{"footnotes":""},"categories":[755,718,715,716,717],"tags":[],"class_list":["post-151141","post","type-post","status-publish","format-standard","has-post-thumbnail","hentry","category-blog-lv036","category-blogger","category-la-voz-de-hellin","category-la-voz-de-hellin-la-voz-de-hellin","category-noticias"],"_links":{"self":[{"href":"https:\/\/lavozdehellin.com\/noticias\/wp-json\/wp\/v2\/posts\/151141","targetHints":{"allow":["GET"]}}],"collection":[{"href":"https:\/\/lavozdehellin.com\/noticias\/wp-json\/wp\/v2\/posts"}],"about":[{"href":"https:\/\/lavozdehellin.com\/noticias\/wp-json\/wp\/v2\/types\/post"}],"author":[{"embeddable":true,"href":"https:\/\/lavozdehellin.com\/noticias\/wp-json\/wp\/v2\/users\/2"}],"replies":[{"embeddable":true,"href":"https:\/\/lavozdehellin.com\/noticias\/wp-json\/wp\/v2\/comments?post=151141"}],"version-history":[{"count":0,"href":"https:\/\/lavozdehellin.com\/noticias\/wp-json\/wp\/v2\/posts\/151141\/revisions"}],"wp:featuredmedia":[{"embeddable":true,"href":"https:\/\/lavozdehellin.com\/noticias\/wp-json\/wp\/v2\/media\/151142"}],"wp:attachment":[{"href":"https:\/\/lavozdehellin.com\/noticias\/wp-json\/wp\/v2\/media?parent=151141"}],"wp:term":[{"taxonomy":"category","embeddable":true,"href":"https:\/\/lavozdehellin.com\/noticias\/wp-json\/wp\/v2\/categories?post=151141"},{"taxonomy":"post_tag","embeddable":true,"href":"https:\/\/lavozdehellin.com\/noticias\/wp-json\/wp\/v2\/tags?post=151141"}],"curies":[{"name":"wp","href":"https:\/\/api.w.org\/{rel}","templated":true}]}}