{"id":151144,"date":"2024-06-15T10:52:24","date_gmt":"2024-06-15T08:52:24","guid":{"rendered":"https:\/\/lavozdehellin.com\/noticias\/?p=151144"},"modified":"2024-06-17T17:02:58","modified_gmt":"2024-06-17T15:02:58","slug":"v08-770-el-proyecto-vina-raices-coordinado-por-el-itap-de-la-diputacion-de-albacete-recibira-una-importante-ayuda-tras-lograr-una-gran-puntuacion-que-lo-situa-el-13a-de-entre-los-mas-de-200","status":"publish","type":"post","link":"https:\/\/lavozdehellin.com\/noticias\/v08-770-el-proyecto-vina-raices-coordinado-por-el-itap-de-la-diputacion-de-albacete-recibira-una-importante-ayuda-tras-lograr-una-gran-puntuacion-que-lo-situa-el-13a-de-entre-los-mas-de-200\/","title":{"rendered":"LVH NOTICIAS | EL PROYECTO \u2018VI\u00d1A-RA\u00cdCES\u2019, COORDINADO POR EL ITAP DE LA DIPUTACI\u00d3N DE ALBACETE RECIBIR\u00c1 UNA IMPORTANTE AYUDA TRAS LOGRAR UNA GRAN PUNTUACI\u00d3N QUE LO SIT\u00daA EL 13\u00aa DE ENTRE LOS M\u00c1S DE 200 PRESENTADOS"},"content":{"rendered":"<p style=\"text-align: justify;\">El proyecto del Grupo Operativo VI\u00d1A-RA\u00cdCES, coordinado por el Instituto T\u00e9cnico Agron\u00f3mico Provincial (ITAP) de la Diputaci\u00f3n de Albacete, ha sido aprobado y obtendr\u00e1 una significativa ayuda econ\u00f3mica.<\/p>\n<p><!--more--><br \/>\n<!--publicidad-voz01--><a href=\"https:\/\/www.facebook.com\/SoloRadioHellin\/?locale=es_ES\"><img decoding=\"async\" class=\"alignnone size-medium\" src=\"https:\/\/blogger.googleusercontent.com\/img\/b\/R29vZ2xl\/AVvXsEiNncirNnyGedv00mhjZjh5Wl4_YPdJGanoAl8tL8zH-HwqE8uHqjEfSt340RHdx-9tuCSIkZ8rFamZiGyYlgDGxCsmXjCH_1xk5eYM3ntFZRvJP_jndOKR7w1UAo9Tu0vrZyOLfqRpHIxYI5SymJJ-pfGCQw6QVpggBH-UgfjiFQ2JOxqxG0Jx94kW83c\/s1600\/logo-principal.jpg\" width=\"100%\" height=\"100\" \/><\/a><!--bestpublic-voz01--><!--desk-in-out-voz01--><br \/>\n<!--publicidad-voz02--><a href=\"https:\/\/www.hellincf.com\/\"><img decoding=\"async\" class=\"alignnone size-medium\" src=\"https:\/\/blogger.googleusercontent.com\/img\/b\/R29vZ2xl\/AVvXsEhuZ4-XfBVj3UtdP8-RZugy3WVrg-Zv28c53m4oV47qYCxL1rX_dqWX_YddsGSnpH5SRDqZ7bZeKPIfDVCDncpjVlhy3aQs2vojcJBn7Gdv9hC2_Nzct_pRFrnFE1a7KTCdY1bT_kAgnY3-iadRZrGeJf1fR2P5fu11bokx0pWjaypoy-ctwCjklldpEbA\/s1600\/logo-principal7.jpg\" width=\"100%\" height=\"100\" \/><\/a><!--bestpublic-voz02--><!--desk-in-out-voz02--><\/p>\n<p style=\"text-align: justify;\">Un logro que destaca la importancia del proyecto titulado \u2018Mejora de la Sostenibilidad en la Viticultura de Zonas Semi\u00e1ridas de Espa\u00f1a a trav\u00e9s de Innovaciones Agron\u00f3micas y la obtenci\u00f3n de Servicios Ecosist\u00e9micos\u2019.<\/p>\n<p style=\"text-align: justify;\">VI\u00d1A-RA\u00cdCES ha sido beneficiario de la Convocatoria de \u2018Ayudas para la preparaci\u00f3n y ejecuci\u00f3n de proyectos de innovaci\u00f3n de inter\u00e9s general por grupos operativos supraauton\u00f3micos de la Asociaci\u00f3n Europea para la Innovaci\u00f3n en materia de productividad y sostenibilidad agr\u00edcolas (AEI-Agri), en el marco del Plan Estrat\u00e9gico de la PAC de Espa\u00f1a (PEPAC)\u2019. Con una excelente puntuaci\u00f3n, de 90.25, se ha situado en el d\u00e9cimo tercer lugar entre m\u00e1s de 200 propuestas presentadas.<\/p>\n<p style=\"text-align: justify;\">El coste total subvencionado del proyecto es de casi 600.000 euros, de los que cerca de 179.000 ir\u00e1n destinados al trabajo coordinador del ITAP, siendo el resto de miembros que completan este grupo operativo: Cooperativas Agro-alimentarias de Castilla La Mancha, Uni\u00f3n de Cooperativas (CACLM), Cooperativas Agro-alimentarias de Extremadura, Uni\u00f3n de Cooperativas (CAEx), y Uni\u00f3n de Cooperativas Agrarias Madrile\u00f1as (UCAM).<\/p>\n<p style=\"text-align: justify;\">La iniciativa VI\u00d1A-RA\u00cdCES se enfoca en la viticultura en zonas semi\u00e1ridas de Espa\u00f1a, abarcando regiones como Castilla-La Mancha, Madrid, Murcia y Extremadura. \u00c1reas que enfrentan desaf\u00edos \u00fanicos relacionados con la escasez de agua y la gesti\u00f3n sostenible del suelo, lo que hace que la innovaci\u00f3n en pr\u00e1cticas agron\u00f3micas sea crucial para el \u00e9xito de la industria vitivin\u00edcola.<\/p>\n<p style=\"text-align: justify;\">Objetivos del Proyecto<\/p>\n<p style=\"text-align: justify;\">El fin principal es asegurar la viabilidad y eficiencia del manejo de cubiertas vegetales en zonas semi\u00e1ridas, promoviendo una gesti\u00f3n sostenible del suelo y una agricultura baja en carbono. Los objetivos espec\u00edficos incluyen: Estudiar las implicaciones de diferentes manejos agron\u00f3micos del suelo en vi\u00f1edos semi\u00e1ridos; evaluar los efectos de pr\u00e1cticas agron\u00f3micas innovadoras sobre la productividad, calidad del suelo y retenci\u00f3n de agua; analizar la viabilidad t\u00e9cnica y socioecon\u00f3mica de aplicar cubiertas vegetales en la viticultura de zonas semi\u00e1ridas; evaluar cuantitativamente el impacto de estas pr\u00e1cticas en la biodiversidad del suelo y los servicios ecosist\u00e9micos; y desarrollar y divulgar mejores pr\u00e1cticas para la gesti\u00f3n inteligente del suelo.<\/p>\n<p style=\"text-align: justify;\">Adem\u00e1s, el proyecto se propone modernizar la agricultura y las zonas rurales mediante la mejora del acceso a la investigaci\u00f3n, la innovaci\u00f3n y la formaci\u00f3n, fomentando la transferencia de conocimientos y la adopci\u00f3n de pr\u00e1cticas innovadoras en el sector vitivin\u00edcola.<\/p>\n<p style=\"text-align: justify;\">Nuevo paso adelante en el papel del ITAP como referente investigador del sector primario<\/p>\n<p style=\"text-align: justify;\">El Instituto T\u00e9cnico Agron\u00f3mico Provincial de la Diputaci\u00f3n de Albacete, siguiendo la \u2018hoja de rura\u2019 marcada por el Gobierno de Santi Caba\u00f1ero, contin\u00faa no s\u00f3lo siendo un referente en la investigaci\u00f3n y desarrollo agron\u00f3mico, sino afianzando y ampliando esa faceta que, a lo largo del tiempo, lo ha convertido en un organismo referente y un modelo a seguir, gracias tambi\u00e9n a la implicaci\u00f3n, el conocimiento y el compromiso de cada profesional que lo integran.<\/p>\n<p style=\"text-align: justify;\">En 2023, desarrollaba unos 13 proyectos I+D en marcha que contin\u00faan en 2024, distribuidos en varias categor\u00edas:<\/p>\n<p style=\"text-align: justify;\">\u2013 Proyectos europeos: MIDAS (2022-2026), sobre la utilizaci\u00f3n de tierras marginales para el cultivo industrial sostenible; y NBSOIL (2022-2026), en torno a soluciones basadas en la naturaleza para la gesti\u00f3n del suelo.<\/p>\n<p style=\"text-align: justify;\">\u2013 El proyecto internacional Modeling surface aerodynamic temperature over agricultural field (2024), en colaboraci\u00f3n con la NSF.<\/p>\n<p style=\"text-align: justify;\">\u2013 Proyectos nacionales: UPGRADE (2022-2026), sobre la mejora de la eficiencia en el uso del agua de la vid; WATERNUTS (2022-2024), en materia de integraci\u00f3n de teledetecci\u00f3n y agricultura digital; IRENE (2021-2024), sobre la vigilancia de extracciones de agua no autorizadas; SPAFLEXIMP (2023-2026), el Plan espa\u00f1ol de calibraci\u00f3n y validaci\u00f3n para la misi\u00f3n flex-s3; FERTIMAPAS (2022-2024), en materia de fertilizaci\u00f3n a dosis variable basada en im\u00e1genes multiespectrales.<\/p>\n<p style=\"text-align: justify;\">\u2013 Proyectos Regionales: PISATEL (2022-2025), para el uso sostenible del agua en cultivos de almendro y pistacho; SIMA (2022-2024), sobre el desarrollo de herramientas para simulaci\u00f3n del almendro; GO COMPO NERPIO (2022-2024), basado en el compostaje de bioresiduos; GO ECIPUR (2022-2024), para la gesti\u00f3n de esti\u00e9rcol l\u00edquido de porcino; RETO-AGUA-CLM (2022-2025), desarrollando herramientas de ayuda para el ahorro de agua; el estudio sobre el impacto de residuos en la disponibilidad de f\u00f3sforo (2022-2024): Mecanismos microbianos asociados; y la recualificaci\u00f3n del Sistema Universitario Espa\u00f1ol (2022-2024): Modalidad Margarita Salas.<\/p>\n<p style=\"text-align: justify;\">El ITAP sigue desempe\u00f1ando un papel crucial en la mejora de la sostenibilidad y productividad agr\u00edcola, trabajando en estrecha colaboraci\u00f3n con entidades como la UCLM, la JCCM y otros institutos de investigaci\u00f3n.<\/p>\n<p><!--publicidad-voz03--><a href=\"https:\/\/www.facebook.com\/profile.php?id=100063593791305&amp;locale=es_ES\"><img decoding=\"async\" class=\"alignnone size-medium\" src=\"https:\/\/blogger.googleusercontent.com\/img\/b\/R29vZ2xl\/AVvXsEi8_n_ll8UOcGxCqzFvb_9Io4ICczlGC990BPtPj2w9Px-u7B3oqWUW5vtjZUqPNJ-nyjiUIorE0ATsib_l5tV8BVN-UJ03RTnU__IHJF_4DgDBtY4LIqXNG-FomrO-7ywes20CBCRM2Hcm7EJSh3UUw1dO-c_uTflUrtgY1i7uBRezj_DpympmEFkfbQY\/s1600\/logo-principal2.jpg\" width=\"100%\" height=\"100\" \/><\/a><!--bestpublic-voz03--><!--desk-in-out-voz03--><br \/>\n<!--publicidad-voz04--><a href=\"https:\/\/www.facebook.com\/profile.php?id=61557370768692&amp;locale=es_ES\"><img decoding=\"async\" class=\"alignnone size-medium\" src=\"https:\/\/blogger.googleusercontent.com\/img\/b\/R29vZ2xl\/AVvXsEgy5RdcfffrnrItnYTcV9bCJjgJwldsQLWssfVfrLbyfXeBNTFKgBf0rMIvhrUaGUhiXzVr9_eQgCbi-j63ZDpfTvLIty9w7s140y-m1yHe7eKmEK7v2NAHUJDVYGdfeiQFeRCqUjdwWmN1MX_AUxxz4IVdJ4WIM0APxit8bjWkXzrnEFGqBvW_1F13H1g\/s1600\/logo-principal5.jpg\" width=\"100%\" height=\"100\" \/><\/a><!--bestpublic-voz04--><!--desk-in-out-voz04--><br \/>\n<!--publicidad-voz05--><a href=\"https:\/\/www.facebook.com\/asociaciontamborileroshellin?locale=es_ES\"><img decoding=\"async\" class=\"alignnone size-medium\" src=\"https:\/\/blogger.googleusercontent.com\/img\/b\/R29vZ2xl\/AVvXsEhHEEpZsKK1VpwiYMrS7aE2ujtqIDZoLd4B5wtbiseSU9s2HdTdQfhF84So2XwEB1fv0BLw95GADm6hUl1bkKtzh-eIgVigXONuu_5RxeIMPhjk8q6uNX4EaEHbooKkbu7pCADWPpVJjhKIH5NQSJpWqedC-YBez4QAQeJYokkLot9bhrIaUAeztsGis6M\/s1600\/logo-principal3.jpg\" width=\"100%\" height=\"100\" \/><\/a><!--bestpublic-voz05--><!--desk-in-out-voz05--><br \/>\n<!--publicidad-voz06--><!--bestpublic-voz06--><!--desk-in-out-voz06--><br \/>\n<!--publicidad-voz07--><!--bestpublic-voz07--><!--desk-in-out-voz07--><br \/>\n<!--publicidad-voz08--><!--bestpublic-voz08--><!--desk-in-out-voz08--><br \/>\n<!--publicidad-voz09--><!--bestpublic-voz09--><!--desk-in-out-voz09--><br \/>\n<!--publicidad-voz10--><!--bestpublic-voz10--><!--desk-in-out-voz10--><br \/>\n<!--publicidad-voz11--><!--bestpublic-voz11--><!--desk-in-out-voz11--><br \/>\n<!--publicidad-voz12--><!--bestpublic-voz12--><!--desk-in-out-voz12--><br \/>\n<!--publicidad-voz13--><!--bestpublic-voz13--><!--desk-in-out-voz13--><br \/>\n<!--publicidad-voz14--><!--bestpublic-voz14--><!--desk-in-out-voz14--><br \/>\n<!--publicidad-voz15--><!--bestpublic-voz15--><!--desk-in-out-voz15--><br \/>\n<!--publicidad-voz16--><!--bestpublic-voz16--><!--desk-in-out-voz16--><\/p>\n","protected":false},"excerpt":{"rendered":"<p>El proyecto del Grupo Operativo VI\u00d1A-RA\u00cdCES, coordinado por el Instituto T\u00e9cnico Agron\u00f3mico Provincial (ITAP) de la Diputaci\u00f3n de Albacete, ha sido aprobado y obtendr\u00e1 una significativa ayuda econ\u00f3mica.<\/p>\n","protected":false},"author":2,"featured_media":151145,"comment_status":"closed","ping_status":"closed","sticky":false,"template":"","format":"standard","meta":{"footnotes":""},"categories":[755,718,715,716,717],"tags":[],"class_list":["post-151144","post","type-post","status-publish","format-standard","has-post-thumbnail","hentry","category-blog-lv036","category-blogger","category-la-voz-de-hellin","category-la-voz-de-hellin-la-voz-de-hellin","category-noticias"],"_links":{"self":[{"href":"https:\/\/lavozdehellin.com\/noticias\/wp-json\/wp\/v2\/posts\/151144","targetHints":{"allow":["GET"]}}],"collection":[{"href":"https:\/\/lavozdehellin.com\/noticias\/wp-json\/wp\/v2\/posts"}],"about":[{"href":"https:\/\/lavozdehellin.com\/noticias\/wp-json\/wp\/v2\/types\/post"}],"author":[{"embeddable":true,"href":"https:\/\/lavozdehellin.com\/noticias\/wp-json\/wp\/v2\/users\/2"}],"replies":[{"embeddable":true,"href":"https:\/\/lavozdehellin.com\/noticias\/wp-json\/wp\/v2\/comments?post=151144"}],"version-history":[{"count":0,"href":"https:\/\/lavozdehellin.com\/noticias\/wp-json\/wp\/v2\/posts\/151144\/revisions"}],"wp:featuredmedia":[{"embeddable":true,"href":"https:\/\/lavozdehellin.com\/noticias\/wp-json\/wp\/v2\/media\/151145"}],"wp:attachment":[{"href":"https:\/\/lavozdehellin.com\/noticias\/wp-json\/wp\/v2\/media?parent=151144"}],"wp:term":[{"taxonomy":"category","embeddable":true,"href":"https:\/\/lavozdehellin.com\/noticias\/wp-json\/wp\/v2\/categories?post=151144"},{"taxonomy":"post_tag","embeddable":true,"href":"https:\/\/lavozdehellin.com\/noticias\/wp-json\/wp\/v2\/tags?post=151144"}],"curies":[{"name":"wp","href":"https:\/\/api.w.org\/{rel}","templated":true}]}}