{"id":151147,"date":"2024-06-16T10:48:04","date_gmt":"2024-06-16T08:48:04","guid":{"rendered":"https:\/\/lavozdehellin.com\/noticias\/?p=151147"},"modified":"2024-06-17T17:07:21","modified_gmt":"2024-06-17T15:07:21","slug":"v08-771-el-gobierno-de-la-diputacion-de-albacete-invierte-350-000-euros-en-la-recuperacion-y-rehabilitacion-de-diversos-recursos-patrimoniales-en-68-localidades","status":"publish","type":"post","link":"https:\/\/lavozdehellin.com\/noticias\/v08-771-el-gobierno-de-la-diputacion-de-albacete-invierte-350-000-euros-en-la-recuperacion-y-rehabilitacion-de-diversos-recursos-patrimoniales-en-68-localidades\/","title":{"rendered":"LVH NOTICIAS | EL GOBIERNO DE LA DIPUTACI\u00d3N DE ALBACETE INVIERTE 350.000 EUROS EN LA RECUPERACI\u00d3N Y REHABILITACI\u00d3N DE DIVERSOS RECURSOS PATRIMONIALES EN 68 LOCALIDADES"},"content":{"rendered":"<p style=\"text-align: justify;\">La Diputaci\u00f3n de Albacete, bajo el liderazgo del presidente Santi Caba\u00f1ero, ha resuelto la Convocatoria de Ayudas a Ayuntamientos 2024 para la Recuperaci\u00f3n y Rehabilitaci\u00f3n del Patrimonio Hist\u00f3rico.<\/p>\n<p><!--more--><br \/>\n<!--publicidad-voz01--><a href=\"https:\/\/www.facebook.com\/SoloRadioHellin\/?locale=es_ES\"><img decoding=\"async\" class=\"alignnone size-medium\" src=\"https:\/\/blogger.googleusercontent.com\/img\/b\/R29vZ2xl\/AVvXsEiNncirNnyGedv00mhjZjh5Wl4_YPdJGanoAl8tL8zH-HwqE8uHqjEfSt340RHdx-9tuCSIkZ8rFamZiGyYlgDGxCsmXjCH_1xk5eYM3ntFZRvJP_jndOKR7w1UAo9Tu0vrZyOLfqRpHIxYI5SymJJ-pfGCQw6QVpggBH-UgfjiFQ2JOxqxG0Jx94kW83c\/s1600\/logo-principal.jpg\" width=\"100%\" height=\"100\" \/><\/a><!--bestpublic-voz01--><!--desk-in-out-voz01--><br \/>\n<!--publicidad-voz02--><a href=\"https:\/\/www.hellincf.com\/\"><img decoding=\"async\" class=\"alignnone size-medium\" src=\"https:\/\/blogger.googleusercontent.com\/img\/b\/R29vZ2xl\/AVvXsEhuZ4-XfBVj3UtdP8-RZugy3WVrg-Zv28c53m4oV47qYCxL1rX_dqWX_YddsGSnpH5SRDqZ7bZeKPIfDVCDncpjVlhy3aQs2vojcJBn7Gdv9hC2_Nzct_pRFrnFE1a7KTCdY1bT_kAgnY3-iadRZrGeJf1fR2P5fu11bokx0pWjaypoy-ctwCjklldpEbA\/s1600\/logo-principal7.jpg\" width=\"100%\" height=\"100\" \/><\/a><!--bestpublic-voz02--><!--desk-in-out-voz02--><\/p>\n<p style=\"text-align: justify;\">Un total de 68 localidades acometer\u00e1n proyectos de recuperaci\u00f3n y rehabilitaci\u00f3n del patrimonio hist\u00f3rico, gracias a esta iniciativa del Gobierno Provincial.<\/p>\n<p style=\"text-align: justify;\">Distribuci\u00f3n de las Ayudas 2024<\/p>\n<p style=\"text-align: justify;\">Los cerca de 70 ayuntamientos beneficiarios este a\u00f1o, recibir\u00e1n cantidades que oscilan entre los 2.000 y los 10.000 euros. El importe m\u00e1ximo ha sido concedido al proyecto de reparaci\u00f3n y renovaci\u00f3n de los cerramientos de la fachada posterior lateral izquierdo y cubiertas del Palacio de los Condes de Cirat, en Almansa.<\/p>\n<p style=\"text-align: justify;\">Tres proyectos recibir\u00e1n 9.000 euros: la conservaci\u00f3n y protecci\u00f3n del artesonado mud\u00e9jar de la cubierta de la ermita de los Remedios, en Ayna; diversas actuaciones en el Castillo de Yeste; y la reparaci\u00f3n de la cubierta del Claustro de los Padres Trinitarios, en Fuensanta.<\/p>\n<p style=\"text-align: justify;\">Otras seis actuaciones van a percibir en cada caso 8.000 euros de las arcas provinciales, para: la rehabilitaci\u00f3n y restauraci\u00f3n de la muralla del casco antiguo de Chinchilla de Montearag\u00f3n; la puesta en valor de los antiguos lavaderos de La Gila, en Alcal\u00e1 del J\u00facar; la reparaci\u00f3n del falso techo del Auditorio-Casa de la Cultura de La Roda; la pavimentaci\u00f3n de la Plaza Mayor de Tarazona de la Mancha; la sustituci\u00f3n de carpinter\u00edas del Museo de Arqueolog\u00eda Industrial, en Ri\u00f3par; y la renovaci\u00f3n de la instalaci\u00f3n el\u00e9ctrica del coristado del Convento de los Franciscanos, en Hell\u00edn.<\/p>\n<p style=\"text-align: justify;\">Ocho proyectos obtendr\u00e1n 7.000 euros, beneficiando a los ayuntamientos de: Alcaraz, Letur, Lezuza, Villamalea, Li\u00e9tor, Mahora, Alborea y El Bonillo.<\/p>\n<p style=\"text-align: justify;\">Veinticuatro proyectos recibir\u00e1n entre 5.000 y 6.000 euros. Ser\u00e1s los solicitados por los consistorios de: Ossa de Montiel, Carcel\u00e9n, Balsa de Ves, Jorquera, Robledo, Barrax, Cenitzate, Vianos, La Gineta, Hoya Gonzalo, Pe\u00f1as de San Pedro, Villatoya, Higueruela, Pozohondo, Madrigueras, Pozo Ca\u00f1ada, Casas de Juan N\u00fa\u00f1ez, Villapalacios, Socovos, Tobarra, Villalgordo del J\u00facar, Caudete, Villaverde de Guadalimar y Bogarra.<\/p>\n<p style=\"text-align: justify;\">E igual cantidad, 24 actuaciones, contar\u00e1n con cuant\u00edas provinciales que oscilan entre los 2.000 y los 4.500 euros, para: Povedilla, Pozuelo, Molinicos, Golosalvo, Fuentealbilla, Corral Rubio, Montealegre del Castillo, Aguas Nuevas, Salobre, Viveros, Pe\u00f1ascosa, F\u00e9rez, Minaya, P\u00e9trola, Villavaliente, La Recueja, El Ballestero, Bonete, Bienservida, Montalvos, Elche de la Sierra, Villa de Ves, Ontur y Nerpio.<\/p>\n<p style=\"text-align: justify;\">Compromiso con el patrimonio hist\u00f3rico como v\u00eda de desarrollo local<\/p>\n<p style=\"text-align: justify;\">\u00c9sta es la tercera edici\u00f3n de la Convocatoria de Subvenciones, instaurada por el Gobierno de Santi Caba\u00f1ero en 2022, con una dotaci\u00f3n presupuestaria propia (cifrada en 350.000 euros). \u00abGracias a este programa, en los tres \u00faltimos a\u00f1os hemos invertido m\u00e1s de un mill\u00f3n de euros para contribuir a acometer cerca de 200 actuaciones de recuperaci\u00f3n en distintos puntos del territorio. Proteger esta parte de nuestras historias locales es mucho m\u00e1s que una obligaci\u00f3n moral: es una oportunidad de renacimiento y dinamismo para los pueblos\u00bb, ha se\u00f1alado Caba\u00f1ero.<\/p>\n<p style=\"text-align: justify;\">El presidente ha destacado \u201cel impacto social y econ\u00f3mico\u201d de este tipo de actuaciones: \u00abCada proyecto de rehabilitaci\u00f3n no s\u00f3lo recupera un edificio, sino que revitaliza una zona, impulsa la econom\u00eda y fortalece la identidad de ese pueblo y del conjunto de la provincia. Tenemos muy claro que, invertir en nuestro patrimonio, es tambi\u00e9n invertir en nuestro futuro econ\u00f3mico y social; y los ayuntamientos est\u00e1n muy comprometidos con ese potencial\u00bb, ha subrayado.<\/p>\n<p style=\"text-align: justify;\">Futuro m\u00e1s sostenible y din\u00e1mico<\/p>\n<p style=\"text-align: justify;\">La rehabilitaci\u00f3n de bienes inmuebles con valor patrimonial tambi\u00e9n contribuye a impulsar la reactivaci\u00f3n socioecon\u00f3mica de la provincia, genera empleo y promueve la sostenibilidad medioambiental, social y econ\u00f3mica. Adem\u00e1s, fomenta la dinamizaci\u00f3n tur\u00edstica y la conservaci\u00f3n del patrimonio hist\u00f3rico.<\/p>\n<p style=\"text-align: justify;\">En este sentido, Caba\u00f1ero tambi\u00e9n ha resaltado el apoyo que esta medida provincial supone para la gesti\u00f3n local: \u00abMuchos de nuestros municipios, especialmente aquellos con menor capacidad econ\u00f3mica, necesitan apoyo para preservar su herencia patrimonial. Con esta l\u00ednea de ayudas proporcionamos medios econ\u00f3micos para ir desarrollando este tipo de proyectos que, con el paso del tiempo, demuestran sus m\u00faltiples beneficios para la ciudadan\u00eda, porque tambi\u00e9n la dotan de espacios de encuentro y de disfrute social\u00bb.<\/p>\n<p style=\"text-align: justify;\">De esta forma, el Gobierno de la Diputaci\u00f3n de Albacete contin\u00faa avanzando en su compromiso con la conservaci\u00f3n del patrimonio hist\u00f3rico provincial, promoviendo la puesta en valor del mundo rural y los recursos end\u00f3genos de las distintas localidades.<\/p>\n<p style=\"text-align: justify;\">El presidente ha animado a todos los ayuntamientos de la provincia a seguir presentando sus proyectos a las ediciones que se vayan lanzando en sucesivos a\u00f1os de esta Convocatoria, con el fin de seguir consolid\u00e1ndola y promoviendo los recursos patrimoniales hist\u00f3ricos de la provincia.<\/p>\n<p><!--publicidad-voz03--><a href=\"https:\/\/www.facebook.com\/profile.php?id=100063593791305&amp;locale=es_ES\"><img decoding=\"async\" class=\"alignnone size-medium\" src=\"https:\/\/blogger.googleusercontent.com\/img\/b\/R29vZ2xl\/AVvXsEi8_n_ll8UOcGxCqzFvb_9Io4ICczlGC990BPtPj2w9Px-u7B3oqWUW5vtjZUqPNJ-nyjiUIorE0ATsib_l5tV8BVN-UJ03RTnU__IHJF_4DgDBtY4LIqXNG-FomrO-7ywes20CBCRM2Hcm7EJSh3UUw1dO-c_uTflUrtgY1i7uBRezj_DpympmEFkfbQY\/s1600\/logo-principal2.jpg\" width=\"100%\" height=\"100\" \/><\/a><!--bestpublic-voz03--><!--desk-in-out-voz03--><br \/>\n<!--publicidad-voz04--><a href=\"https:\/\/www.facebook.com\/profile.php?id=61557370768692&amp;locale=es_ES\"><img decoding=\"async\" class=\"alignnone size-medium\" src=\"https:\/\/blogger.googleusercontent.com\/img\/b\/R29vZ2xl\/AVvXsEgy5RdcfffrnrItnYTcV9bCJjgJwldsQLWssfVfrLbyfXeBNTFKgBf0rMIvhrUaGUhiXzVr9_eQgCbi-j63ZDpfTvLIty9w7s140y-m1yHe7eKmEK7v2NAHUJDVYGdfeiQFeRCqUjdwWmN1MX_AUxxz4IVdJ4WIM0APxit8bjWkXzrnEFGqBvW_1F13H1g\/s1600\/logo-principal5.jpg\" width=\"100%\" height=\"100\" \/><\/a><!--bestpublic-voz04--><!--desk-in-out-voz04--><br \/>\n<!--publicidad-voz05--><a href=\"https:\/\/www.facebook.com\/asociaciontamborileroshellin?locale=es_ES\"><img decoding=\"async\" class=\"alignnone size-medium\" src=\"https:\/\/blogger.googleusercontent.com\/img\/b\/R29vZ2xl\/AVvXsEhHEEpZsKK1VpwiYMrS7aE2ujtqIDZoLd4B5wtbiseSU9s2HdTdQfhF84So2XwEB1fv0BLw95GADm6hUl1bkKtzh-eIgVigXONuu_5RxeIMPhjk8q6uNX4EaEHbooKkbu7pCADWPpVJjhKIH5NQSJpWqedC-YBez4QAQeJYokkLot9bhrIaUAeztsGis6M\/s1600\/logo-principal3.jpg\" width=\"100%\" height=\"100\" \/><\/a><!--bestpublic-voz05--><!--desk-in-out-voz05--><br \/>\n<!--publicidad-voz06--><!--bestpublic-voz06--><!--desk-in-out-voz06--><br \/>\n<!--publicidad-voz07--><!--bestpublic-voz07--><!--desk-in-out-voz07--><br \/>\n<!--publicidad-voz08--><!--bestpublic-voz08--><!--desk-in-out-voz08--><br \/>\n<!--publicidad-voz09--><!--bestpublic-voz09--><!--desk-in-out-voz09--><br \/>\n<!--publicidad-voz10--><!--bestpublic-voz10--><!--desk-in-out-voz10--><br \/>\n<!--publicidad-voz11--><!--bestpublic-voz11--><!--desk-in-out-voz11--><br \/>\n<!--publicidad-voz12--><!--bestpublic-voz12--><!--desk-in-out-voz12--><br \/>\n<!--publicidad-voz13--><!--bestpublic-voz13--><!--desk-in-out-voz13--><br \/>\n<!--publicidad-voz14--><!--bestpublic-voz14--><!--desk-in-out-voz14--><br \/>\n<!--publicidad-voz15--><!--bestpublic-voz15--><!--desk-in-out-voz15--><br \/>\n<!--publicidad-voz16--><!--bestpublic-voz16--><!--desk-in-out-voz16--><\/p>\n","protected":false},"excerpt":{"rendered":"<p>La Diputaci\u00f3n de Albacete, bajo el liderazgo del presidente Santi Caba\u00f1ero, ha resuelto la Convocatoria de Ayudas a Ayuntamientos 2024 para la Recuperaci\u00f3n y Rehabilitaci\u00f3n del Patrimonio Hist\u00f3rico.<\/p>\n","protected":false},"author":2,"featured_media":151148,"comment_status":"closed","ping_status":"closed","sticky":false,"template":"","format":"standard","meta":{"footnotes":""},"categories":[755,718,715,716,717],"tags":[],"class_list":["post-151147","post","type-post","status-publish","format-standard","has-post-thumbnail","hentry","category-blog-lv036","category-blogger","category-la-voz-de-hellin","category-la-voz-de-hellin-la-voz-de-hellin","category-noticias"],"_links":{"self":[{"href":"https:\/\/lavozdehellin.com\/noticias\/wp-json\/wp\/v2\/posts\/151147","targetHints":{"allow":["GET"]}}],"collection":[{"href":"https:\/\/lavozdehellin.com\/noticias\/wp-json\/wp\/v2\/posts"}],"about":[{"href":"https:\/\/lavozdehellin.com\/noticias\/wp-json\/wp\/v2\/types\/post"}],"author":[{"embeddable":true,"href":"https:\/\/lavozdehellin.com\/noticias\/wp-json\/wp\/v2\/users\/2"}],"replies":[{"embeddable":true,"href":"https:\/\/lavozdehellin.com\/noticias\/wp-json\/wp\/v2\/comments?post=151147"}],"version-history":[{"count":0,"href":"https:\/\/lavozdehellin.com\/noticias\/wp-json\/wp\/v2\/posts\/151147\/revisions"}],"wp:featuredmedia":[{"embeddable":true,"href":"https:\/\/lavozdehellin.com\/noticias\/wp-json\/wp\/v2\/media\/151148"}],"wp:attachment":[{"href":"https:\/\/lavozdehellin.com\/noticias\/wp-json\/wp\/v2\/media?parent=151147"}],"wp:term":[{"taxonomy":"category","embeddable":true,"href":"https:\/\/lavozdehellin.com\/noticias\/wp-json\/wp\/v2\/categories?post=151147"},{"taxonomy":"post_tag","embeddable":true,"href":"https:\/\/lavozdehellin.com\/noticias\/wp-json\/wp\/v2\/tags?post=151147"}],"curies":[{"name":"wp","href":"https:\/\/api.w.org\/{rel}","templated":true}]}}