{"id":151153,"date":"2024-06-17T12:01:19","date_gmt":"2024-06-17T10:01:19","guid":{"rendered":"https:\/\/lavozdehellin.com\/noticias\/?p=151153"},"modified":"2024-06-17T17:07:20","modified_gmt":"2024-06-17T15:07:20","slug":"v08-773-la-residencia-san-vicente-de-paul-de-la-diputacion-de-albacete-inicia-su-semana-del-residente-con-mas-de-una-decena-de-actividades","status":"publish","type":"post","link":"https:\/\/lavozdehellin.com\/noticias\/v08-773-la-residencia-san-vicente-de-paul-de-la-diputacion-de-albacete-inicia-su-semana-del-residente-con-mas-de-una-decena-de-actividades\/","title":{"rendered":"LVH NOTICIAS | LA RESIDENCIA SAN VICENTE DE PA\u00daL DE LA DIPUTACI\u00d3N DE ALBACETE INICIA SU \u2018SEMANA DEL RESIDENTE\u2019 CON M\u00c1S DE UNA DECENA DE ACTIVIDADES"},"content":{"rendered":"<p style=\"text-align: justify;\">La Residencia San Vicente de Pa\u00fal, dependiente de la Diputaci\u00f3n de Albacete, inicia su tradicional \u2018Semana del Residente\u2019 con m\u00e1s de una decena de actividades que se extender\u00e1n del 17 al 22 de junio en este centro asistencial, y el diputado de Sanidad, Francisco Garc\u00eda, ha participado en la inauguraci\u00f3n de su programaci\u00f3n.<\/p>\n<p><!--more--><br \/>\n<!--publicidad-voz01--><a href=\"https:\/\/www.facebook.com\/SoloRadioHellin\/?locale=es_ES\"><img decoding=\"async\" class=\"alignnone size-medium\" src=\"https:\/\/blogger.googleusercontent.com\/img\/b\/R29vZ2xl\/AVvXsEiNncirNnyGedv00mhjZjh5Wl4_YPdJGanoAl8tL8zH-HwqE8uHqjEfSt340RHdx-9tuCSIkZ8rFamZiGyYlgDGxCsmXjCH_1xk5eYM3ntFZRvJP_jndOKR7w1UAo9Tu0vrZyOLfqRpHIxYI5SymJJ-pfGCQw6QVpggBH-UgfjiFQ2JOxqxG0Jx94kW83c\/s1600\/logo-principal.jpg\" width=\"100%\" height=\"100\" \/><\/a><!--bestpublic-voz01--><!--desk-in-out-voz01--><br \/>\n<!--publicidad-voz02--><a href=\"https:\/\/www.hellincf.com\/\"><img decoding=\"async\" class=\"alignnone size-medium\" src=\"https:\/\/blogger.googleusercontent.com\/img\/b\/R29vZ2xl\/AVvXsEhuZ4-XfBVj3UtdP8-RZugy3WVrg-Zv28c53m4oV47qYCxL1rX_dqWX_YddsGSnpH5SRDqZ7bZeKPIfDVCDncpjVlhy3aQs2vojcJBn7Gdv9hC2_Nzct_pRFrnFE1a7KTCdY1bT_kAgnY3-iadRZrGeJf1fR2P5fu11bokx0pWjaypoy-ctwCjklldpEbA\/s1600\/logo-principal7.jpg\" width=\"100%\" height=\"100\" \/><\/a><!--bestpublic-voz02--><!--desk-in-out-voz02--><\/p>\n<p style=\"text-align: justify;\">Acompa\u00f1ado de la coordinadora asistencial, Maribel Segovia; de los y las profesionales; y tambi\u00e9n de una nutrida representaci\u00f3n de familiares, as\u00ed como de quien fuera vicepresidente del \u00c1rea Social en la Diputaci\u00f3n de Albacete en la pasada legislatura, Juanra Amores (invitado desde el centro), el responsable provincial, que ha saludado en nombre del presidente de la instituci\u00f3n, Santi Caba\u00f1ero, a todas las personas presentes, ha agradecido el trabajo y la dedicaci\u00f3n de los unos y la implicaci\u00f3n de los otros, incidiendo en la importancia que estas iniciativas tienen para los usuarios y usuarias.<\/p>\n<p style=\"text-align: justify;\">\u201cEl Gobierno provincial est\u00e1 firmemente comprometido con la atenci\u00f3n y el bienestar de las personas mayores, y es una responsabilidad de las administraciones p\u00fablicas garantizar que reciben el mejor cuidado en un ejercicio de justicia y gratitud ante quienes han contribuido decisivamente a dar forma a la sociedad que conocemos\u201d, ha afirmado Garc\u00eda, apuntando que para ello es clave fomentar el envejecimiento activo y saludable, \u201cque es lo que impulsamos en este centro\u201d.<\/p>\n<p style=\"text-align: justify;\">En este sentido, el diputado de Sanidad ha explicado que las iniciativas que conforman la \u2018Semana del Residente\u2019, unidas a otras que se vienen realizando a lo largo de todo el a\u00f1o, contribuyen a favorecer la autonom\u00eda de las personas mayores, al tiempo que promueven la salud f\u00edsica, psicol\u00f3gica, cognitiva y emocional, \u201csiempre bajo el control y supervisi\u00f3n por parte de especialistas\u201d, y ha incidido en que \u201cayudan a mantener la mente y el cuerpo activos, lo que contribuye a la prevenci\u00f3n de enfermedades y a una mejor calidad de vida en general\u201d.<\/p>\n<p style=\"text-align: justify;\">Asimismo, ha a\u00f1adido que, a trav\u00e9s de estas actividades, se fomentan las relaciones sociales, evitando el aislamiento social, que es un problema com\u00fan entre las personas mayores, y puede tener un impacto negativo en su salud emocional y mental. Prueba de ello es que durante el acto han aprovechado para homenajear a una usuaria que cumple 102 a\u00f1os, a quien el diputado provincial ha hecho entrega de un ramo de flores.<\/p>\n<p style=\"text-align: justify;\">Actividades variadas<\/p>\n<p style=\"text-align: justify;\">Dichas actividades han arrancado esta ma\u00f1ana con un preg\u00f3n a cargo de la residente Amparo Garc\u00eda Palacios, y posteriormente ha tenido lugar una actuaci\u00f3n de musicoterapia a cargo del grupo \u2018Tarari\u2019 (integrado por usuarios y usuarias y profesionales del centro), y la apertura del mercadillo de terapia ocupacional, con la venta de art\u00edculos realizados por residentes y trabajadores y trabajadoras. \u00c9ste permanecer\u00e1 abierto durante toda la semana.<\/p>\n<p style=\"text-align: justify;\">Por su parte, el martes, 18 de junio, tendr\u00e1n lugar juegos colectivos organizados por el Servicio de Fisioterapia de la residencia, y la actuaci\u00f3n de la Rondalla y Coro del Centro de Mayores Albacete II; y el mi\u00e9rcoles, 19 de junio, se ha previsto una actividad intergeneracional con alumnado del Colegio Escuelas P\u00edas de Albacete y el Servicio de Terapia Ocupacional de la propia residencia, y tambi\u00e9n una charla sobre \u2018Sanidad militar espa\u00f1ola en misiones internacionales\u2019, impartida por los sanitarios militares Juan Jos\u00e9 Abietar, Susana Rodr\u00edguez y Antonio G\u00f3mez.<\/p>\n<p style=\"text-align: justify;\">Y ser\u00e1 el jueves, 20 de junio, cuando residentes y familiares disfruten de una gran fiesta amenizada por el grupo \u2018Ambos inclusive\u2019. Adem\u00e1s, el viernes, 21 de junio, podr\u00e1n participar en un bingo musical y el s\u00e1bado, 22 de junio, un concierto de m\u00fasica a cargo de la Banda Municipal de Hoya Gonzalo, incluido en la programaci\u00f3n que la Diputaci\u00f3n de Albacete ha elaborado para conmemorar el D\u00eda Europeo de la M\u00fasica, pondr\u00e1 el punto y final a esta \u2018Semana del Residente\u2019.<\/p>\n<p style=\"text-align: justify;\">M\u00e1s de 130.000 \u20ac invertidos en actuaciones de mejora en la residencia<\/p>\n<p style=\"text-align: justify;\">Durante sus palabras, el diputado de Sanidad tambi\u00e9n ha puesto de relieve que desde la instituci\u00f3n se trabaja para procurar lo mejor a los y las residentes tanto en lo relativo en la atenci\u00f3n que se les presta como en el espacio en el que conviven, refiri\u00e9ndose tambi\u00e9n a los trabajos de mejora que se vienen realizando en la residencia.<\/p>\n<p style=\"text-align: justify;\">De hecho, en lo que llevamos de 2024 se han invertido m\u00e1s de 130.000 \u20ac en reformas y acondicionamiento en diferentes espacios, siendo las acciones m\u00e1s significativas las que se han acometido para eliminar los armarios de obra existentes en las \u00e1reas para residentes as\u00ed como la sustituci\u00f3n de las puertas interiores en las alas 1A y 2B. Unas labores que han mejorado las condiciones de las estancias y el acceso a las mismas, garantizando las necesidades reales del uso actual. Adem\u00e1s, se ha procedido a la sustituci\u00f3n del pavimento en el office de la cocina, a la adecuaci\u00f3n de las persianas y a la reparaci\u00f3n del tejado.<\/p>\n<p style=\"text-align: justify;\">Actuaciones que repercuten de forma directa en la calidad de vida y en el bienestar de los usuarios y usuarias, favoreciendo su d\u00eda a d\u00eda y tambi\u00e9n el de sus profesionales.<\/p>\n<p><!--publicidad-voz03--><a href=\"https:\/\/www.facebook.com\/profile.php?id=100063593791305&amp;locale=es_ES\"><img decoding=\"async\" class=\"alignnone size-medium\" src=\"https:\/\/blogger.googleusercontent.com\/img\/b\/R29vZ2xl\/AVvXsEi8_n_ll8UOcGxCqzFvb_9Io4ICczlGC990BPtPj2w9Px-u7B3oqWUW5vtjZUqPNJ-nyjiUIorE0ATsib_l5tV8BVN-UJ03RTnU__IHJF_4DgDBtY4LIqXNG-FomrO-7ywes20CBCRM2Hcm7EJSh3UUw1dO-c_uTflUrtgY1i7uBRezj_DpympmEFkfbQY\/s1600\/logo-principal2.jpg\" width=\"100%\" height=\"100\" \/><\/a><!--bestpublic-voz03--><!--desk-in-out-voz03--><br \/>\n<!--publicidad-voz04--><a href=\"https:\/\/www.facebook.com\/profile.php?id=61557370768692&amp;locale=es_ES\"><img decoding=\"async\" class=\"alignnone size-medium\" src=\"https:\/\/blogger.googleusercontent.com\/img\/b\/R29vZ2xl\/AVvXsEgy5RdcfffrnrItnYTcV9bCJjgJwldsQLWssfVfrLbyfXeBNTFKgBf0rMIvhrUaGUhiXzVr9_eQgCbi-j63ZDpfTvLIty9w7s140y-m1yHe7eKmEK7v2NAHUJDVYGdfeiQFeRCqUjdwWmN1MX_AUxxz4IVdJ4WIM0APxit8bjWkXzrnEFGqBvW_1F13H1g\/s1600\/logo-principal5.jpg\" width=\"100%\" height=\"100\" \/><\/a><!--bestpublic-voz04--><!--desk-in-out-voz04--><br \/>\n<!--publicidad-voz05--><a href=\"https:\/\/www.facebook.com\/asociaciontamborileroshellin?locale=es_ES\"><img decoding=\"async\" class=\"alignnone size-medium\" src=\"https:\/\/blogger.googleusercontent.com\/img\/b\/R29vZ2xl\/AVvXsEhHEEpZsKK1VpwiYMrS7aE2ujtqIDZoLd4B5wtbiseSU9s2HdTdQfhF84So2XwEB1fv0BLw95GADm6hUl1bkKtzh-eIgVigXONuu_5RxeIMPhjk8q6uNX4EaEHbooKkbu7pCADWPpVJjhKIH5NQSJpWqedC-YBez4QAQeJYokkLot9bhrIaUAeztsGis6M\/s1600\/logo-principal3.jpg\" width=\"100%\" height=\"100\" \/><\/a><!--bestpublic-voz05--><!--desk-in-out-voz05--><br \/>\n<!--publicidad-voz06--><!--bestpublic-voz06--><!--desk-in-out-voz06--><br \/>\n<!--publicidad-voz07--><!--bestpublic-voz07--><!--desk-in-out-voz07--><br \/>\n<!--publicidad-voz08--><!--bestpublic-voz08--><!--desk-in-out-voz08--><br \/>\n<!--publicidad-voz09--><!--bestpublic-voz09--><!--desk-in-out-voz09--><br \/>\n<!--publicidad-voz10--><!--bestpublic-voz10--><!--desk-in-out-voz10--><br \/>\n<!--publicidad-voz11--><!--bestpublic-voz11--><!--desk-in-out-voz11--><br \/>\n<!--publicidad-voz12--><!--bestpublic-voz12--><!--desk-in-out-voz12--><br \/>\n<!--publicidad-voz13--><!--bestpublic-voz13--><!--desk-in-out-voz13--><br \/>\n<!--publicidad-voz14--><!--bestpublic-voz14--><!--desk-in-out-voz14--><br \/>\n<!--publicidad-voz15--><!--bestpublic-voz15--><!--desk-in-out-voz15--><br \/>\n<!--publicidad-voz16--><!--bestpublic-voz16--><!--desk-in-out-voz16--><\/p>\n","protected":false},"excerpt":{"rendered":"<p>La Residencia San Vicente de Pa\u00fal, dependiente de la Diputaci\u00f3n de Albacete, inicia su tradicional \u2018Semana del Residente\u2019 con m\u00e1s de una decena de actividades que se extender\u00e1n del 17&#8230;<\/p>\n","protected":false},"author":2,"featured_media":151154,"comment_status":"closed","ping_status":"closed","sticky":false,"template":"","format":"standard","meta":{"footnotes":""},"categories":[755,718,715,716,717],"tags":[],"class_list":["post-151153","post","type-post","status-publish","format-standard","has-post-thumbnail","hentry","category-blog-lv036","category-blogger","category-la-voz-de-hellin","category-la-voz-de-hellin-la-voz-de-hellin","category-noticias"],"_links":{"self":[{"href":"https:\/\/lavozdehellin.com\/noticias\/wp-json\/wp\/v2\/posts\/151153","targetHints":{"allow":["GET"]}}],"collection":[{"href":"https:\/\/lavozdehellin.com\/noticias\/wp-json\/wp\/v2\/posts"}],"about":[{"href":"https:\/\/lavozdehellin.com\/noticias\/wp-json\/wp\/v2\/types\/post"}],"author":[{"embeddable":true,"href":"https:\/\/lavozdehellin.com\/noticias\/wp-json\/wp\/v2\/users\/2"}],"replies":[{"embeddable":true,"href":"https:\/\/lavozdehellin.com\/noticias\/wp-json\/wp\/v2\/comments?post=151153"}],"version-history":[{"count":0,"href":"https:\/\/lavozdehellin.com\/noticias\/wp-json\/wp\/v2\/posts\/151153\/revisions"}],"wp:featuredmedia":[{"embeddable":true,"href":"https:\/\/lavozdehellin.com\/noticias\/wp-json\/wp\/v2\/media\/151154"}],"wp:attachment":[{"href":"https:\/\/lavozdehellin.com\/noticias\/wp-json\/wp\/v2\/media?parent=151153"}],"wp:term":[{"taxonomy":"category","embeddable":true,"href":"https:\/\/lavozdehellin.com\/noticias\/wp-json\/wp\/v2\/categories?post=151153"},{"taxonomy":"post_tag","embeddable":true,"href":"https:\/\/lavozdehellin.com\/noticias\/wp-json\/wp\/v2\/tags?post=151153"}],"curies":[{"name":"wp","href":"https:\/\/api.w.org\/{rel}","templated":true}]}}