{"id":151273,"date":"2024-06-18T09:33:05","date_gmt":"2024-06-18T07:33:05","guid":{"rendered":"https:\/\/lavozdehellin.com\/noticias\/?p=151273"},"modified":"2024-06-24T20:45:46","modified_gmt":"2024-06-24T18:45:46","slug":"v08-776-la-guardia-civil-de-albacete-detiene-a-una-persona-por-un-delito-contra-la-salud-publica-en-un-dispositivo-operativo","status":"publish","type":"post","link":"https:\/\/lavozdehellin.com\/noticias\/v08-776-la-guardia-civil-de-albacete-detiene-a-una-persona-por-un-delito-contra-la-salud-publica-en-un-dispositivo-operativo\/","title":{"rendered":"LVH NOTICIAS | LA GUARDIA CIVIL DE ALBACETE DETIENE A UNA PERSONA POR UN DELITO CONTRA LA SALUD P\u00daBLICA EN UN DISPOSITIVO OPERATIVO"},"content":{"rendered":"<p style=\"text-align: justify;\">Se han intervenido 71 gramos de speed, ya preparados para su venta<\/p>\n<p><!--more--><br \/>\n<!--publicidad-voz01--><a href=\"https:\/\/www.facebook.com\/SoloRadioHellin\/?locale=es_ES\"><img decoding=\"async\" class=\"alignnone size-medium\" src=\"https:\/\/blogger.googleusercontent.com\/img\/b\/R29vZ2xl\/AVvXsEiNncirNnyGedv00mhjZjh5Wl4_YPdJGanoAl8tL8zH-HwqE8uHqjEfSt340RHdx-9tuCSIkZ8rFamZiGyYlgDGxCsmXjCH_1xk5eYM3ntFZRvJP_jndOKR7w1UAo9Tu0vrZyOLfqRpHIxYI5SymJJ-pfGCQw6QVpggBH-UgfjiFQ2JOxqxG0Jx94kW83c\/s1600\/logo-principal.jpg\" width=\"100%\" height=\"100\" \/><\/a><!--bestpublic-voz01--><!--desk-in-out-voz01--><br \/>\n<!--publicidad-voz02--><a href=\"https:\/\/www.hellincf.com\/\"><img decoding=\"async\" class=\"alignnone size-medium\" src=\"https:\/\/blogger.googleusercontent.com\/img\/b\/R29vZ2xl\/AVvXsEhuZ4-XfBVj3UtdP8-RZugy3WVrg-Zv28c53m4oV47qYCxL1rX_dqWX_YddsGSnpH5SRDqZ7bZeKPIfDVCDncpjVlhy3aQs2vojcJBn7Gdv9hC2_Nzct_pRFrnFE1a7KTCdY1bT_kAgnY3-iadRZrGeJf1fR2P5fu11bokx0pWjaypoy-ctwCjklldpEbA\/s1600\/logo-principal7.jpg\" width=\"100%\" height=\"100\" \/><\/a><!--bestpublic-voz02--><!--desk-in-out-voz02--><\/p>\n<p style=\"text-align: justify;\">El estupefaciente intervenido iba oculto en la guantera, en el techo de la furgoneta y en los efectos personales del detenido<\/p>\n<p style=\"text-align: justify;\">Efectivos de la Guardia Civil de Caudete han detenido a un var\u00f3n, de 22 a\u00f1os de edad, vecino de la localidad alicantina de Petrel, como presunto autor de un delito contra la salud p\u00fablica, en la modalidad de tr\u00e1fico de drogas.<\/p>\n<p style=\"text-align: justify;\">Al detenido se le intervinieron 71 gramos de speed, ocultos en el interior de la furgoneta y entre sus efectos personales. Esta cantidad de droga hubiese alcanzado las 2.200 dosis en el mercado il\u00edcito.<\/p>\n<p style=\"text-align: justify;\">Actuaciones<\/p>\n<p style=\"text-align: justify;\">Con motivo de la realizaci\u00f3n de un dispositivo operativo, encaminado al control y circulaci\u00f3n de personas y veh\u00edculos sospechosos de traficar con drogas y cometer delitos contra el patrimonio, llevado a cabo en las inmediaciones de la localidad de Caudete, agentes del Cuerpo de dicha localidad procedieron a la parada de una furgoneta que les infundi\u00f3 sospechas.<\/p>\n<p style=\"text-align: justify;\">En el momento de la identificaci\u00f3n de sus dos ocupantes, estos mostraron una actitud nerviosa y esquiva hacia los agentes de servicio, lo que levant\u00f3 a\u00fan m\u00e1s las sospechas, procediendo entonces a un meticuloso registro, tanto de sus efectos personales como del interior del veh\u00edculo. Concretamente, en la guantera y en el techo se localizaron cuatro bolsitas de pl\u00e1stico que conten\u00edan una sustancia de color blanco, que tras ser sometida a un narcotest result\u00f3 ser anfetamina.<\/p>\n<p style=\"text-align: justify;\">Entre los efectos personales del conductor, concretamente en un saco de dormir, se localizaron otras seis bolsitas que conten\u00edan la misma sustancia estupefaciente.<\/p>\n<p style=\"text-align: justify;\">2.200 dosis de anfetaminas fuera del consumo humano<\/p>\n<p style=\"text-align: justify;\">Con esta aprehensi\u00f3n, la Guardia Civil ha impedido que el speed intervenido, con el que podr\u00edan haberse elaborado 2.200 dosis, se hubiese puesto a la venta entre nuestros ciudadanos, con el consiguiente perjuicio para su salud.<\/p>\n<p style=\"text-align: justify;\">Delito contra la salud p\u00fablica<\/p>\n<p style=\"text-align: justify;\">El detenido podr\u00eda enfrentarse a unas penas de prisi\u00f3n de 3 a 6 a\u00f1os, seg\u00fan establece el art\u00edculo 368 del C\u00f3digo Penal, para los delitos contra la salud p\u00fablica, en la modalidad de tr\u00e1fico de drogas.<\/p>\n<p style=\"text-align: justify;\">Diligencias \/ detenido<\/p>\n<p style=\"text-align: justify;\">Las diligencias policiales, instruidas por componentes de la Benem\u00e9rita de Caudete, han sido puestas a disposici\u00f3n del Juzgado de Instrucci\u00f3n n\u00famero DOS de Almansa, en funciones de guardia.<\/p>\n<p style=\"text-align: justify;\">La furgoneta en la que viajaba el detenido ha quedado a disposici\u00f3n de la autoridad judicial que entiende del caso.<\/p>\n<p><!--publicidad-voz03--><a href=\"https:\/\/www.facebook.com\/profile.php?id=100063593791305&amp;locale=es_ES\"><img decoding=\"async\" class=\"alignnone size-medium\" src=\"https:\/\/blogger.googleusercontent.com\/img\/b\/R29vZ2xl\/AVvXsEi8_n_ll8UOcGxCqzFvb_9Io4ICczlGC990BPtPj2w9Px-u7B3oqWUW5vtjZUqPNJ-nyjiUIorE0ATsib_l5tV8BVN-UJ03RTnU__IHJF_4DgDBtY4LIqXNG-FomrO-7ywes20CBCRM2Hcm7EJSh3UUw1dO-c_uTflUrtgY1i7uBRezj_DpympmEFkfbQY\/s1600\/logo-principal2.jpg\" width=\"100%\" height=\"100\" \/><\/a><!--bestpublic-voz03--><!--desk-in-out-voz03--><br \/>\n<!--publicidad-voz04--><a href=\"https:\/\/www.facebook.com\/profile.php?id=61557370768692&amp;locale=es_ES\"><img decoding=\"async\" class=\"alignnone size-medium\" src=\"https:\/\/blogger.googleusercontent.com\/img\/b\/R29vZ2xl\/AVvXsEgy5RdcfffrnrItnYTcV9bCJjgJwldsQLWssfVfrLbyfXeBNTFKgBf0rMIvhrUaGUhiXzVr9_eQgCbi-j63ZDpfTvLIty9w7s140y-m1yHe7eKmEK7v2NAHUJDVYGdfeiQFeRCqUjdwWmN1MX_AUxxz4IVdJ4WIM0APxit8bjWkXzrnEFGqBvW_1F13H1g\/s1600\/logo-principal5.jpg\" width=\"100%\" height=\"100\" \/><\/a><!--bestpublic-voz04--><!--desk-in-out-voz04--><br \/>\n<!--publicidad-voz05--><a href=\"https:\/\/www.facebook.com\/asociaciontamborileroshellin?locale=es_ES\"><img decoding=\"async\" class=\"alignnone size-medium\" src=\"https:\/\/blogger.googleusercontent.com\/img\/b\/R29vZ2xl\/AVvXsEhHEEpZsKK1VpwiYMrS7aE2ujtqIDZoLd4B5wtbiseSU9s2HdTdQfhF84So2XwEB1fv0BLw95GADm6hUl1bkKtzh-eIgVigXONuu_5RxeIMPhjk8q6uNX4EaEHbooKkbu7pCADWPpVJjhKIH5NQSJpWqedC-YBez4QAQeJYokkLot9bhrIaUAeztsGis6M\/s1600\/logo-principal3.jpg\" width=\"100%\" height=\"100\" \/><\/a><!--bestpublic-voz05--><!--desk-in-out-voz05--><br \/>\n<!--publicidad-voz06--><!--bestpublic-voz06--><!--desk-in-out-voz06--><br \/>\n<!--publicidad-voz07--><!--bestpublic-voz07--><!--desk-in-out-voz07--><br \/>\n<!--publicidad-voz08--><!--bestpublic-voz08--><!--desk-in-out-voz08--><br \/>\n<!--publicidad-voz09--><!--bestpublic-voz09--><!--desk-in-out-voz09--><br \/>\n<!--publicidad-voz10--><!--bestpublic-voz10--><!--desk-in-out-voz10--><br \/>\n<!--publicidad-voz11--><!--bestpublic-voz11--><!--desk-in-out-voz11--><br \/>\n<!--publicidad-voz12--><!--bestpublic-voz12--><!--desk-in-out-voz12--><br \/>\n<!--publicidad-voz13--><!--bestpublic-voz13--><!--desk-in-out-voz13--><br \/>\n<!--publicidad-voz14--><!--bestpublic-voz14--><!--desk-in-out-voz14--><br \/>\n<!--publicidad-voz15--><!--bestpublic-voz15--><!--desk-in-out-voz15--><br \/>\n<!--publicidad-voz16--><!--bestpublic-voz16--><!--desk-in-out-voz16--><\/p>\n","protected":false},"excerpt":{"rendered":"<p>Se han intervenido 71 gramos de speed, ya preparados para su venta<\/p>\n","protected":false},"author":2,"featured_media":151274,"comment_status":"closed","ping_status":"closed","sticky":false,"template":"","format":"standard","meta":{"footnotes":""},"categories":[755,718,715,716,717],"tags":[],"class_list":["post-151273","post","type-post","status-publish","format-standard","has-post-thumbnail","hentry","category-blog-lv036","category-blogger","category-la-voz-de-hellin","category-la-voz-de-hellin-la-voz-de-hellin","category-noticias"],"_links":{"self":[{"href":"https:\/\/lavozdehellin.com\/noticias\/wp-json\/wp\/v2\/posts\/151273","targetHints":{"allow":["GET"]}}],"collection":[{"href":"https:\/\/lavozdehellin.com\/noticias\/wp-json\/wp\/v2\/posts"}],"about":[{"href":"https:\/\/lavozdehellin.com\/noticias\/wp-json\/wp\/v2\/types\/post"}],"author":[{"embeddable":true,"href":"https:\/\/lavozdehellin.com\/noticias\/wp-json\/wp\/v2\/users\/2"}],"replies":[{"embeddable":true,"href":"https:\/\/lavozdehellin.com\/noticias\/wp-json\/wp\/v2\/comments?post=151273"}],"version-history":[{"count":0,"href":"https:\/\/lavozdehellin.com\/noticias\/wp-json\/wp\/v2\/posts\/151273\/revisions"}],"wp:featuredmedia":[{"embeddable":true,"href":"https:\/\/lavozdehellin.com\/noticias\/wp-json\/wp\/v2\/media\/151274"}],"wp:attachment":[{"href":"https:\/\/lavozdehellin.com\/noticias\/wp-json\/wp\/v2\/media?parent=151273"}],"wp:term":[{"taxonomy":"category","embeddable":true,"href":"https:\/\/lavozdehellin.com\/noticias\/wp-json\/wp\/v2\/categories?post=151273"},{"taxonomy":"post_tag","embeddable":true,"href":"https:\/\/lavozdehellin.com\/noticias\/wp-json\/wp\/v2\/tags?post=151273"}],"curies":[{"name":"wp","href":"https:\/\/api.w.org\/{rel}","templated":true}]}}