{"id":151276,"date":"2024-06-19T11:07:11","date_gmt":"2024-06-19T09:07:11","guid":{"rendered":"https:\/\/lavozdehellin.com\/noticias\/?p=151276"},"modified":"2024-06-24T20:45:42","modified_gmt":"2024-06-24T18:45:42","slug":"v08-777-actividad-de-la-policia-local-de-hellin-del-10-06-2024-al-16-06-2024","status":"publish","type":"post","link":"https:\/\/lavozdehellin.com\/noticias\/v08-777-actividad-de-la-policia-local-de-hellin-del-10-06-2024-al-16-06-2024\/","title":{"rendered":"LVH NOTICIAS | ACTIVIDAD DE LA POLICIA LOCAL DE HELLIN DEL 10\/06\/2024 AL 16\/06\/2024"},"content":{"rendered":"<p style=\"text-align: justify;\">COMUNICADO DE PRENSA<\/p>\n<p><!--more--><br \/>\n<!--publicidad-voz01--><a href=\"https:\/\/www.facebook.com\/SoloRadioHellin\/?locale=es_ES\"><img decoding=\"async\" class=\"alignnone size-medium\" src=\"https:\/\/blogger.googleusercontent.com\/img\/b\/R29vZ2xl\/AVvXsEiNncirNnyGedv00mhjZjh5Wl4_YPdJGanoAl8tL8zH-HwqE8uHqjEfSt340RHdx-9tuCSIkZ8rFamZiGyYlgDGxCsmXjCH_1xk5eYM3ntFZRvJP_jndOKR7w1UAo9Tu0vrZyOLfqRpHIxYI5SymJJ-pfGCQw6QVpggBH-UgfjiFQ2JOxqxG0Jx94kW83c\/s1600\/logo-principal.jpg\" width=\"100%\" height=\"100\" \/><\/a><!--bestpublic-voz01--><!--desk-in-out-voz01--><br \/>\n<!--publicidad-voz02--><a href=\"https:\/\/www.hellincf.com\/\"><img decoding=\"async\" class=\"alignnone size-medium\" src=\"https:\/\/blogger.googleusercontent.com\/img\/b\/R29vZ2xl\/AVvXsEhuZ4-XfBVj3UtdP8-RZugy3WVrg-Zv28c53m4oV47qYCxL1rX_dqWX_YddsGSnpH5SRDqZ7bZeKPIfDVCDncpjVlhy3aQs2vojcJBn7Gdv9hC2_Nzct_pRFrnFE1a7KTCdY1bT_kAgnY3-iadRZrGeJf1fR2P5fu11bokx0pWjaypoy-ctwCjklldpEbA\/s1600\/logo-principal7.jpg\" width=\"100%\" height=\"100\" \/><\/a><!--bestpublic-voz02--><!--desk-in-out-voz02--><\/p>\n<p style=\"text-align: justify;\">ACTIVIDAD DE LA POLICIA LOCAL DE HELLIN DEL 10\/06\/2024 AL 16\/06\/2024<\/p>\n<p style=\"text-align: justify;\">INCLEMENCIAS METEOROLOGICAS<\/p>\n<p style=\"text-align: justify;\">En la semana del 10 al 16 de junio hay que destacar los fen\u00f3menos meteorol\u00f3gicos adversos que afectaron a nuestro municipio. Con motivo de ellos se activaron medidas preventivas en la ciudad y en las pedan\u00edas por alerta naranja con lluvia y granizo torrencial, aumentando el n\u00famero de efectivos policiales; cubriendo diversas incidencias en relaci\u00f3n a las medidas adoptadas y actuaciones realizadas en coordinaci\u00f3n con Jefatura:<\/p>\n<p style=\"text-align: justify;\">&#8211; Se realizan patrullas por Casco Antiguo, zona del Calvario, zona sur de la ciudad y pedan\u00edas.<\/p>\n<p style=\"text-align: justify;\">&#8211; Se vigilan zonas susceptibles de ser inundables.<\/p>\n<p style=\"text-align: justify;\">&#8211; Inspecci\u00f3n y colocaci\u00f3n de tapas de alcantarillado en diferentes puntos de la localidad; y en la traves\u00eda de la AB-402 en la pedan\u00eda de la Nava de Campa\u00f1a, encontr\u00e1ndose anegada de agua.<\/p>\n<p style=\"text-align: justify;\">&#8211; Inspecci\u00f3n del estado de la carretera de Ca\u00f1ada de Agra hasta la zona del paraje de las Hazas.<\/p>\n<p style=\"text-align: justify;\">&#8211; Vigilancia del paso subterr\u00e1neo de la calle Ferrocarril, que da acceso al barrio de la Estaci\u00f3n, y en Avenida de la Libertad por posibles acumulaciones de agua; destacando la intervenci\u00f3n de auxilio de tres ocupantes de una furgoneta, por quedarse atrapados en el interior de la furgoneta donde viajaban, quedando parada en dicho paso por la acumulaci\u00f3n de agua.<\/p>\n<p style=\"text-align: justify;\">&#8211; De manera preventiva se procede al cierre del Parque Municipal.<\/p>\n<p style=\"text-align: justify;\">&#8211; Se procede a la retirada de obst\u00e1culos de las v\u00edas.<\/p>\n<p style=\"text-align: justify;\">&#8211; Vigilancia en la zona del paraje de Escunatar, por el desbordamiento de una rambla y la proximidad del agua a las viviendas.<\/p>\n<p style=\"text-align: justify;\">&#8211; Filtraciones de agua en establecimiento p\u00fablico.<\/p>\n<p style=\"text-align: justify;\">&#8211; Ca\u00edda de una farola en Nava de Campa\u00f1a.<\/p>\n<p style=\"text-align: justify;\">&#8211; Se lleva a cabo el corte de la AB- 404 por gran acumulaci\u00f3n de agua a la altura del km.1.<\/p>\n<p style=\"text-align: justify;\">&#8211; Se detecta incidencia en grupo de sem\u00e1foros de las calles Melchor de Macan\u00e1z y Alejandro Tomas, dejando estos de funcionar.<\/p>\n<p style=\"text-align: justify;\">&#8211; Desprendimientos de cornisas en viviendas, ocasionando uno de ellos da\u00f1os en un veh\u00edculo estacionado. Las zonas afectadas quedan perimetradas con vallas y cinta policial de manera preventiva.<\/p>\n<p style=\"text-align: justify;\">&#8211; Da\u00f1os en veh\u00edculo por el levantamiento de una tapa de alcantarilla.<\/p>\n<p style=\"text-align: justify;\">&#8211; Ca\u00eddas de \u00e1rboles y ramas de gran tama\u00f1o en la Carretera de Ja\u00e9n, Plaza de Santa Ana, Camino de la Fuente e interior del Parque Municipal.<\/p>\n<p style=\"text-align: justify;\">&#8211; Aver\u00edas en alumbrado p\u00fablico y desprendimiento de cableado.<\/p>\n<p style=\"text-align: justify;\">&#8211; Se atienden inundaciones en viviendas.<\/p>\n<p style=\"text-align: justify;\">En todas las incidencias atendidas, la Polic\u00eda Local ha trabajado en coordinaci\u00f3n con miembros de Protecci\u00f3n Civil, Servicio de Emergencias 112, Bomberos, Servicios Municipales y las empresas Elecnor y Aqualia, destacando que no se han producido da\u00f1os personales.<\/p>\n<p style=\"text-align: justify;\">SEGURIDAD CIUDADANA<\/p>\n<p style=\"text-align: justify;\">Por parte de Jefatura se establecen los operativos en materia de seguridad ciudadana y seguridad vial con motivo de la celebraci\u00f3n de las fiestas de la pedan\u00eda de Agra y la BTT en la Laguna de los Patos, as\u00ed como el acto musical en el recinto del mercadillo, desarroll\u00e1ndose con normalidad, sin incidencias.<\/p>\n<p style=\"text-align: justify;\">-Se realizan diversos servicios asistenciales a ciudadanos y colaboraci\u00f3n en la localizaci\u00f3n de personas desaparecidas.<\/p>\n<p style=\"text-align: justify;\">&#8211; Se colabora en la resoluci\u00f3n de conflicto privado en establecimiento y en el \u00e1mbito familiar.<\/p>\n<p style=\"text-align: justify;\">&#8211; Intento de robo en establecimiento y en vivienda.<\/p>\n<p style=\"text-align: justify;\">&#8211; Robo en establecimiento.<\/p>\n<p style=\"text-align: justify;\">&#8211; Ocupaci\u00f3n de vivienda.<\/p>\n<p style=\"text-align: justify;\">&#8211; Se interviene en diversas peleas, una de ellas en un establecimiento p\u00fablico, procediendo a la detenci\u00f3n de una persona, siendo esta menor de edad.<\/p>\n<p style=\"text-align: justify;\">&#8211; Comportamientos inc\u00edvicos en instalaciones deportivas.<\/p>\n<p style=\"text-align: justify;\">&#8211; Se interviene en agresi\u00f3n con arma blanca, dando lugar las actuaciones a la detenci\u00f3n del autor.<\/p>\n<p style=\"text-align: justify;\">&#8211; Vigilancia preventiva durante el desarrollo de los mercadillos semanales de Hell\u00edn e Isso.<\/p>\n<p style=\"text-align: justify;\">&#8211; Como viene siendo habitual cada semana, se realizan patrullas preventivas en materia de seguridad ciudadana por el casco antiguo, parques y jardines, zonas de ocio, zonas de extrarradios vigilancia de casas de campo, zonas comerciales y edificios p\u00fablicos.<\/p>\n<p style=\"text-align: justify;\">&#8211; Delito contra la libertad sexual.<\/p>\n<p style=\"text-align: justify;\">&#8211; Incendio de veh\u00edculo en la v\u00eda p\u00fablica, sin da\u00f1os personales.<\/p>\n<p style=\"text-align: justify;\">TR\u00c1FICO<\/p>\n<p style=\"text-align: justify;\">&#8211; Control de tr\u00e1fico en colegios, institutos, en diferentes puntos de la localidad, as\u00ed como vigilancia y control de estacionamientos indebidos.<\/p>\n<p style=\"text-align: justify;\">&#8211; Da\u00f1os en se\u00f1alizaci\u00f3n y otras anomal\u00edas en v\u00eda p\u00fablica.<\/p>\n<p style=\"text-align: justify;\">&#8211; Se siguen realizando controles de alcohol y drogas, as\u00ed como las comprobaciones de documentaci\u00f3n de veh\u00edculos, conductores, as\u00ed como de los ocupantes.<\/p>\n<p style=\"text-align: justify;\">&#8211; Se atienden 7 siniestros viales con resultado de da\u00f1os materiales, confeccionando los agentes actuantes las correspondientes diligencias a prevenci\u00f3n, as\u00ed como las diligencias por un presunto delito contra la seguridad vial.<\/p>\n<p style=\"text-align: justify;\">INCUMPLIENTO DE ORDENANZAS MUNICIPALES<\/p>\n<p style=\"text-align: justify;\">&#8211; Control de licencias de terrazas, as\u00ed como de su horario de cierre y de los establecimientos destinados al ocio.<\/p>\n<p style=\"text-align: justify;\">&#8211; En materia de disciplina urban\u00edstica: vigilancia de obras, precintos y\/o desprecintos de la mismas.<\/p>\n<p style=\"text-align: justify;\">-Molestias por ruidos en viviendas y en v\u00eda p\u00fablica en horario nocturno.<\/p>\n<p style=\"text-align: justify;\">&#8211; Control del abandono de enseres en la v\u00eda p\u00fablica.<\/p>\n<p style=\"text-align: justify;\">&#8211; Inspecci\u00f3n de establecimientos p\u00fablicos, as\u00ed como el control de horario de cierre de terrazas y establecimientos de ocio nocturno.<\/p>\n<p style=\"text-align: justify;\">PROPUESTAS DE SANCIONES<\/p>\n<p style=\"text-align: justify;\">Derivadas de todas las intervenciones mencionadas con anterioridad se han propuesto diversas sanciones:<\/p>\n<p style=\"text-align: justify;\">&#8211; Denuncias administrativas por no canjear los permisos de conducir de otro pa\u00eds.<\/p>\n<p style=\"text-align: justify;\">&#8211; Instrucci\u00f3n de atestado por circular con un veh\u00edculo careciendo de permiso de conducir, por p\u00e9rdida de vigencia de puntos.<\/p>\n<p style=\"text-align: justify;\">&#8211; Por abandonar enseres en la v\u00eda p\u00fablica.<\/p>\n<p style=\"text-align: justify;\">&#8211; Varias sanciones por carecer los veh\u00edculos de la ITV en vigor y por carecer de seguro de responsabilidad civil. As\u00ed como sanciones por otras infracciones de tr\u00e1fico, tales como: no hacer uso del cintur\u00f3n de seguridad; no utilizar adecuadamente el sistema de retenci\u00f3n infantil; y estacionamientos indebidos en zona destinadas a personas de movilidad reducida y\/o zonas de carga y descarga.<\/p>\n<p style=\"text-align: justify;\">&#8211; Por desobediencia y falta de respecto a los agentes de la autoridad, alteraci\u00f3n del orden p\u00fablico y por la negativa a identificaci\u00f3n a requerimiento de los agentes.<\/p>\n<p style=\"text-align: justify;\">&#8211; Por causar molestias en horario nocturno.<\/p>\n<p style=\"text-align: justify;\">&#8211; Por la tenencia de armas prohibidas; tenencia o consumo de drogas o estupefacientes en la v\u00eda p\u00fablica.<\/p>\n<p style=\"text-align: justify;\">-Denuncias administrativas por conducir superando la tasa de alcoholemia establecida reglamentariamente.<\/p>\n<p style=\"text-align: justify;\">&#8211; Por miccionar en la v\u00eda p\u00fablica.<\/p>\n<p style=\"text-align: justify;\">EVENTOS PROGRAMADOS PARA LA SEMANA ACTUAL<\/p>\n<p style=\"text-align: justify;\">Se informa a la ciudadan\u00eda que durante esta semana, del d\u00eda 17 al 23 de junio, est\u00e1n previstos varios eventos, como son:<\/p>\n<p style=\"text-align: justify;\">Exhibici\u00f3n de bailes t\u00edpicos de Hell\u00edn, en la Plaza de la Iglesia<\/p>\n<p style=\"text-align: justify;\">Fiestas del Orgullo<\/p>\n<p style=\"text-align: justify;\">Fiestas del Barrio M\u00e9ndez, en Isso<\/p>\n<p style=\"text-align: justify;\">Prefiestas de la pedan\u00eda de la Nava de Campa\u00f1a<\/p>\n<p style=\"text-align: justify;\">Realiz\u00e1ndose actuaciones en materia de seguridad vial y seguridad ciudadana para dar cobertura a estos eventos y actividades.<\/p>\n<p><!--publicidad-voz03--><a href=\"https:\/\/www.facebook.com\/profile.php?id=100063593791305&amp;locale=es_ES\"><img decoding=\"async\" class=\"alignnone size-medium\" src=\"https:\/\/blogger.googleusercontent.com\/img\/b\/R29vZ2xl\/AVvXsEi8_n_ll8UOcGxCqzFvb_9Io4ICczlGC990BPtPj2w9Px-u7B3oqWUW5vtjZUqPNJ-nyjiUIorE0ATsib_l5tV8BVN-UJ03RTnU__IHJF_4DgDBtY4LIqXNG-FomrO-7ywes20CBCRM2Hcm7EJSh3UUw1dO-c_uTflUrtgY1i7uBRezj_DpympmEFkfbQY\/s1600\/logo-principal2.jpg\" width=\"100%\" height=\"100\" \/><\/a><!--bestpublic-voz03--><!--desk-in-out-voz03--><br \/>\n<!--publicidad-voz04--><a href=\"https:\/\/www.facebook.com\/profile.php?id=61557370768692&amp;locale=es_ES\"><img decoding=\"async\" class=\"alignnone size-medium\" src=\"https:\/\/blogger.googleusercontent.com\/img\/b\/R29vZ2xl\/AVvXsEgy5RdcfffrnrItnYTcV9bCJjgJwldsQLWssfVfrLbyfXeBNTFKgBf0rMIvhrUaGUhiXzVr9_eQgCbi-j63ZDpfTvLIty9w7s140y-m1yHe7eKmEK7v2NAHUJDVYGdfeiQFeRCqUjdwWmN1MX_AUxxz4IVdJ4WIM0APxit8bjWkXzrnEFGqBvW_1F13H1g\/s1600\/logo-principal5.jpg\" width=\"100%\" height=\"100\" \/><\/a><!--bestpublic-voz04--><!--desk-in-out-voz04--><br \/>\n<!--publicidad-voz05--><a href=\"https:\/\/www.facebook.com\/asociaciontamborileroshellin?locale=es_ES\"><img decoding=\"async\" class=\"alignnone size-medium\" src=\"https:\/\/blogger.googleusercontent.com\/img\/b\/R29vZ2xl\/AVvXsEhHEEpZsKK1VpwiYMrS7aE2ujtqIDZoLd4B5wtbiseSU9s2HdTdQfhF84So2XwEB1fv0BLw95GADm6hUl1bkKtzh-eIgVigXONuu_5RxeIMPhjk8q6uNX4EaEHbooKkbu7pCADWPpVJjhKIH5NQSJpWqedC-YBez4QAQeJYokkLot9bhrIaUAeztsGis6M\/s1600\/logo-principal3.jpg\" width=\"100%\" height=\"100\" \/><\/a><!--bestpublic-voz05--><!--desk-in-out-voz05--><br \/>\n<!--publicidad-voz06--><!--bestpublic-voz06--><!--desk-in-out-voz06--><br \/>\n<!--publicidad-voz07--><!--bestpublic-voz07--><!--desk-in-out-voz07--><br \/>\n<!--publicidad-voz08--><!--bestpublic-voz08--><!--desk-in-out-voz08--><br \/>\n<!--publicidad-voz09--><!--bestpublic-voz09--><!--desk-in-out-voz09--><br \/>\n<!--publicidad-voz10--><!--bestpublic-voz10--><!--desk-in-out-voz10--><br \/>\n<!--publicidad-voz11--><!--bestpublic-voz11--><!--desk-in-out-voz11--><br \/>\n<!--publicidad-voz12--><!--bestpublic-voz12--><!--desk-in-out-voz12--><br \/>\n<!--publicidad-voz13--><!--bestpublic-voz13--><!--desk-in-out-voz13--><br \/>\n<!--publicidad-voz14--><!--bestpublic-voz14--><!--desk-in-out-voz14--><br \/>\n<!--publicidad-voz15--><!--bestpublic-voz15--><!--desk-in-out-voz15--><br \/>\n<!--publicidad-voz16--><!--bestpublic-voz16--><!--desk-in-out-voz16--><\/p>\n","protected":false},"excerpt":{"rendered":"<p>COMUNICADO DE PRENSA<\/p>\n","protected":false},"author":2,"featured_media":151277,"comment_status":"closed","ping_status":"closed","sticky":false,"template":"","format":"standard","meta":{"footnotes":""},"categories":[755,718,715,716,717],"tags":[],"class_list":["post-151276","post","type-post","status-publish","format-standard","has-post-thumbnail","hentry","category-blog-lv036","category-blogger","category-la-voz-de-hellin","category-la-voz-de-hellin-la-voz-de-hellin","category-noticias"],"_links":{"self":[{"href":"https:\/\/lavozdehellin.com\/noticias\/wp-json\/wp\/v2\/posts\/151276","targetHints":{"allow":["GET"]}}],"collection":[{"href":"https:\/\/lavozdehellin.com\/noticias\/wp-json\/wp\/v2\/posts"}],"about":[{"href":"https:\/\/lavozdehellin.com\/noticias\/wp-json\/wp\/v2\/types\/post"}],"author":[{"embeddable":true,"href":"https:\/\/lavozdehellin.com\/noticias\/wp-json\/wp\/v2\/users\/2"}],"replies":[{"embeddable":true,"href":"https:\/\/lavozdehellin.com\/noticias\/wp-json\/wp\/v2\/comments?post=151276"}],"version-history":[{"count":0,"href":"https:\/\/lavozdehellin.com\/noticias\/wp-json\/wp\/v2\/posts\/151276\/revisions"}],"wp:featuredmedia":[{"embeddable":true,"href":"https:\/\/lavozdehellin.com\/noticias\/wp-json\/wp\/v2\/media\/151277"}],"wp:attachment":[{"href":"https:\/\/lavozdehellin.com\/noticias\/wp-json\/wp\/v2\/media?parent=151276"}],"wp:term":[{"taxonomy":"category","embeddable":true,"href":"https:\/\/lavozdehellin.com\/noticias\/wp-json\/wp\/v2\/categories?post=151276"},{"taxonomy":"post_tag","embeddable":true,"href":"https:\/\/lavozdehellin.com\/noticias\/wp-json\/wp\/v2\/tags?post=151276"}],"curies":[{"name":"wp","href":"https:\/\/api.w.org\/{rel}","templated":true}]}}