{"id":151279,"date":"2024-06-19T15:49:50","date_gmt":"2024-06-19T13:49:50","guid":{"rendered":"https:\/\/lavozdehellin.com\/noticias\/?p=151279"},"modified":"2024-06-24T20:45:39","modified_gmt":"2024-06-24T18:45:39","slug":"v08-778-la-guardia-civil-de-albacete-detiene-a-una-persona-por-un-delito-de-danos-contra-el-patrimonio-cultural","status":"publish","type":"post","link":"https:\/\/lavozdehellin.com\/noticias\/v08-778-la-guardia-civil-de-albacete-detiene-a-una-persona-por-un-delito-de-danos-contra-el-patrimonio-cultural\/","title":{"rendered":"LVH NOTICIAS | LA GUARDIA CIVIL DE ALBACETE DETIENE A UNA PERSONA POR UN DELITO DE DA\u00d1OS CONTRA EL PATRIMONIO CULTURAL"},"content":{"rendered":"<p style=\"text-align: justify;\">El detenido ocasion\u00f3 da\u00f1os por valor de m\u00e1s de 25.000 \u20ac a varias esculturas de la conocida Ruta de las Esculturas de Bogarra<\/p>\n<p><!--more--><br \/>\n<!--publicidad-voz01--><a href=\"https:\/\/www.facebook.com\/SoloRadioHellin\/?locale=es_ES\"><img decoding=\"async\" class=\"alignnone size-medium\" src=\"https:\/\/blogger.googleusercontent.com\/img\/b\/R29vZ2xl\/AVvXsEiNncirNnyGedv00mhjZjh5Wl4_YPdJGanoAl8tL8zH-HwqE8uHqjEfSt340RHdx-9tuCSIkZ8rFamZiGyYlgDGxCsmXjCH_1xk5eYM3ntFZRvJP_jndOKR7w1UAo9Tu0vrZyOLfqRpHIxYI5SymJJ-pfGCQw6QVpggBH-UgfjiFQ2JOxqxG0Jx94kW83c\/s1600\/logo-principal.jpg\" width=\"100%\" height=\"100\" \/><\/a><!--bestpublic-voz01--><!--desk-in-out-voz01--><br \/>\n<!--publicidad-voz02--><a href=\"https:\/\/www.hellincf.com\/\"><img decoding=\"async\" class=\"alignnone size-medium\" src=\"https:\/\/blogger.googleusercontent.com\/img\/b\/R29vZ2xl\/AVvXsEhuZ4-XfBVj3UtdP8-RZugy3WVrg-Zv28c53m4oV47qYCxL1rX_dqWX_YddsGSnpH5SRDqZ7bZeKPIfDVCDncpjVlhy3aQs2vojcJBn7Gdv9hC2_Nzct_pRFrnFE1a7KTCdY1bT_kAgnY3-iadRZrGeJf1fR2P5fu11bokx0pWjaypoy-ctwCjklldpEbA\/s1600\/logo-principal7.jpg\" width=\"100%\" height=\"100\" \/><\/a><!--bestpublic-voz02--><!--desk-in-out-voz02--><\/p>\n<p style=\"text-align: justify;\">Para el esclarecimiento de los hechos, que tuvieron gran repercusi\u00f3n social, ha sido fundamental la colaboraci\u00f3n ciudadana<\/p>\n<p style=\"text-align: justify;\">Efectivos de la Guardia Civil de Bogarra han detenido a un vecino de esa misma poblaci\u00f3n, de 35 a\u00f1os de edad, como presunto autor de un delito de da\u00f1os contra el patrimonio cultural.<\/p>\n<p style=\"text-align: justify;\">Esta persona caus\u00f3 da\u00f1os, por valor de 25.000 \u20ac, a varias esculturas de una conocida ruta de arte al aire libre de Bogarra, con una importante afluencia de turistas a lo largo del a\u00f1o.<\/p>\n<p style=\"text-align: justify;\">Investigaciones<\/p>\n<p style=\"text-align: justify;\">La Guardia Civil de Bogarra tuvo conocimiento, por medio de la denuncia que presentaba la edil de dicha localidad en la que informaba de los da\u00f1os que hab\u00edan sufrido varias estatuas de la conocida Ruta de las Esculturas de la localidad. D\u00edas m\u00e1s tarde se ampli\u00f3 esta denuncia al sucederse nuevos actos vand\u00e1licos sobre otras esculturas.<\/p>\n<p style=\"text-align: justify;\">La inspecci\u00f3n ocular realizada por la Guardia Civil sobre las esculturas da\u00f1adas, concretamente las conocidas como El Fauno, la Embarazada, Aquiles, Totem de Madera y el Lagarto Ocelado, evidenci\u00f3 que en todas ellas se hab\u00eda utilizado alg\u00fan objeto contundente.<\/p>\n<p style=\"text-align: justify;\">A partir de ese momento, la Guardia Civil comenz\u00f3 una serie de investigaciones para tratar de esclarecer estos hechos delictivos, y en su caso, identificar, localizar y detener al autor de los da\u00f1os, que la alcaldesa del municipio valor\u00f3 en 25.000 euros.<\/p>\n<p style=\"text-align: justify;\">Estas gestiones, en las que result\u00f3 fundamental la colaboraci\u00f3n ciudadana, permitieron identificar al autor de estos da\u00f1os, que finalmente fue detenido y puesto a disposici\u00f3n de la autoridad judicial competente.<\/p>\n<p style=\"text-align: justify;\">Colaboraci\u00f3n ciudadana, tel\u00e9fono de urgencias 062 y app ALERTCOPS<\/p>\n<p style=\"text-align: justify;\">La Guardia Civil agradece a los ciudadanos su colaboraci\u00f3n y recuerda que su tel\u00e9fono de urgencias, 062, se encuentra a su disposici\u00f3n las 24 horas. Igualmente, se informa de la existencia de la aplicaci\u00f3n de m\u00f3vil gratuita ALERTCOPS para que ante cualquier eventualidad puedan ponerse en contacto con las Fuerzas y Cuerpo de Seguridad del Estado.<\/p>\n<p style=\"text-align: justify;\">Ruta de las Esculturas de Bogarra<\/p>\n<p style=\"text-align: justify;\">La ruta de las esculturas es un recorrido de 6,5 kil\u00f3metros de longitud que une cultura y naturaleza. Esta ruta se inicia en el Puente de los Carrizales y transcurre por hermosos parajes como el Bat\u00e1n de Bogarra, la Ruta de las Cascadas o la Cueva de la Mora.<\/p>\n<p style=\"text-align: justify;\">Durante su recorrido se pueden observar casi un centenar de esculturas que han sido realizadas sobre piedra, de forma desinteresada por escultores de todo el pa\u00eds, que se dan cita cada a\u00f1o el primer fin de semana de mayo para ampliar el cat\u00e1logo de esta emblem\u00e1tica ruta.<\/p>\n<p style=\"text-align: justify;\">Diligencias \/ detenido<\/p>\n<p style=\"text-align: justify;\">Las diligencias policiales, instruidas por la Guardia Civil de Bogarra, junto con la persona detenida, han sido puestas a disposici\u00f3n del Juzgado de Instrucci\u00f3n de la localidad albacete\u00f1a de Alcaraz, que han entendido de las actuaciones.<\/p>\n<p><!--publicidad-voz03--><a href=\"https:\/\/www.facebook.com\/profile.php?id=100063593791305&amp;locale=es_ES\"><img decoding=\"async\" class=\"alignnone size-medium\" src=\"https:\/\/blogger.googleusercontent.com\/img\/b\/R29vZ2xl\/AVvXsEi8_n_ll8UOcGxCqzFvb_9Io4ICczlGC990BPtPj2w9Px-u7B3oqWUW5vtjZUqPNJ-nyjiUIorE0ATsib_l5tV8BVN-UJ03RTnU__IHJF_4DgDBtY4LIqXNG-FomrO-7ywes20CBCRM2Hcm7EJSh3UUw1dO-c_uTflUrtgY1i7uBRezj_DpympmEFkfbQY\/s1600\/logo-principal2.jpg\" width=\"100%\" height=\"100\" \/><\/a><!--bestpublic-voz03--><!--desk-in-out-voz03--><br \/>\n<!--publicidad-voz04--><a href=\"https:\/\/www.facebook.com\/profile.php?id=61557370768692&amp;locale=es_ES\"><img decoding=\"async\" class=\"alignnone size-medium\" src=\"https:\/\/blogger.googleusercontent.com\/img\/b\/R29vZ2xl\/AVvXsEgy5RdcfffrnrItnYTcV9bCJjgJwldsQLWssfVfrLbyfXeBNTFKgBf0rMIvhrUaGUhiXzVr9_eQgCbi-j63ZDpfTvLIty9w7s140y-m1yHe7eKmEK7v2NAHUJDVYGdfeiQFeRCqUjdwWmN1MX_AUxxz4IVdJ4WIM0APxit8bjWkXzrnEFGqBvW_1F13H1g\/s1600\/logo-principal5.jpg\" width=\"100%\" height=\"100\" \/><\/a><!--bestpublic-voz04--><!--desk-in-out-voz04--><br \/>\n<!--publicidad-voz05--><a href=\"https:\/\/www.facebook.com\/asociaciontamborileroshellin?locale=es_ES\"><img decoding=\"async\" class=\"alignnone size-medium\" src=\"https:\/\/blogger.googleusercontent.com\/img\/b\/R29vZ2xl\/AVvXsEhHEEpZsKK1VpwiYMrS7aE2ujtqIDZoLd4B5wtbiseSU9s2HdTdQfhF84So2XwEB1fv0BLw95GADm6hUl1bkKtzh-eIgVigXONuu_5RxeIMPhjk8q6uNX4EaEHbooKkbu7pCADWPpVJjhKIH5NQSJpWqedC-YBez4QAQeJYokkLot9bhrIaUAeztsGis6M\/s1600\/logo-principal3.jpg\" width=\"100%\" height=\"100\" \/><\/a><!--bestpublic-voz05--><!--desk-in-out-voz05--><br \/>\n<!--publicidad-voz06--><!--bestpublic-voz06--><!--desk-in-out-voz06--><br \/>\n<!--publicidad-voz07--><!--bestpublic-voz07--><!--desk-in-out-voz07--><br \/>\n<!--publicidad-voz08--><!--bestpublic-voz08--><!--desk-in-out-voz08--><br \/>\n<!--publicidad-voz09--><!--bestpublic-voz09--><!--desk-in-out-voz09--><br \/>\n<!--publicidad-voz10--><!--bestpublic-voz10--><!--desk-in-out-voz10--><br \/>\n<!--publicidad-voz11--><!--bestpublic-voz11--><!--desk-in-out-voz11--><br \/>\n<!--publicidad-voz12--><!--bestpublic-voz12--><!--desk-in-out-voz12--><br \/>\n<!--publicidad-voz13--><!--bestpublic-voz13--><!--desk-in-out-voz13--><br \/>\n<!--publicidad-voz14--><!--bestpublic-voz14--><!--desk-in-out-voz14--><br \/>\n<!--publicidad-voz15--><!--bestpublic-voz15--><!--desk-in-out-voz15--><br \/>\n<!--publicidad-voz16--><!--bestpublic-voz16--><!--desk-in-out-voz16--><\/p>\n","protected":false},"excerpt":{"rendered":"<p>El detenido ocasion\u00f3 da\u00f1os por valor de m\u00e1s de 25.000 \u20ac a varias esculturas de la conocida Ruta de las Esculturas de Bogarra<\/p>\n","protected":false},"author":2,"featured_media":151280,"comment_status":"closed","ping_status":"closed","sticky":false,"template":"","format":"standard","meta":{"footnotes":""},"categories":[755,718,715,716,717],"tags":[],"class_list":["post-151279","post","type-post","status-publish","format-standard","has-post-thumbnail","hentry","category-blog-lv036","category-blogger","category-la-voz-de-hellin","category-la-voz-de-hellin-la-voz-de-hellin","category-noticias"],"_links":{"self":[{"href":"https:\/\/lavozdehellin.com\/noticias\/wp-json\/wp\/v2\/posts\/151279","targetHints":{"allow":["GET"]}}],"collection":[{"href":"https:\/\/lavozdehellin.com\/noticias\/wp-json\/wp\/v2\/posts"}],"about":[{"href":"https:\/\/lavozdehellin.com\/noticias\/wp-json\/wp\/v2\/types\/post"}],"author":[{"embeddable":true,"href":"https:\/\/lavozdehellin.com\/noticias\/wp-json\/wp\/v2\/users\/2"}],"replies":[{"embeddable":true,"href":"https:\/\/lavozdehellin.com\/noticias\/wp-json\/wp\/v2\/comments?post=151279"}],"version-history":[{"count":0,"href":"https:\/\/lavozdehellin.com\/noticias\/wp-json\/wp\/v2\/posts\/151279\/revisions"}],"wp:featuredmedia":[{"embeddable":true,"href":"https:\/\/lavozdehellin.com\/noticias\/wp-json\/wp\/v2\/media\/151280"}],"wp:attachment":[{"href":"https:\/\/lavozdehellin.com\/noticias\/wp-json\/wp\/v2\/media?parent=151279"}],"wp:term":[{"taxonomy":"category","embeddable":true,"href":"https:\/\/lavozdehellin.com\/noticias\/wp-json\/wp\/v2\/categories?post=151279"},{"taxonomy":"post_tag","embeddable":true,"href":"https:\/\/lavozdehellin.com\/noticias\/wp-json\/wp\/v2\/tags?post=151279"}],"curies":[{"name":"wp","href":"https:\/\/api.w.org\/{rel}","templated":true}]}}