{"id":151282,"date":"2024-06-20T13:46:13","date_gmt":"2024-06-20T11:46:13","guid":{"rendered":"https:\/\/lavozdehellin.com\/noticias\/?p=151282"},"modified":"2024-06-24T20:45:36","modified_gmt":"2024-06-24T18:45:36","slug":"v08-779-operacion-especial-de-policia-local-que-interviene-mas-de-450-prendas-falsificadas-en-el-mercadillo-de-los-miercoles","status":"publish","type":"post","link":"https:\/\/lavozdehellin.com\/noticias\/v08-779-operacion-especial-de-policia-local-que-interviene-mas-de-450-prendas-falsificadas-en-el-mercadillo-de-los-miercoles\/","title":{"rendered":"LVH NOTICIAS | OPERACI\u00d3N ESPECIAL DE POLIC\u00cdA LOCAL QUE INTERVIENE M\u00c1S DE 450 PRENDAS FALSIFICADAS EN EL MERCADILLO DE LOS MI\u00c9RCOLES"},"content":{"rendered":"<p style=\"text-align: justify;\">Operaci\u00f3n especial de Polic\u00eda Local que interviene m\u00e1s de 450 prendas falsificadas en el mercadillo de los mi\u00e9rcoles.<\/p>\n<p><!--more--><br \/>\n<!--publicidad-voz01--><a href=\"https:\/\/www.facebook.com\/SoloRadioHellin\/?locale=es_ES\"><img decoding=\"async\" class=\"alignnone size-medium\" src=\"https:\/\/blogger.googleusercontent.com\/img\/b\/R29vZ2xl\/AVvXsEiNncirNnyGedv00mhjZjh5Wl4_YPdJGanoAl8tL8zH-HwqE8uHqjEfSt340RHdx-9tuCSIkZ8rFamZiGyYlgDGxCsmXjCH_1xk5eYM3ntFZRvJP_jndOKR7w1UAo9Tu0vrZyOLfqRpHIxYI5SymJJ-pfGCQw6QVpggBH-UgfjiFQ2JOxqxG0Jx94kW83c\/s1600\/logo-principal.jpg\" width=\"100%\" height=\"100\" \/><\/a><!--bestpublic-voz01--><!--desk-in-out-voz01--><br \/>\n<!--publicidad-voz02--><a href=\"https:\/\/www.hellincf.com\/\"><img decoding=\"async\" class=\"alignnone size-medium\" src=\"https:\/\/blogger.googleusercontent.com\/img\/b\/R29vZ2xl\/AVvXsEhuZ4-XfBVj3UtdP8-RZugy3WVrg-Zv28c53m4oV47qYCxL1rX_dqWX_YddsGSnpH5SRDqZ7bZeKPIfDVCDncpjVlhy3aQs2vojcJBn7Gdv9hC2_Nzct_pRFrnFE1a7KTCdY1bT_kAgnY3-iadRZrGeJf1fR2P5fu11bokx0pWjaypoy-ctwCjklldpEbA\/s1600\/logo-principal7.jpg\" width=\"100%\" height=\"100\" \/><\/a><!--bestpublic-voz02--><!--desk-in-out-voz02--><\/p>\n<p style=\"text-align: justify;\">Agentes de la Polic\u00eda Local (uniformados y no uniformados) de Hell\u00edn llevaron a cabo una incautaci\u00f3n, previa investigaci\u00f3n, el mi\u00e9rcoles 19 de junio, en relaci\u00f3n con un supuesto delito contra la propiedad industrial.<\/p>\n<p style=\"text-align: justify;\">La persona investigada estaba supuestamente involucrada en la venta al por menor de ropa, probablemente falsificada, en el mercadillo semanal de la ciudad. En total se han<br \/>\nintervenido casi 500 prendas de falsificaci\u00f3n de grandes marcas textiles.<\/p>\n<p style=\"text-align: justify;\">La investigaci\u00f3n iniciada por Jefatura semanas atr\u00e1s ha dado como resultado la incautaci\u00f3n de numeroso material textil de marca registrada que estaba siendo vendida de forma fraudulenta, y que demuestra nuevamente la implicaci\u00f3n y compromiso de la Jefatura y la Concejal\u00eda de Seguridad con el empresariado local.<\/p>\n<p style=\"text-align: justify;\">Durante esta intervenci\u00f3n, se incaut\u00f3 mercanc\u00eda de reconocidas marcas registradas, que tambi\u00e9n se estaba vendiendo en el mercado. Tras una investigaci\u00f3n minuciosa en el tiempo, los agentes sospecharon que el hombre podr\u00eda estar dando salida a estas prendas en otros mercadillos de la zona igualmente, por lo que hicieron un seguimiento minucioso en varios pueblos de la comarca.<\/p>\n<p style=\"text-align: justify;\">As\u00ed, durante la celebraci\u00f3n del mercadillo que tiene lugar cada mi\u00e9rcoles, se detect\u00f3 ese puesto que ofertaba exclusivamente ropa. A simple vista, la apariencia de estas prendas generaba dudas sobre su leg\u00edtima procedencia, no obstante, se confirm\u00f3 que se trataba de falsificaciones de varias marcas reconocidas.<\/p>\n<p style=\"text-align: justify;\">Para constatar los hechos, la Jefatura de Polic\u00eda Local dispuso inicialmente un servicio discreto y posteriormente una inspecci\u00f3n reglada con agentes uniformados, que recabaron indicios suficientes para la investigaci\u00f3n del titular del puesto, un var\u00f3n de mediana edad, por un supuesto delito contra la propiedad industrial, por la venta al por menor de prendas de ropa falsificadas, adem\u00e1s de contar con otras dos personas que trabajaban careciendo de todo tipo de licencia administrativa para tal actividad.<\/p>\n<p style=\"text-align: justify;\">La actuaci\u00f3n se enmarca en el Plan Comercio Seguro, que la Jefatura de Polic\u00eda Local desarrolla a nivel local para garantizar la seguridad en el sector del comercio y proteger tanto a los comerciantes como a los clientes, tratando de minimizar infracciones penales relacionadas con hurtos, robos, fraudes y venta de productos falsificados.<\/p>\n<p style=\"text-align: justify;\">Las diligencias policiales instruidas han sido puestas a disposici\u00f3n Judicial.<\/p>\n<p><!--publicidad-voz03--><a href=\"https:\/\/www.facebook.com\/profile.php?id=100063593791305&amp;locale=es_ES\"><img decoding=\"async\" class=\"alignnone size-medium\" src=\"https:\/\/blogger.googleusercontent.com\/img\/b\/R29vZ2xl\/AVvXsEi8_n_ll8UOcGxCqzFvb_9Io4ICczlGC990BPtPj2w9Px-u7B3oqWUW5vtjZUqPNJ-nyjiUIorE0ATsib_l5tV8BVN-UJ03RTnU__IHJF_4DgDBtY4LIqXNG-FomrO-7ywes20CBCRM2Hcm7EJSh3UUw1dO-c_uTflUrtgY1i7uBRezj_DpympmEFkfbQY\/s1600\/logo-principal2.jpg\" width=\"100%\" height=\"100\" \/><\/a><!--bestpublic-voz03--><!--desk-in-out-voz03--><br \/>\n<!--publicidad-voz04--><a href=\"https:\/\/www.facebook.com\/profile.php?id=61557370768692&amp;locale=es_ES\"><img decoding=\"async\" class=\"alignnone size-medium\" src=\"https:\/\/blogger.googleusercontent.com\/img\/b\/R29vZ2xl\/AVvXsEgy5RdcfffrnrItnYTcV9bCJjgJwldsQLWssfVfrLbyfXeBNTFKgBf0rMIvhrUaGUhiXzVr9_eQgCbi-j63ZDpfTvLIty9w7s140y-m1yHe7eKmEK7v2NAHUJDVYGdfeiQFeRCqUjdwWmN1MX_AUxxz4IVdJ4WIM0APxit8bjWkXzrnEFGqBvW_1F13H1g\/s1600\/logo-principal5.jpg\" width=\"100%\" height=\"100\" \/><\/a><!--bestpublic-voz04--><!--desk-in-out-voz04--><br \/>\n<!--publicidad-voz05--><a href=\"https:\/\/www.facebook.com\/asociaciontamborileroshellin?locale=es_ES\"><img decoding=\"async\" class=\"alignnone size-medium\" src=\"https:\/\/blogger.googleusercontent.com\/img\/b\/R29vZ2xl\/AVvXsEhHEEpZsKK1VpwiYMrS7aE2ujtqIDZoLd4B5wtbiseSU9s2HdTdQfhF84So2XwEB1fv0BLw95GADm6hUl1bkKtzh-eIgVigXONuu_5RxeIMPhjk8q6uNX4EaEHbooKkbu7pCADWPpVJjhKIH5NQSJpWqedC-YBez4QAQeJYokkLot9bhrIaUAeztsGis6M\/s1600\/logo-principal3.jpg\" width=\"100%\" height=\"100\" \/><\/a><!--bestpublic-voz05--><!--desk-in-out-voz05--><br \/>\n<!--publicidad-voz06--><!--bestpublic-voz06--><!--desk-in-out-voz06--><br \/>\n<!--publicidad-voz07--><!--bestpublic-voz07--><!--desk-in-out-voz07--><br \/>\n<!--publicidad-voz08--><!--bestpublic-voz08--><!--desk-in-out-voz08--><br \/>\n<!--publicidad-voz09--><!--bestpublic-voz09--><!--desk-in-out-voz09--><br \/>\n<!--publicidad-voz10--><!--bestpublic-voz10--><!--desk-in-out-voz10--><br \/>\n<!--publicidad-voz11--><!--bestpublic-voz11--><!--desk-in-out-voz11--><br \/>\n<!--publicidad-voz12--><!--bestpublic-voz12--><!--desk-in-out-voz12--><br \/>\n<!--publicidad-voz13--><!--bestpublic-voz13--><!--desk-in-out-voz13--><br \/>\n<!--publicidad-voz14--><!--bestpublic-voz14--><!--desk-in-out-voz14--><br \/>\n<!--publicidad-voz15--><!--bestpublic-voz15--><!--desk-in-out-voz15--><br \/>\n<!--publicidad-voz16--><!--bestpublic-voz16--><!--desk-in-out-voz16--><\/p>\n","protected":false},"excerpt":{"rendered":"<p>Operaci\u00f3n especial de Polic\u00eda Local que interviene m\u00e1s de 450 prendas falsificadas en el mercadillo de los mi\u00e9rcoles.<\/p>\n","protected":false},"author":2,"featured_media":151283,"comment_status":"closed","ping_status":"closed","sticky":false,"template":"","format":"standard","meta":{"footnotes":""},"categories":[755,718,715,716,717],"tags":[],"class_list":["post-151282","post","type-post","status-publish","format-standard","has-post-thumbnail","hentry","category-blog-lv036","category-blogger","category-la-voz-de-hellin","category-la-voz-de-hellin-la-voz-de-hellin","category-noticias"],"_links":{"self":[{"href":"https:\/\/lavozdehellin.com\/noticias\/wp-json\/wp\/v2\/posts\/151282","targetHints":{"allow":["GET"]}}],"collection":[{"href":"https:\/\/lavozdehellin.com\/noticias\/wp-json\/wp\/v2\/posts"}],"about":[{"href":"https:\/\/lavozdehellin.com\/noticias\/wp-json\/wp\/v2\/types\/post"}],"author":[{"embeddable":true,"href":"https:\/\/lavozdehellin.com\/noticias\/wp-json\/wp\/v2\/users\/2"}],"replies":[{"embeddable":true,"href":"https:\/\/lavozdehellin.com\/noticias\/wp-json\/wp\/v2\/comments?post=151282"}],"version-history":[{"count":0,"href":"https:\/\/lavozdehellin.com\/noticias\/wp-json\/wp\/v2\/posts\/151282\/revisions"}],"wp:featuredmedia":[{"embeddable":true,"href":"https:\/\/lavozdehellin.com\/noticias\/wp-json\/wp\/v2\/media\/151283"}],"wp:attachment":[{"href":"https:\/\/lavozdehellin.com\/noticias\/wp-json\/wp\/v2\/media?parent=151282"}],"wp:term":[{"taxonomy":"category","embeddable":true,"href":"https:\/\/lavozdehellin.com\/noticias\/wp-json\/wp\/v2\/categories?post=151282"},{"taxonomy":"post_tag","embeddable":true,"href":"https:\/\/lavozdehellin.com\/noticias\/wp-json\/wp\/v2\/tags?post=151282"}],"curies":[{"name":"wp","href":"https:\/\/api.w.org\/{rel}","templated":true}]}}