{"id":151285,"date":"2024-06-21T09:37:40","date_gmt":"2024-06-21T07:37:40","guid":{"rendered":"https:\/\/lavozdehellin.com\/noticias\/?p=151285"},"modified":"2024-06-24T20:45:33","modified_gmt":"2024-06-24T18:45:33","slug":"v08-780-tobarra-abre-el-circuito-ferlabs-la-segunda-parte-del-calendario","status":"publish","type":"post","link":"https:\/\/lavozdehellin.com\/noticias\/v08-780-tobarra-abre-el-circuito-ferlabs-la-segunda-parte-del-calendario\/","title":{"rendered":"LVH NOTICIAS | TOBARRA ABRE EL \u2018CIRCUITO FERLABS\u2019, LA SEGUNDA PARTE DEL CALENDARIO"},"content":{"rendered":"<p style=\"text-align: justify;\">Circuito de Diputaci\u00f3n \u2018Ferlabs\u2019<\/p>\n<p><!--more--><br \/>\n<!--publicidad-voz01--><a href=\"https:\/\/www.facebook.com\/SoloRadioHellin\/?locale=es_ES\"><img decoding=\"async\" class=\"alignnone size-medium\" src=\"https:\/\/blogger.googleusercontent.com\/img\/b\/R29vZ2xl\/AVvXsEiNncirNnyGedv00mhjZjh5Wl4_YPdJGanoAl8tL8zH-HwqE8uHqjEfSt340RHdx-9tuCSIkZ8rFamZiGyYlgDGxCsmXjCH_1xk5eYM3ntFZRvJP_jndOKR7w1UAo9Tu0vrZyOLfqRpHIxYI5SymJJ-pfGCQw6QVpggBH-UgfjiFQ2JOxqxG0Jx94kW83c\/s1600\/logo-principal.jpg\" width=\"100%\" height=\"100\" \/><\/a><!--bestpublic-voz01--><!--desk-in-out-voz01--><br \/>\n<!--publicidad-voz02--><a href=\"https:\/\/www.hellincf.com\/\"><img decoding=\"async\" class=\"alignnone size-medium\" src=\"https:\/\/blogger.googleusercontent.com\/img\/b\/R29vZ2xl\/AVvXsEhuZ4-XfBVj3UtdP8-RZugy3WVrg-Zv28c53m4oV47qYCxL1rX_dqWX_YddsGSnpH5SRDqZ7bZeKPIfDVCDncpjVlhy3aQs2vojcJBn7Gdv9hC2_Nzct_pRFrnFE1a7KTCdY1bT_kAgnY3-iadRZrGeJf1fR2P5fu11bokx0pWjaypoy-ctwCjklldpEbA\/s1600\/logo-principal7.jpg\" width=\"100%\" height=\"100\" \/><\/a><!--bestpublic-voz02--><!--desk-in-out-voz02--><\/p>\n<p style=\"text-align: justify;\">Tobarra abre el \u2018Circuito Ferlabs\u2019, la segunda parte del calendario<\/p>\n<p style=\"text-align: justify;\">La XX Carrera Popular \u2018Cuna del Tambor\u2019 se celebra este s\u00e1bado a partir de las 20:00 horas sobre una distancia de 10.000 metros<\/p>\n<p style=\"text-align: justify;\">El XXIII Circuito Provincial de Carreras Populares que organiza la Diputaci\u00f3n de Albacete abrir\u00e1 la segunda parte de su calendario en la localidad de Tobarra. Ser\u00e1 el inicio del denominado \u2018Circuito Ferlabs\u2019 con las 23 competiciones restantes hasta la finalizaci\u00f3n del Circuito Provincial el pr\u00f3ximo mes de diciembre con la \u00faltima prueba en Navas de Jorquera.<\/p>\n<p style=\"text-align: justify;\">La XX Carrera Popular \u2018Cuna del Tambor\u2019 Villa de Tobarra se celebrar\u00e1 este s\u00e1bado d\u00eda 22 de junio, a las 20:00 horas, con salida en el Paseo Pr\u00edncipe de Asturias y meta en la Avenida de la Constituci\u00f3n. Ser\u00e1 la 23\u00aa cita del Circuito Provincial, con una participaci\u00f3n superior a los 300 corredores, y contar\u00e1 de forma paralela con la VI Carrera de Iniciaci\u00f3n.<\/p>\n<p style=\"text-align: justify;\">Tras varios cambios en la distancia, Tobarra est\u00e1 consolidando su prueba sobre un recorrido de 10.000 metros. Atr\u00e1s quedan ya los a\u00f1os en los que esta prueba se disput\u00f3 sobre una distancia de Media Marat\u00f3n (ocho primeras ediciones) o los cinco a\u00f1os con un recorrido de 14 kil\u00f3metros.<\/p>\n<p style=\"text-align: justify;\">Estos 10.000 metros de la Carrera Popular de Tobarra se dividen en dos vueltas a un circuito urbano pr\u00e1cticamente asfaltado en su totalidad, a excepci\u00f3n de unos metros que discurrir\u00e1n por la zona verde de \u2018La Granja\u2019. La primera de ellas, de 5.700 metros, ser\u00e1 la distancia que recorran los atletas que han optado por la modalidad de Iniciaci\u00f3n. La segunda vuelta es algo m\u00e1s corta, con los 4.300 metros restantes hasta completar los 10 kil\u00f3metros del trazado.<\/p>\n<p style=\"text-align: justify;\">En la primera vuelta, tras la salida, los atletas recorrer\u00e1n un kil\u00f3metro aproximadamente por el centro de la localidad para despu\u00e9s iniciar una subida tendida y progresiva, con alg\u00fan descanso, hasta llegar a la zona verde de \u2018La Granja\u2019. Una vez all\u00ed recorrer\u00e1n la zona para salir de nuevo a las calles del pueblo y comenzar una bajada muy tendida hasta llegar a la Plaza de Espa\u00f1a (Ayuntamiento), por donde girar\u00e1n para seguir en direcci\u00f3n al Monumento al Tambor, siguiendo el mismo recorrido que en ediciones anteriores para una vez sobrepasado el monumento llegar al punto de salida nuevamente.<\/p>\n<p style=\"text-align: justify;\">La segunda vuelta ser\u00e1 pr\u00e1cticamente igual que la primera con la salvedad de que dar\u00e1n una vuelta al boulevard de la Avenida de la Constituci\u00f3n para seguir la direcci\u00f3n de la primera vuelta. El final de la prueba tendr\u00e1 lugar en la misma Avenida de la Constituci\u00f3n.<\/p>\n<p style=\"text-align: justify;\">Los tres primeros clasificados de la general recibir\u00e1n un jam\u00f3n (1\u00ba clasificado) y embutido (2\u00ba y 3\u00ba clasificado), mientras que habr\u00e1 medallas para los tres primeros de cada una de las categor\u00edas. En la clasificaci\u00f3n local, el 1\u00ba recibir\u00e1 embutido y trofeo, mientras que 2\u00ba y 3\u00ba se llevar\u00e1n un trofeo. Habr\u00e1 un jam\u00f3n para el club m\u00e1s numeroso en la prueba. En la Carrera de Iniciaci\u00f3n recibir\u00e1n medallas los tres primeros clasificados de la general, tanto masculina como femenina. No faltar\u00e1 el Premio de la Hermandad de Donantes de Sangre al corredor\/a que ocupe el puesto 71.<\/p>\n<p style=\"text-align: justify;\">En cuanto al palmar\u00e9s de Tobarra, si tenemos en cuenta las seis ediciones ya celebradas sobre la distancia de 10 kil\u00f3metros, Andr\u00e9s Mic\u00f3 y Eva Moreno son los dos atletas que han repetido triunfo al subir a lo m\u00e1s alto del p\u00f3dium en dos ocasiones. El resto de ganadores han sido Juan Carlos Hern\u00e1ndez, Jes\u00fas \u00c1ngel Rodr\u00edguez, Miguel \u00c1ngel Torrecilla, Jos\u00e9 Antonio Hern\u00e1ndez Navajas, M\u00aa Elena Ruiz Nieva, Laura Villar, M\u00aa \u00c1ngeles Mag\u00e1n y M\u00aa Carmen Risue\u00f1o.<\/p>\n<p><!--publicidad-voz03--><a href=\"https:\/\/www.facebook.com\/profile.php?id=100063593791305&amp;locale=es_ES\"><img decoding=\"async\" class=\"alignnone size-medium\" src=\"https:\/\/blogger.googleusercontent.com\/img\/b\/R29vZ2xl\/AVvXsEi8_n_ll8UOcGxCqzFvb_9Io4ICczlGC990BPtPj2w9Px-u7B3oqWUW5vtjZUqPNJ-nyjiUIorE0ATsib_l5tV8BVN-UJ03RTnU__IHJF_4DgDBtY4LIqXNG-FomrO-7ywes20CBCRM2Hcm7EJSh3UUw1dO-c_uTflUrtgY1i7uBRezj_DpympmEFkfbQY\/s1600\/logo-principal2.jpg\" width=\"100%\" height=\"100\" \/><\/a><!--bestpublic-voz03--><!--desk-in-out-voz03--><br \/>\n<!--publicidad-voz04--><a href=\"https:\/\/www.facebook.com\/profile.php?id=61557370768692&amp;locale=es_ES\"><img decoding=\"async\" class=\"alignnone size-medium\" src=\"https:\/\/blogger.googleusercontent.com\/img\/b\/R29vZ2xl\/AVvXsEgy5RdcfffrnrItnYTcV9bCJjgJwldsQLWssfVfrLbyfXeBNTFKgBf0rMIvhrUaGUhiXzVr9_eQgCbi-j63ZDpfTvLIty9w7s140y-m1yHe7eKmEK7v2NAHUJDVYGdfeiQFeRCqUjdwWmN1MX_AUxxz4IVdJ4WIM0APxit8bjWkXzrnEFGqBvW_1F13H1g\/s1600\/logo-principal5.jpg\" width=\"100%\" height=\"100\" \/><\/a><!--bestpublic-voz04--><!--desk-in-out-voz04--><br \/>\n<!--publicidad-voz05--><a href=\"https:\/\/www.facebook.com\/asociaciontamborileroshellin?locale=es_ES\"><img decoding=\"async\" class=\"alignnone size-medium\" src=\"https:\/\/blogger.googleusercontent.com\/img\/b\/R29vZ2xl\/AVvXsEhHEEpZsKK1VpwiYMrS7aE2ujtqIDZoLd4B5wtbiseSU9s2HdTdQfhF84So2XwEB1fv0BLw95GADm6hUl1bkKtzh-eIgVigXONuu_5RxeIMPhjk8q6uNX4EaEHbooKkbu7pCADWPpVJjhKIH5NQSJpWqedC-YBez4QAQeJYokkLot9bhrIaUAeztsGis6M\/s1600\/logo-principal3.jpg\" width=\"100%\" height=\"100\" \/><\/a><!--bestpublic-voz05--><!--desk-in-out-voz05--><br \/>\n<!--publicidad-voz06--><!--bestpublic-voz06--><!--desk-in-out-voz06--><br \/>\n<!--publicidad-voz07--><!--bestpublic-voz07--><!--desk-in-out-voz07--><br \/>\n<!--publicidad-voz08--><!--bestpublic-voz08--><!--desk-in-out-voz08--><br \/>\n<!--publicidad-voz09--><!--bestpublic-voz09--><!--desk-in-out-voz09--><br \/>\n<!--publicidad-voz10--><!--bestpublic-voz10--><!--desk-in-out-voz10--><br \/>\n<!--publicidad-voz11--><!--bestpublic-voz11--><!--desk-in-out-voz11--><br \/>\n<!--publicidad-voz12--><!--bestpublic-voz12--><!--desk-in-out-voz12--><br \/>\n<!--publicidad-voz13--><!--bestpublic-voz13--><!--desk-in-out-voz13--><br \/>\n<!--publicidad-voz14--><!--bestpublic-voz14--><!--desk-in-out-voz14--><br \/>\n<!--publicidad-voz15--><!--bestpublic-voz15--><!--desk-in-out-voz15--><br \/>\n<!--publicidad-voz16--><!--bestpublic-voz16--><!--desk-in-out-voz16--><\/p>\n","protected":false},"excerpt":{"rendered":"<p>Circuito de Diputaci\u00f3n \u2018Ferlabs\u2019<\/p>\n","protected":false},"author":2,"featured_media":151286,"comment_status":"closed","ping_status":"closed","sticky":false,"template":"","format":"standard","meta":{"footnotes":""},"categories":[755,718,715,716,717],"tags":[],"class_list":["post-151285","post","type-post","status-publish","format-standard","has-post-thumbnail","hentry","category-blog-lv036","category-blogger","category-la-voz-de-hellin","category-la-voz-de-hellin-la-voz-de-hellin","category-noticias"],"_links":{"self":[{"href":"https:\/\/lavozdehellin.com\/noticias\/wp-json\/wp\/v2\/posts\/151285","targetHints":{"allow":["GET"]}}],"collection":[{"href":"https:\/\/lavozdehellin.com\/noticias\/wp-json\/wp\/v2\/posts"}],"about":[{"href":"https:\/\/lavozdehellin.com\/noticias\/wp-json\/wp\/v2\/types\/post"}],"author":[{"embeddable":true,"href":"https:\/\/lavozdehellin.com\/noticias\/wp-json\/wp\/v2\/users\/2"}],"replies":[{"embeddable":true,"href":"https:\/\/lavozdehellin.com\/noticias\/wp-json\/wp\/v2\/comments?post=151285"}],"version-history":[{"count":0,"href":"https:\/\/lavozdehellin.com\/noticias\/wp-json\/wp\/v2\/posts\/151285\/revisions"}],"wp:featuredmedia":[{"embeddable":true,"href":"https:\/\/lavozdehellin.com\/noticias\/wp-json\/wp\/v2\/media\/151286"}],"wp:attachment":[{"href":"https:\/\/lavozdehellin.com\/noticias\/wp-json\/wp\/v2\/media?parent=151285"}],"wp:term":[{"taxonomy":"category","embeddable":true,"href":"https:\/\/lavozdehellin.com\/noticias\/wp-json\/wp\/v2\/categories?post=151285"},{"taxonomy":"post_tag","embeddable":true,"href":"https:\/\/lavozdehellin.com\/noticias\/wp-json\/wp\/v2\/tags?post=151285"}],"curies":[{"name":"wp","href":"https:\/\/api.w.org\/{rel}","templated":true}]}}