{"id":151294,"date":"2024-06-24T11:38:03","date_gmt":"2024-06-24T09:38:03","guid":{"rendered":"https:\/\/lavozdehellin.com\/noticias\/?p=151294"},"modified":"2024-06-24T20:45:25","modified_gmt":"2024-06-24T18:45:25","slug":"v08-783-manuel-martinez-gil-regresa-con-victoria-al-circuito-provincial-de-btt","status":"publish","type":"post","link":"https:\/\/lavozdehellin.com\/noticias\/v08-783-manuel-martinez-gil-regresa-con-victoria-al-circuito-provincial-de-btt\/","title":{"rendered":"LVH NOTICIAS | MANUEL MART\u00cdNEZ GIL REGRESA CON VICTORIA AL CIRCUITO PROVINCIAL DE BTT"},"content":{"rendered":"<p style=\"text-align: justify;\">Manuel Mart\u00ednez Gil regresa con victoria al Circuito Provincial de BTT<\/p>\n<p><!--more--><br \/>\n<!--publicidad-voz01--><a href=\"https:\/\/www.facebook.com\/SoloRadioHellin\/?locale=es_ES\"><img decoding=\"async\" class=\"alignnone size-medium\" src=\"https:\/\/blogger.googleusercontent.com\/img\/b\/R29vZ2xl\/AVvXsEiNncirNnyGedv00mhjZjh5Wl4_YPdJGanoAl8tL8zH-HwqE8uHqjEfSt340RHdx-9tuCSIkZ8rFamZiGyYlgDGxCsmXjCH_1xk5eYM3ntFZRvJP_jndOKR7w1UAo9Tu0vrZyOLfqRpHIxYI5SymJJ-pfGCQw6QVpggBH-UgfjiFQ2JOxqxG0Jx94kW83c\/s1600\/logo-principal.jpg\" width=\"100%\" height=\"100\" \/><\/a><!--bestpublic-voz01--><!--desk-in-out-voz01--><br \/>\n<!--publicidad-voz02--><a href=\"https:\/\/www.hellincf.com\/\"><img decoding=\"async\" class=\"alignnone size-medium\" src=\"https:\/\/blogger.googleusercontent.com\/img\/b\/R29vZ2xl\/AVvXsEhuZ4-XfBVj3UtdP8-RZugy3WVrg-Zv28c53m4oV47qYCxL1rX_dqWX_YddsGSnpH5SRDqZ7bZeKPIfDVCDncpjVlhy3aQs2vojcJBn7Gdv9hC2_Nzct_pRFrnFE1a7KTCdY1bT_kAgnY3-iadRZrGeJf1fR2P5fu11bokx0pWjaypoy-ctwCjklldpEbA\/s1600\/logo-principal7.jpg\" width=\"100%\" height=\"100\" \/><\/a><!--bestpublic-voz02--><!--desk-in-out-voz02--><\/p>\n<p style=\"text-align: justify;\">Irene Mart\u00ed Davia suma en Nerpio su segundo triunfo consecutivo. Sin cambios en la clasificaci\u00f3n general del Circuito<\/p>\n<p style=\"text-align: justify;\">Manuel Mart\u00ednez Gil (Olispania Faster Team) e Irene Mart\u00ed Davia (Faster Global Team) ganaron la Prueba BTT \u2018Parque Cultural\u2019 de Nerpio, 19\u00aa cita de la temporada en el XVII Circuito Provincial de BTT organizado por la Diputaci\u00f3n de Albacete.<\/p>\n<p style=\"text-align: justify;\">Un centenar de corredores tom\u00f3 la salida desde la Calle Carretera Caravaca para recorrer los 36 kil\u00f3metros de distancia del trazado largo o los 16\u20195 kil\u00f3metros del recorrido corto, en la tercera prueba catalogada como \u2018monta\u00f1a\u2019 del calendario de este a\u00f1o, segunda de forma consecutiva.<\/p>\n<p style=\"text-align: justify;\">Regres\u00f3 al Circuito Provincial el campe\u00f3n del a\u00f1o pasado, Manuel Mart\u00ednez Gil, que hasta la fecha no hab\u00eda corrido ninguna de las pruebas anteriores. Y lo hizo a lo grande, subiendo a lo m\u00e1s alto del p\u00f3dium. El corredor murciano comparti\u00f3 la victoria en meta con su compa\u00f1ero Pedro Jos\u00e9 Alcaraz, entrando juntos, pero la alfombra de cronometraje determin\u00f3 el triunfo para el dorsal n\u00famero 1.<\/p>\n<p style=\"text-align: justify;\">Antes de este desenlace, la primera selecci\u00f3n importante de la prueba lleg\u00f3 con la primera subida, cuando se rompi\u00f3 el grupo y unos siete corredores se quedaron en cabeza. Con el paso de los kil\u00f3metros el grupo fue perdiendo unidades. A su paso por la zona del pantano, Pedro Jos\u00e9 Alcaraz se march\u00f3 por delante, una ventaja que finalmente neutraliz\u00f3 su compa\u00f1ero de equipo Manuel Mart\u00ednez a la altura del Camping Las Nogueras. Ya juntos en cabeza de carrera, ambos avanzaron hacia la l\u00ednea de meta y no disputaron el sprint, por lo que simplemente fue el chip de cronometraje el que certific\u00f3 sus posiciones en meta.<\/p>\n<p style=\"text-align: justify;\">Por detr\u00e1s, Javier Jim\u00e9nez se hizo con la tercera posici\u00f3n de la carrera, a un minuto y veinte segundos de distancia. Iv\u00e1n Carrasco fue cuarto, mientras que la quinta posici\u00f3n la ocup\u00f3 Pedro Antonio Palaz\u00f3n.<\/p>\n<p style=\"text-align: justify;\">En la categor\u00eda femenina, al igual que ya ocurri\u00f3 la pasada semana en Yeste, se vivi\u00f3 una bonita pugna por el triunfo entre Irene Mart\u00ed y Maril\u00f3 Herrera, que nuevamente cay\u00f3 del lado de la corredora del Faster Global Team, que suma as\u00ed su segunda victoria de la temporada. El tercer caj\u00f3n del p\u00f3dium fue para Ana Carolina Gonz\u00e1lez, con Marta Ju\u00e1rez y Sandra Jim\u00e9nez cerrando el Top 5 de esta prueba.<\/p>\n<p style=\"text-align: justify;\">En la clasificaci\u00f3n general del Circuito Provincial no hay cambios. Iv\u00e1n Carrasco Fern\u00e1ndez (Ferlo Factory Racing), con su cuarta posici\u00f3n, mantiene el maillot rojo de l\u00edder, al igual que Luc\u00eda Navarro Cuesta (Bicicletas El Hellinero Acecho).<\/p>\n<p style=\"text-align: justify;\">En el recorrido corto, los ganadores fueron Mario Alc\u00e1ntara Aroca (Northbike Team) y Raquel De la Raya Belmonte (Independiente). Pedro Ram\u00edrez Sevilla (Manzanares Team Factory) fue el campe\u00f3n junior. En parejas mixtas, los vencedores fueron Ana Carolina Gonz\u00e1lez L\u00f3pez (Pafgio Cycling Team) y \u00c1lvaro Palao Garc\u00eda (La Pur\u00edsima Team Yecla). El premio a la posici\u00f3n 71 en meta, cedido por la Hermandad de Donantes de Sangre de Albacete, fue para Marta Ju\u00e1rez Garc\u00eda (Adventure Bike Racing Team).<\/p>\n<p style=\"text-align: justify;\">Siguiente cita, Bienservida<\/p>\n<p style=\"text-align: justify;\">El XVII Circuito Provincial regresar\u00e1 dentro de dos fines de semana con la prueba BTT de Bienservida, que se celebrar\u00e1 el domingo d\u00eda 7 de julio con una distancia de 38 kil\u00f3metros para el trazado principal y 18 kil\u00f3metros para el recorrido Rural Bike. La salida ser\u00e1 a las 09:30 horas desde la Calle La Calzada. El plazo de inscripci\u00f3n para esta prueba est\u00e1 abierto hasta el mi\u00e9rcoles d\u00eda 3 de julio a las 14:00 horas.<\/p>\n<p style=\"text-align: justify;\">Antes de Bienservida estaba prevista la celebraci\u00f3n, el pr\u00f3ximo fin de semana, de la prueba BTT de F\u00e9rez, pero el Ayuntamiento de la localidad ha decidido cancelar dicha competici\u00f3n.<\/p>\n<p style=\"text-align: justify;\">CLASIFICACIONES NERPIO 2024<\/p>\n<p style=\"text-align: justify;\">Clasificaci\u00f3n masculina<\/p>\n<p style=\"text-align: justify;\">NOMBRE EQUIPO TIEMPO<\/p>\n<p style=\"text-align: justify;\">1-. Manuel Mart\u00ednez Gil (Olispania Faster Team) 1h42\u201959\u2019\u2019<\/p>\n<p style=\"text-align: justify;\">2-. Pedro Jos\u00e9 Alcaraz Pujante (Olispania Faster Team) 1h42\u201959\u2019\u2019<\/p>\n<p style=\"text-align: justify;\">3-. Javier Jim\u00e9nez Cuenca (Motorbike Moya \u2013 \u00d3ptica Berna) 1h44\u201919\u2019\u2019<\/p>\n<p style=\"text-align: justify;\">4-. Iv\u00e1n Carrasco Fern\u00e1ndez (Ferlo Factory Racing) 1h46\u201944\u2019\u2019<\/p>\n<p style=\"text-align: justify;\">5-. Pedro A. Palaz\u00f3n Lozano (Murcia Pro Team) 1h46\u201944\u2019\u2019<\/p>\n<p style=\"text-align: justify;\">Clasificaci\u00f3n femenina<\/p>\n<p style=\"text-align: justify;\">NOMBRE EQUIPO TIEMPO<\/p>\n<p style=\"text-align: justify;\">1-. Irene Mart\u00ed Davia (Faster Global Team) 2h21\u201958\u2019\u2019<\/p>\n<p style=\"text-align: justify;\">2-. Maril\u00f3 Herrera Poyatos (Independiente) 2h24\u201922\u2019\u2019<\/p>\n<p style=\"text-align: justify;\">3-. Ana Carolina Gzlez. L\u00f3pez (Pafgio Cycling Team) 2h48\u201944\u2019\u2019<\/p>\n<p style=\"text-align: justify;\">4-. Marta Ju\u00e1rez Garc\u00eda (Adventure Bike Racing) 2h54\u201910\u2019\u2019<\/p>\n<p style=\"text-align: justify;\">5-. Sandra Jim\u00e9nez Felipe (C.C. Ciclos Vicea) 2h56\u201939\u2019\u2019<\/p>\n<p><!--publicidad-voz03--><a href=\"https:\/\/www.facebook.com\/profile.php?id=100063593791305&amp;locale=es_ES\"><img decoding=\"async\" class=\"alignnone size-medium\" src=\"https:\/\/blogger.googleusercontent.com\/img\/b\/R29vZ2xl\/AVvXsEi8_n_ll8UOcGxCqzFvb_9Io4ICczlGC990BPtPj2w9Px-u7B3oqWUW5vtjZUqPNJ-nyjiUIorE0ATsib_l5tV8BVN-UJ03RTnU__IHJF_4DgDBtY4LIqXNG-FomrO-7ywes20CBCRM2Hcm7EJSh3UUw1dO-c_uTflUrtgY1i7uBRezj_DpympmEFkfbQY\/s1600\/logo-principal2.jpg\" width=\"100%\" height=\"100\" \/><\/a><!--bestpublic-voz03--><!--desk-in-out-voz03--><br \/>\n<!--publicidad-voz04--><a href=\"https:\/\/www.facebook.com\/profile.php?id=61557370768692&amp;locale=es_ES\"><img decoding=\"async\" class=\"alignnone size-medium\" src=\"https:\/\/blogger.googleusercontent.com\/img\/b\/R29vZ2xl\/AVvXsEgy5RdcfffrnrItnYTcV9bCJjgJwldsQLWssfVfrLbyfXeBNTFKgBf0rMIvhrUaGUhiXzVr9_eQgCbi-j63ZDpfTvLIty9w7s140y-m1yHe7eKmEK7v2NAHUJDVYGdfeiQFeRCqUjdwWmN1MX_AUxxz4IVdJ4WIM0APxit8bjWkXzrnEFGqBvW_1F13H1g\/s1600\/logo-principal5.jpg\" width=\"100%\" height=\"100\" \/><\/a><!--bestpublic-voz04--><!--desk-in-out-voz04--><br \/>\n<!--publicidad-voz05--><a href=\"https:\/\/www.facebook.com\/asociaciontamborileroshellin?locale=es_ES\"><img decoding=\"async\" class=\"alignnone size-medium\" src=\"https:\/\/blogger.googleusercontent.com\/img\/b\/R29vZ2xl\/AVvXsEhHEEpZsKK1VpwiYMrS7aE2ujtqIDZoLd4B5wtbiseSU9s2HdTdQfhF84So2XwEB1fv0BLw95GADm6hUl1bkKtzh-eIgVigXONuu_5RxeIMPhjk8q6uNX4EaEHbooKkbu7pCADWPpVJjhKIH5NQSJpWqedC-YBez4QAQeJYokkLot9bhrIaUAeztsGis6M\/s1600\/logo-principal3.jpg\" width=\"100%\" height=\"100\" \/><\/a><!--bestpublic-voz05--><!--desk-in-out-voz05--><br \/>\n<!--publicidad-voz06--><!--bestpublic-voz06--><!--desk-in-out-voz06--><br \/>\n<!--publicidad-voz07--><!--bestpublic-voz07--><!--desk-in-out-voz07--><br \/>\n<!--publicidad-voz08--><!--bestpublic-voz08--><!--desk-in-out-voz08--><br \/>\n<!--publicidad-voz09--><!--bestpublic-voz09--><!--desk-in-out-voz09--><br \/>\n<!--publicidad-voz10--><!--bestpublic-voz10--><!--desk-in-out-voz10--><br \/>\n<!--publicidad-voz11--><!--bestpublic-voz11--><!--desk-in-out-voz11--><br \/>\n<!--publicidad-voz12--><!--bestpublic-voz12--><!--desk-in-out-voz12--><br \/>\n<!--publicidad-voz13--><!--bestpublic-voz13--><!--desk-in-out-voz13--><br \/>\n<!--publicidad-voz14--><!--bestpublic-voz14--><!--desk-in-out-voz14--><br \/>\n<!--publicidad-voz15--><!--bestpublic-voz15--><!--desk-in-out-voz15--><br \/>\n<!--publicidad-voz16--><!--bestpublic-voz16--><!--desk-in-out-voz16--><\/p>\n","protected":false},"excerpt":{"rendered":"<p>Manuel Mart\u00ednez Gil regresa con victoria al Circuito Provincial de BTT<\/p>\n","protected":false},"author":2,"featured_media":151295,"comment_status":"closed","ping_status":"closed","sticky":false,"template":"","format":"standard","meta":{"footnotes":""},"categories":[755,718,715,716,717],"tags":[],"class_list":["post-151294","post","type-post","status-publish","format-standard","has-post-thumbnail","hentry","category-blog-lv036","category-blogger","category-la-voz-de-hellin","category-la-voz-de-hellin-la-voz-de-hellin","category-noticias"],"_links":{"self":[{"href":"https:\/\/lavozdehellin.com\/noticias\/wp-json\/wp\/v2\/posts\/151294","targetHints":{"allow":["GET"]}}],"collection":[{"href":"https:\/\/lavozdehellin.com\/noticias\/wp-json\/wp\/v2\/posts"}],"about":[{"href":"https:\/\/lavozdehellin.com\/noticias\/wp-json\/wp\/v2\/types\/post"}],"author":[{"embeddable":true,"href":"https:\/\/lavozdehellin.com\/noticias\/wp-json\/wp\/v2\/users\/2"}],"replies":[{"embeddable":true,"href":"https:\/\/lavozdehellin.com\/noticias\/wp-json\/wp\/v2\/comments?post=151294"}],"version-history":[{"count":0,"href":"https:\/\/lavozdehellin.com\/noticias\/wp-json\/wp\/v2\/posts\/151294\/revisions"}],"wp:featuredmedia":[{"embeddable":true,"href":"https:\/\/lavozdehellin.com\/noticias\/wp-json\/wp\/v2\/media\/151295"}],"wp:attachment":[{"href":"https:\/\/lavozdehellin.com\/noticias\/wp-json\/wp\/v2\/media?parent=151294"}],"wp:term":[{"taxonomy":"category","embeddable":true,"href":"https:\/\/lavozdehellin.com\/noticias\/wp-json\/wp\/v2\/categories?post=151294"},{"taxonomy":"post_tag","embeddable":true,"href":"https:\/\/lavozdehellin.com\/noticias\/wp-json\/wp\/v2\/tags?post=151294"}],"curies":[{"name":"wp","href":"https:\/\/api.w.org\/{rel}","templated":true}]}}