{"id":151297,"date":"2024-06-24T11:41:00","date_gmt":"2024-06-24T09:41:00","guid":{"rendered":"https:\/\/lavozdehellin.com\/noticias\/?p=151297"},"modified":"2024-06-24T20:45:22","modified_gmt":"2024-06-24T18:45:22","slug":"v08-784-beatriz-roman-soriano-y-el-atleta-de-fuentealbilla-vencen-en-la-xx-carrera-popular-cuna-del-tambor-villa-de-tobarra","status":"publish","type":"post","link":"https:\/\/lavozdehellin.com\/noticias\/v08-784-beatriz-roman-soriano-y-el-atleta-de-fuentealbilla-vencen-en-la-xx-carrera-popular-cuna-del-tambor-villa-de-tobarra\/","title":{"rendered":"LVH NOTICIAS | BEATRIZ ROM\u00c1N SORIANO Y EL ATLETA DE FUENTEALBILLA VENCEN EN LA XX CARRERA POPULAR \u2018CUNA DEL TAMBOR\u2019 VILLA DE TOBARRA"},"content":{"rendered":"<p style=\"text-align: justify;\">Circuito de Diputaci\u00f3n \u2018Ferlabs\u2019<\/p>\n<p><!--more--><br \/>\n<!--publicidad-voz01--><a href=\"https:\/\/www.facebook.com\/SoloRadioHellin\/?locale=es_ES\"><img decoding=\"async\" class=\"alignnone size-medium\" src=\"https:\/\/blogger.googleusercontent.com\/img\/b\/R29vZ2xl\/AVvXsEiNncirNnyGedv00mhjZjh5Wl4_YPdJGanoAl8tL8zH-HwqE8uHqjEfSt340RHdx-9tuCSIkZ8rFamZiGyYlgDGxCsmXjCH_1xk5eYM3ntFZRvJP_jndOKR7w1UAo9Tu0vrZyOLfqRpHIxYI5SymJJ-pfGCQw6QVpggBH-UgfjiFQ2JOxqxG0Jx94kW83c\/s1600\/logo-principal.jpg\" width=\"100%\" height=\"100\" \/><\/a><!--bestpublic-voz01--><!--desk-in-out-voz01--><br \/>\n<!--publicidad-voz02--><a href=\"https:\/\/www.hellincf.com\/\"><img decoding=\"async\" class=\"alignnone size-medium\" src=\"https:\/\/blogger.googleusercontent.com\/img\/b\/R29vZ2xl\/AVvXsEhuZ4-XfBVj3UtdP8-RZugy3WVrg-Zv28c53m4oV47qYCxL1rX_dqWX_YddsGSnpH5SRDqZ7bZeKPIfDVCDncpjVlhy3aQs2vojcJBn7Gdv9hC2_Nzct_pRFrnFE1a7KTCdY1bT_kAgnY3-iadRZrGeJf1fR2P5fu11bokx0pWjaypoy-ctwCjklldpEbA\/s1600\/logo-principal7.jpg\" width=\"100%\" height=\"100\" \/><\/a><!--bestpublic-voz02--><!--desk-in-out-voz02--><\/p>\n<p style=\"text-align: justify;\">Jos\u00e9 Antonio Hern\u00e1ndez llega a la docena de victorias esta temporada<\/p>\n<p style=\"text-align: justify;\">Beatriz Rom\u00e1n Soriano y el atleta de Fuentealbilla vencen en la XX Carrera Popular \u2018Cuna del Tambor\u2019 Villa de Tobarra<\/p>\n<p style=\"text-align: justify;\">Jos\u00e9 Antonio Hern\u00e1ndez Navajas (Club de Atletismo Tres Leguas de Villamalea) lleg\u00f3 a la docena de victorias en el XXIII Circuito Provincial de Carreras Populares que organiza la Diputaci\u00f3n de Albacete. El atleta de Fuentealbilla gan\u00f3 la XX Carrera Popular \u2018Cuna del Tambor\u2019 Villa de Tobarra, 23\u00aa cita del Circuito Provincial y primera del denominado \u2018Circuito Ferlabs\u2019 que engloba la segunda parte de la temporada. En la categor\u00eda femenina Beatriz Rom\u00e1n Soriano (Club de Atletismo C\u00e1rnicas Serrano) estren\u00f3 su casillero de triunfos en esta edici\u00f3n.<\/p>\n<p style=\"text-align: justify;\">La XX Carrera Popular \u2018Cuna del Tambor\u2019 Villa de Tobarra registr\u00f3 un total de 284 atletas en la l\u00ednea de meta, en una carrera con una perfecta organizaci\u00f3n, un gran ambiente y quiz\u00e1s excesivo calor, sobre todo en la primera parte de la prueba. No obstante, el aperitivo final sirvi\u00f3 para reponer fuerzas mientras los atletas comentaban el devenir de la jornada.<\/p>\n<p style=\"text-align: justify;\">La carrera, de 10 kil\u00f3metros de distancia, pr\u00e1cticamente qued\u00f3 decidida en los 5.700 metros de la primera vuelta, pues en ese momento Hern\u00e1ndez Navajas, que ya gan\u00f3 en Tobarra en 2023, aventajaba en casi medio minuto a \u00d3scar V\u00edllora, mientras que la renta de Beatriz Rom\u00e1n en ese momento era superior al minuto con respecto a sus perseguidoras. Pero ninguno de los dos baj\u00f3 el ritmo en la segunda vuelta, sino que incluso aumentaron su renta en la l\u00ednea de meta.<\/p>\n<p style=\"text-align: justify;\">En la categor\u00eda masculina, con los dos primeros puestos bastante claros para Jos\u00e9 Antonio Hern\u00e1ndez y \u00d3scar V\u00edllora, la pugna estuvo emocionante por el tercer caj\u00f3n del p\u00f3dium. David S\u00e1nchez, corredor del equipo local, complet\u00f3 la primera vuelta en la tercera posici\u00f3n, pero en los kil\u00f3metros finales se vio superado por Miguel \u00c1ngel Huerta Felipe.<\/p>\n<p style=\"text-align: justify;\">Tambi\u00e9n fue muy igualada la lucha por la segunda y tercera posici\u00f3n de la categor\u00eda femenina entre Gema Rodr\u00edguez y la corredora local Alba Ochoa. Solamente cinco segundos separaban a las dos atletas en la primera vuelta, por lo que la emoci\u00f3n se mantuvo pr\u00e1cticamente hasta los metros finales. Doce segundos de diferencia en meta otorgaban la segunda plaza a la joven corredora del C.A. Albacete-Diputaci\u00f3n.<\/p>\n<p style=\"text-align: justify;\">El Club de Atletismo Hell\u00edn fue el equipo m\u00e1s numeroso en esta prueba. El premio a la posici\u00f3n 71 en meta, cedido por la Hermandad de Donantes de Sangre de Albacete, fue para Sergio Azor\u00edn Gonz\u00e1lez (C.A. Hell\u00edn). El equipo local, el C.A. Tobarra, realiz\u00f3 un reconocimiento especial al veterano atleta Manuel Paterna Reina por su trayectoria deportiva.<\/p>\n<p style=\"text-align: justify;\">Tobarra celebr\u00f3 tambi\u00e9n la sexta edici\u00f3n de su Carrera de Iniciaci\u00f3n, con un recorrido de 5.700 metros. En esta prueba, el p\u00f3dium masculino fue para \u00d3scar Lencina Herrero (Independiente), Pedro Serrano de la Rosa (C.A. Hell\u00edn) y Sergio Gallardo Pay\u00e1 (Independiente). En la categor\u00eda femenina se impuso Miriam Soria Cotillas (Independiente), por delante de Isabel Taranc\u00f3n Carrasco (Independiente) y Beatriz Ruiz Mu\u00f1oz (C.A. Hell\u00edn).<\/p>\n<p style=\"text-align: justify;\">Fuente-\u00c1lamo, pr\u00f3xima parada<\/p>\n<p style=\"text-align: justify;\">La XXI Carrera Popular de Fuente-\u00c1lamo ser\u00e1 la siguiente cita en el XXIII Circuito Provincial de Carreras Populares que organiza la Diputaci\u00f3n de Albacete. Esta prueba propone una distancia de 10 kil\u00f3metros y arrancar\u00e1 a partir de las 20:00 horas del s\u00e1bado d\u00eda 29 de junio. Contar\u00e1 tambi\u00e9n con una Carrera de Iniciaci\u00f3n, con un recorrido de 5 kil\u00f3metros. Como es habitual, las inscripciones para esta cita de Fuente-\u00c1lamo est\u00e1n abiertas hasta el pr\u00f3ximo jueves a las 14:00 horas.<\/p>\n<p style=\"text-align: justify;\">CLASIFICACIONES XX CARRERA POPULAR DE TOBARRA<\/p>\n<p style=\"text-align: justify;\">&#8211; HOMBRES &#8211;<\/p>\n<p style=\"text-align: justify;\">Nombre Club Tiempo Ritmo<\/p>\n<p style=\"text-align: justify;\">1\u00ba.- J. Antonio Hern\u00e1ndez Navajas Tres Leguas Villamalea 32:44 3:16<\/p>\n<p style=\"text-align: justify;\">2\u00ba.- \u00d3scar V\u00edllora Mart\u00ednez 27 Agosto Madrigueras 33:44 3:22<\/p>\n<p style=\"text-align: justify;\">3\u00ba.- Miguel \u00c1ngel Huerta Felipe Triatl\u00f3n Albacete Res 34:57 3:30<\/p>\n<p style=\"text-align: justify;\">4\u00ba.- David S\u00e1nchez Pe\u00f1a C.A. Tobarra 35:20 3:32<\/p>\n<p style=\"text-align: justify;\">5\u00ba.- Jes\u00fas Narro Mi\u00f1ano San Blas Elche de la Sierra 35:43 3:34<\/p>\n<p style=\"text-align: justify;\">6\u00ba.- Bernardo Maestre S\u00e1nchez C.D. Atletas de Alpera 35:44 3:34<\/p>\n<p style=\"text-align: justify;\">7\u00ba.- Marcos Portaz Navarro Don Quijote Albacete 35:46 3:35<\/p>\n<p style=\"text-align: justify;\">8\u00ba.- Adri\u00e1n Mart\u00ednez Cava Independiente 35:53 3:35<\/p>\n<p style=\"text-align: justify;\">9\u00ba.- Agust\u00edn S\u00e1nchez Belmonte C.A. Hoya Gonzalo 35:58 3:36<\/p>\n<p style=\"text-align: justify;\">10\u00ba.- \u00c1ngel Cuartero Castillo C.A. Tarazona 36:06 3:37<\/p>\n<p style=\"text-align: justify;\">&#8211; MUJERES &#8211;<\/p>\n<p style=\"text-align: justify;\">Nombre Club Tiempo<\/p>\n<p style=\"text-align: justify;\">1\u00aa.- Beatriz Rom\u00e1n Soriano C.A. C\u00e1rnicas Serrano 40:35 4:04<\/p>\n<p style=\"text-align: justify;\">2\u00aa.- Gema Rodr\u00edguez S\u00e1nchez C.A. Albacete Diputaci\u00f3n 42:36 4:16<\/p>\n<p style=\"text-align: justify;\">3\u00aa.- Alba Ochoa Serrano Independiente 42:48 4:17<\/p>\n<p style=\"text-align: justify;\">4\u00aa.- Irene Requena Navarro CAYT Valdeganga 43:51 4:23<\/p>\n<p style=\"text-align: justify;\">5\u00aa.- Eva Moreno S\u00e1nchez C.A Hell\u00edn 44:23 4:26<\/p>\n<p style=\"text-align: justify;\">6\u00aa.- Conchi S\u00e1nchez Izquierdo GECI Running 46:54 4:41<\/p>\n<p style=\"text-align: justify;\">7\u00aa.- Alicia Cano L\u00f3pez Independiente 46:57 4:42<\/p>\n<p style=\"text-align: justify;\">8\u00aa.- Rosario Artigao S\u00e1nchez C.A. Chinchilla 49:15 4:56<\/p>\n<p style=\"text-align: justify;\">9\u00aa.- Anna Garc\u00eda Doroteo C.A. El Pinar \u2013 Ejevial 49:37 4:58<\/p>\n<p style=\"text-align: justify;\">10\u00aa.- Beatriz Navarro Mart\u00ednez Independiente 49:43 4:58<\/p>\n<p><!--publicidad-voz03--><a href=\"https:\/\/www.facebook.com\/profile.php?id=100063593791305&amp;locale=es_ES\"><img decoding=\"async\" class=\"alignnone size-medium\" src=\"https:\/\/blogger.googleusercontent.com\/img\/b\/R29vZ2xl\/AVvXsEi8_n_ll8UOcGxCqzFvb_9Io4ICczlGC990BPtPj2w9Px-u7B3oqWUW5vtjZUqPNJ-nyjiUIorE0ATsib_l5tV8BVN-UJ03RTnU__IHJF_4DgDBtY4LIqXNG-FomrO-7ywes20CBCRM2Hcm7EJSh3UUw1dO-c_uTflUrtgY1i7uBRezj_DpympmEFkfbQY\/s1600\/logo-principal2.jpg\" width=\"100%\" height=\"100\" \/><\/a><!--bestpublic-voz03--><!--desk-in-out-voz03--><br \/>\n<!--publicidad-voz04--><a href=\"https:\/\/www.facebook.com\/profile.php?id=61557370768692&amp;locale=es_ES\"><img decoding=\"async\" class=\"alignnone size-medium\" src=\"https:\/\/blogger.googleusercontent.com\/img\/b\/R29vZ2xl\/AVvXsEgy5RdcfffrnrItnYTcV9bCJjgJwldsQLWssfVfrLbyfXeBNTFKgBf0rMIvhrUaGUhiXzVr9_eQgCbi-j63ZDpfTvLIty9w7s140y-m1yHe7eKmEK7v2NAHUJDVYGdfeiQFeRCqUjdwWmN1MX_AUxxz4IVdJ4WIM0APxit8bjWkXzrnEFGqBvW_1F13H1g\/s1600\/logo-principal5.jpg\" width=\"100%\" height=\"100\" \/><\/a><!--bestpublic-voz04--><!--desk-in-out-voz04--><br \/>\n<!--publicidad-voz05--><a href=\"https:\/\/www.facebook.com\/asociaciontamborileroshellin?locale=es_ES\"><img decoding=\"async\" class=\"alignnone size-medium\" src=\"https:\/\/blogger.googleusercontent.com\/img\/b\/R29vZ2xl\/AVvXsEhHEEpZsKK1VpwiYMrS7aE2ujtqIDZoLd4B5wtbiseSU9s2HdTdQfhF84So2XwEB1fv0BLw95GADm6hUl1bkKtzh-eIgVigXONuu_5RxeIMPhjk8q6uNX4EaEHbooKkbu7pCADWPpVJjhKIH5NQSJpWqedC-YBez4QAQeJYokkLot9bhrIaUAeztsGis6M\/s1600\/logo-principal3.jpg\" width=\"100%\" height=\"100\" \/><\/a><!--bestpublic-voz05--><!--desk-in-out-voz05--><br \/>\n<!--publicidad-voz06--><!--bestpublic-voz06--><!--desk-in-out-voz06--><br \/>\n<!--publicidad-voz07--><!--bestpublic-voz07--><!--desk-in-out-voz07--><br \/>\n<!--publicidad-voz08--><!--bestpublic-voz08--><!--desk-in-out-voz08--><br \/>\n<!--publicidad-voz09--><!--bestpublic-voz09--><!--desk-in-out-voz09--><br \/>\n<!--publicidad-voz10--><!--bestpublic-voz10--><!--desk-in-out-voz10--><br \/>\n<!--publicidad-voz11--><!--bestpublic-voz11--><!--desk-in-out-voz11--><br \/>\n<!--publicidad-voz12--><!--bestpublic-voz12--><!--desk-in-out-voz12--><br \/>\n<!--publicidad-voz13--><!--bestpublic-voz13--><!--desk-in-out-voz13--><br \/>\n<!--publicidad-voz14--><!--bestpublic-voz14--><!--desk-in-out-voz14--><br \/>\n<!--publicidad-voz15--><!--bestpublic-voz15--><!--desk-in-out-voz15--><br \/>\n<!--publicidad-voz16--><!--bestpublic-voz16--><!--desk-in-out-voz16--><\/p>\n","protected":false},"excerpt":{"rendered":"<p>Circuito de Diputaci\u00f3n \u2018Ferlabs\u2019<\/p>\n","protected":false},"author":2,"featured_media":151298,"comment_status":"closed","ping_status":"closed","sticky":false,"template":"","format":"standard","meta":{"footnotes":""},"categories":[755,718,715,716,717],"tags":[],"class_list":["post-151297","post","type-post","status-publish","format-standard","has-post-thumbnail","hentry","category-blog-lv036","category-blogger","category-la-voz-de-hellin","category-la-voz-de-hellin-la-voz-de-hellin","category-noticias"],"_links":{"self":[{"href":"https:\/\/lavozdehellin.com\/noticias\/wp-json\/wp\/v2\/posts\/151297","targetHints":{"allow":["GET"]}}],"collection":[{"href":"https:\/\/lavozdehellin.com\/noticias\/wp-json\/wp\/v2\/posts"}],"about":[{"href":"https:\/\/lavozdehellin.com\/noticias\/wp-json\/wp\/v2\/types\/post"}],"author":[{"embeddable":true,"href":"https:\/\/lavozdehellin.com\/noticias\/wp-json\/wp\/v2\/users\/2"}],"replies":[{"embeddable":true,"href":"https:\/\/lavozdehellin.com\/noticias\/wp-json\/wp\/v2\/comments?post=151297"}],"version-history":[{"count":0,"href":"https:\/\/lavozdehellin.com\/noticias\/wp-json\/wp\/v2\/posts\/151297\/revisions"}],"wp:featuredmedia":[{"embeddable":true,"href":"https:\/\/lavozdehellin.com\/noticias\/wp-json\/wp\/v2\/media\/151298"}],"wp:attachment":[{"href":"https:\/\/lavozdehellin.com\/noticias\/wp-json\/wp\/v2\/media?parent=151297"}],"wp:term":[{"taxonomy":"category","embeddable":true,"href":"https:\/\/lavozdehellin.com\/noticias\/wp-json\/wp\/v2\/categories?post=151297"},{"taxonomy":"post_tag","embeddable":true,"href":"https:\/\/lavozdehellin.com\/noticias\/wp-json\/wp\/v2\/tags?post=151297"}],"curies":[{"name":"wp","href":"https:\/\/api.w.org\/{rel}","templated":true}]}}