{"id":151300,"date":"2024-06-24T15:47:37","date_gmt":"2024-06-24T13:47:37","guid":{"rendered":"https:\/\/lavozdehellin.com\/noticias\/?p=151300"},"modified":"2024-06-24T20:45:18","modified_gmt":"2024-06-24T18:45:18","slug":"v08-785-d-santiago-brotons-evia-es-propuesto-por-el-alcalde-como-hijo-adoptivo-del-municipio-de-hellin","status":"publish","type":"post","link":"https:\/\/lavozdehellin.com\/noticias\/v08-785-d-santiago-brotons-evia-es-propuesto-por-el-alcalde-como-hijo-adoptivo-del-municipio-de-hellin\/","title":{"rendered":"LVH NOTICIAS | D. SANTIAGO BROTONS EVIA ES PROPUESTO POR EL ALCALDE COMO HIJO ADOPTIVO DEL MUNICIPIO DE HELL\u00cdN"},"content":{"rendered":"<p style=\"text-align: justify;\">D. Santiago Brotons Evia es propuesto por el alcalde como Hijo Adoptivo del municipio de Hell\u00edn<\/p>\n<p><!--more--><br \/>\n<!--publicidad-voz01--><a href=\"https:\/\/www.facebook.com\/SoloRadioHellin\/?locale=es_ES\"><img decoding=\"async\" class=\"alignnone size-medium\" src=\"https:\/\/blogger.googleusercontent.com\/img\/b\/R29vZ2xl\/AVvXsEiNncirNnyGedv00mhjZjh5Wl4_YPdJGanoAl8tL8zH-HwqE8uHqjEfSt340RHdx-9tuCSIkZ8rFamZiGyYlgDGxCsmXjCH_1xk5eYM3ntFZRvJP_jndOKR7w1UAo9Tu0vrZyOLfqRpHIxYI5SymJJ-pfGCQw6QVpggBH-UgfjiFQ2JOxqxG0Jx94kW83c\/s1600\/logo-principal.jpg\" width=\"100%\" height=\"100\" \/><\/a><!--bestpublic-voz01--><!--desk-in-out-voz01--><br \/>\n<!--publicidad-voz02--><a href=\"https:\/\/www.hellincf.com\/\"><img decoding=\"async\" class=\"alignnone size-medium\" src=\"https:\/\/blogger.googleusercontent.com\/img\/b\/R29vZ2xl\/AVvXsEhuZ4-XfBVj3UtdP8-RZugy3WVrg-Zv28c53m4oV47qYCxL1rX_dqWX_YddsGSnpH5SRDqZ7bZeKPIfDVCDncpjVlhy3aQs2vojcJBn7Gdv9hC2_Nzct_pRFrnFE1a7KTCdY1bT_kAgnY3-iadRZrGeJf1fR2P5fu11bokx0pWjaypoy-ctwCjklldpEbA\/s1600\/logo-principal7.jpg\" width=\"100%\" height=\"100\" \/><\/a><!--bestpublic-voz02--><!--desk-in-out-voz02--><\/p>\n<p style=\"text-align: justify;\">El d\u00eda 17, Manuel Serena realiz\u00f3 la propuesta que hoy mismo ha rubricado, como establece el Reglamento Municipal de Honores del Ayuntamiento de Hell\u00edn<\/p>\n<p style=\"text-align: justify;\">Hace una semana Manuel Serena propuso al conocido sacerdote don Santiago, como popularmente es conocido, para el nombramiento como Hijo Adoptivo del municipio de Hell\u00edn, seg\u00fan lo establecido en el Cap\u00edtulo II del Reglamento de Honores.<\/p>\n<p style=\"text-align: justify;\">El primer edil, en uso de las atribuciones establecidas en el art\u00edculo 21.1 de la Ley 7\/1985, de 2 de abril, Reguladora de las Bases de R\u00e9gimen Local, ha firmado hoy la aprobaci\u00f3n del inicio de procedimiento informativo para acreditar \u201clos m\u00e9ritos suficientes, bien sea por servicios y actividades especiales realizados a favor de la Ciudad de Hell\u00edn, o por su relevancia indiscutible en el \u00e1mbito cient\u00edfico, educativo, cultural y art\u00edstico, deportivo, social, etc, que puedan ser contrastados y verificados\u201d, por don Santiago.<\/p>\n<p style=\"text-align: justify;\">M\u00aa Dolores Valencia Pinar, concejal delegada de Educaci\u00f3n, Cultura y Patrimonio, ha sido nombrada como Instructora, con la funci\u00f3n de tramitar el expediente, tal y como se establece en el art. 14.4 del Reglamento.<\/p>\n<p style=\"text-align: justify;\">Tras la firma, Serena ha declarado que: \u201ccomo alcalde de la ciudad, entiendo que D. Santiago Brotons ha acumulado m\u00e9ritos suficientes para esta distinci\u00f3n y, aunque el expediente hay que seguirlo en base a la legalidad vigente, se ha ganado el t\u00edtulo por m\u00e9ritos propios\u201d; a\u00f1adiendo al respecto del nombramiento: \u201ces una deuda que el municipio tiene con una persona que ha aportado m\u00e1s de lo que nunca nosotros podremos devolverle\u201d.<\/p>\n<p><!--publicidad-voz03--><a href=\"https:\/\/www.facebook.com\/profile.php?id=100063593791305&amp;locale=es_ES\"><img decoding=\"async\" class=\"alignnone size-medium\" src=\"https:\/\/blogger.googleusercontent.com\/img\/b\/R29vZ2xl\/AVvXsEi8_n_ll8UOcGxCqzFvb_9Io4ICczlGC990BPtPj2w9Px-u7B3oqWUW5vtjZUqPNJ-nyjiUIorE0ATsib_l5tV8BVN-UJ03RTnU__IHJF_4DgDBtY4LIqXNG-FomrO-7ywes20CBCRM2Hcm7EJSh3UUw1dO-c_uTflUrtgY1i7uBRezj_DpympmEFkfbQY\/s1600\/logo-principal2.jpg\" width=\"100%\" height=\"100\" \/><\/a><!--bestpublic-voz03--><!--desk-in-out-voz03--><br \/>\n<!--publicidad-voz04--><a href=\"https:\/\/www.facebook.com\/profile.php?id=61557370768692&amp;locale=es_ES\"><img decoding=\"async\" class=\"alignnone size-medium\" src=\"https:\/\/blogger.googleusercontent.com\/img\/b\/R29vZ2xl\/AVvXsEgy5RdcfffrnrItnYTcV9bCJjgJwldsQLWssfVfrLbyfXeBNTFKgBf0rMIvhrUaGUhiXzVr9_eQgCbi-j63ZDpfTvLIty9w7s140y-m1yHe7eKmEK7v2NAHUJDVYGdfeiQFeRCqUjdwWmN1MX_AUxxz4IVdJ4WIM0APxit8bjWkXzrnEFGqBvW_1F13H1g\/s1600\/logo-principal5.jpg\" width=\"100%\" height=\"100\" \/><\/a><!--bestpublic-voz04--><!--desk-in-out-voz04--><br \/>\n<!--publicidad-voz05--><a href=\"https:\/\/www.facebook.com\/asociaciontamborileroshellin?locale=es_ES\"><img decoding=\"async\" class=\"alignnone size-medium\" src=\"https:\/\/blogger.googleusercontent.com\/img\/b\/R29vZ2xl\/AVvXsEhHEEpZsKK1VpwiYMrS7aE2ujtqIDZoLd4B5wtbiseSU9s2HdTdQfhF84So2XwEB1fv0BLw95GADm6hUl1bkKtzh-eIgVigXONuu_5RxeIMPhjk8q6uNX4EaEHbooKkbu7pCADWPpVJjhKIH5NQSJpWqedC-YBez4QAQeJYokkLot9bhrIaUAeztsGis6M\/s1600\/logo-principal3.jpg\" width=\"100%\" height=\"100\" \/><\/a><!--bestpublic-voz05--><!--desk-in-out-voz05--><br \/>\n<!--publicidad-voz06--><!--bestpublic-voz06--><!--desk-in-out-voz06--><br \/>\n<!--publicidad-voz07--><!--bestpublic-voz07--><!--desk-in-out-voz07--><br \/>\n<!--publicidad-voz08--><!--bestpublic-voz08--><!--desk-in-out-voz08--><br \/>\n<!--publicidad-voz09--><!--bestpublic-voz09--><!--desk-in-out-voz09--><br \/>\n<!--publicidad-voz10--><!--bestpublic-voz10--><!--desk-in-out-voz10--><br \/>\n<!--publicidad-voz11--><!--bestpublic-voz11--><!--desk-in-out-voz11--><br \/>\n<!--publicidad-voz12--><!--bestpublic-voz12--><!--desk-in-out-voz12--><br \/>\n<!--publicidad-voz13--><!--bestpublic-voz13--><!--desk-in-out-voz13--><br \/>\n<!--publicidad-voz14--><!--bestpublic-voz14--><!--desk-in-out-voz14--><br \/>\n<!--publicidad-voz15--><!--bestpublic-voz15--><!--desk-in-out-voz15--><br \/>\n<!--publicidad-voz16--><!--bestpublic-voz16--><!--desk-in-out-voz16--><\/p>\n","protected":false},"excerpt":{"rendered":"<p>D. Santiago Brotons Evia es propuesto por el alcalde como Hijo Adoptivo del municipio de Hell\u00edn<\/p>\n","protected":false},"author":2,"featured_media":151301,"comment_status":"closed","ping_status":"closed","sticky":false,"template":"","format":"standard","meta":{"footnotes":""},"categories":[755,718,715,716,717],"tags":[],"class_list":["post-151300","post","type-post","status-publish","format-standard","has-post-thumbnail","hentry","category-blog-lv036","category-blogger","category-la-voz-de-hellin","category-la-voz-de-hellin-la-voz-de-hellin","category-noticias"],"_links":{"self":[{"href":"https:\/\/lavozdehellin.com\/noticias\/wp-json\/wp\/v2\/posts\/151300","targetHints":{"allow":["GET"]}}],"collection":[{"href":"https:\/\/lavozdehellin.com\/noticias\/wp-json\/wp\/v2\/posts"}],"about":[{"href":"https:\/\/lavozdehellin.com\/noticias\/wp-json\/wp\/v2\/types\/post"}],"author":[{"embeddable":true,"href":"https:\/\/lavozdehellin.com\/noticias\/wp-json\/wp\/v2\/users\/2"}],"replies":[{"embeddable":true,"href":"https:\/\/lavozdehellin.com\/noticias\/wp-json\/wp\/v2\/comments?post=151300"}],"version-history":[{"count":0,"href":"https:\/\/lavozdehellin.com\/noticias\/wp-json\/wp\/v2\/posts\/151300\/revisions"}],"wp:featuredmedia":[{"embeddable":true,"href":"https:\/\/lavozdehellin.com\/noticias\/wp-json\/wp\/v2\/media\/151301"}],"wp:attachment":[{"href":"https:\/\/lavozdehellin.com\/noticias\/wp-json\/wp\/v2\/media?parent=151300"}],"wp:term":[{"taxonomy":"category","embeddable":true,"href":"https:\/\/lavozdehellin.com\/noticias\/wp-json\/wp\/v2\/categories?post=151300"},{"taxonomy":"post_tag","embeddable":true,"href":"https:\/\/lavozdehellin.com\/noticias\/wp-json\/wp\/v2\/tags?post=151300"}],"curies":[{"name":"wp","href":"https:\/\/api.w.org\/{rel}","templated":true}]}}