{"id":151327,"date":"2024-06-17T17:28:31","date_gmt":"2024-06-17T15:28:31","guid":{"rendered":"https:\/\/lavozdehellin.com\/noticias\/?p=151327"},"modified":"2024-07-01T11:31:42","modified_gmt":"2024-07-01T09:31:42","slug":"v08-786-lvh-noticias-la-diputacion-de-albacete-reitera-su-compromiso-con-la-inclusion-social-como-via-de-desarrollo-y-de-cohesion-territorial","status":"publish","type":"post","link":"https:\/\/lavozdehellin.com\/noticias\/v08-786-lvh-noticias-la-diputacion-de-albacete-reitera-su-compromiso-con-la-inclusion-social-como-via-de-desarrollo-y-de-cohesion-territorial\/","title":{"rendered":"LVH NOTICIAS | LA DIPUTACI\u00d3N DE ALBACETE REITERA SU COMPROMISO CON LA INCLUSI\u00d3N SOCIAL COMO V\u00cdA DE DESARROLLO Y DE COHESI\u00d3N TERRITORIAL"},"content":{"rendered":"<p style=\"text-align: justify;\">El diputado de Servicios Sociales y coordinador del \u00c1rea Social de la Diputaci\u00f3n de Albacete, Jos\u00e9 Gonz\u00e1lez, ha participado en el evento solidario AB COOKING, celebrado en la Escuela de Hosteler\u00eda El Sembrador, de C\u00e1ritas, demostrando el firme apoyo del Gobierno Provincial de Santi Caba\u00f1ero con esta significativa iniciativa.<\/p>\n<p><!--more--><br \/>\n<!--publicidad-voz01--><a href=\"https:\/\/www.facebook.com\/SoloRadioHellin\/?locale=es_ES\"><img decoding=\"async\" class=\"alignnone size-medium\" src=\"https:\/\/blogger.googleusercontent.com\/img\/b\/R29vZ2xl\/AVvXsEiNncirNnyGedv00mhjZjh5Wl4_YPdJGanoAl8tL8zH-HwqE8uHqjEfSt340RHdx-9tuCSIkZ8rFamZiGyYlgDGxCsmXjCH_1xk5eYM3ntFZRvJP_jndOKR7w1UAo9Tu0vrZyOLfqRpHIxYI5SymJJ-pfGCQw6QVpggBH-UgfjiFQ2JOxqxG0Jx94kW83c\/s1600\/logo-principal.jpg\" width=\"100%\" height=\"100\" \/><\/a><!--bestpublic-voz01--><!--desk-in-out-voz01--><br \/>\n<!--publicidad-voz02--><a href=\"https:\/\/www.hellincf.com\/\"><img decoding=\"async\" class=\"alignnone size-medium\" src=\"https:\/\/blogger.googleusercontent.com\/img\/b\/R29vZ2xl\/AVvXsEhuZ4-XfBVj3UtdP8-RZugy3WVrg-Zv28c53m4oV47qYCxL1rX_dqWX_YddsGSnpH5SRDqZ7bZeKPIfDVCDncpjVlhy3aQs2vojcJBn7Gdv9hC2_Nzct_pRFrnFE1a7KTCdY1bT_kAgnY3-iadRZrGeJf1fR2P5fu11bokx0pWjaypoy-ctwCjklldpEbA\/s1600\/logo-principal7.jpg\" width=\"100%\" height=\"100\" \/><\/a><!--bestpublic-voz02--><!--desk-in-out-voz02--><\/p>\n<p style=\"text-align: justify;\">Un evento que, un a\u00f1o m\u00e1s, ha reunido a reconocidos cocineros de la mano de Eurotoques C-LM, y ha destacado por su objetivo de fomentar la inclusi\u00f3n social y laboral a trav\u00e9s de la gastronom\u00eda en l\u00ednea con el trabajo que, a diario, se realiza desde este restaurante de El Sembrador.<\/p>\n<p style=\"text-align: justify;\">Durante una entrevista en EsRadio Albacete C-LM, impulsora del evento, Jos\u00e9 Gonz\u00e1lez ha subrayado la importancia de la colaboraci\u00f3n de la Diputaci\u00f3n con entidades como El Sembrador y C\u00e1ritas Albacete, as\u00ed como el nivel de compromiso con el territorio que vienen demostrando los y las grandes profesionales de la cocina que, de la mano de Eurotoques, siempre muestran su disposici\u00f3n a colaborar en todo tipo de iniciativas que, adem\u00e1s de la gran gastronom\u00eda del territorio, ponen en valor y visibilizan el enorme trabajo que realiza el tejido asociativo, en este caso concreto, fomentando la inserci\u00f3n social de personas en exclusi\u00f3n o en riesgo de exclusi\u00f3n.<\/p>\n<p style=\"text-align: justify;\">Concretamente, han participado en la iniciativa: Carlos Arjona, del restaurante La Bonita.; Antonio Gonz\u00e1lez, del restaurante + Ideas; Carlos Mart\u00ednez, del restaurante El Sembrador; Isabel Cuadros, de El Artesano Tu Chef en Casa; Daniel Ojero, del restaurante Grotte de Huecar; Javier Tornero, del IES Vandelvira y Panader\u00edas la Mancha.<br \/>\nAlianzas clave para avanzar en la integraci\u00f3n socio-laboral de la poblaci\u00f3n m\u00e1s vulnerable<\/p>\n<p style=\"text-align: justify;\">Adem\u00e1s de a trav\u00e9s de los convenios que se suscriben a\u00f1o a a\u00f1o con entidades como El Sembrador (y su \u2018hermana mayor\u2019, C\u00e1ritas) y muchas otras, desde el Gobierno de la Diputaci\u00f3n trabaja en materia de inserci\u00f3n social mediante una l\u00ednea espec\u00edfica de ayudas dotada con 100.000 euros y con la que el pasado 2023 se lleg\u00f3 a cerca de 20 entidades, apoy\u00e1ndolas a desarrollar distintos proyectos inclusivos, como ha comentado el diputado.<\/p>\n<p style=\"text-align: justify;\">En este sentido, Gonz\u00e1lez ha subrayado c\u00f3mo el trabajo por la inclusi\u00f3n social que vienen materializando entidades como El Sembrador (en este restaurante o en cualquiera de sus otros recursos en la provincia), son claves como v\u00eda de desarrollo y de cohesi\u00f3n territorial.<\/p>\n<p style=\"text-align: justify;\">El diputado ha se\u00f1alado que lo fundamental de las colaboraciones con estos agentes facilitan la reintegraci\u00f3n de personas en situaciones vulnerables al mercado laboral, disminuyendo la marginalizaci\u00f3n y mejorando su calidad de vida, promoviendo as\u00ed una sociedad m\u00e1s inclusiva y equitativa, donde se brinda apoyo a las personas m\u00e1s vulnerables, ayud\u00e1ndoles a desarrollar su potencial y generando oportunidades de empleo.<\/p>\n<p style=\"text-align: justify;\">Adem\u00e1s, poniendo el ejemplo programas como la recogida y reciclaje de residuos textiles que la Diputaci\u00f3n realiza en la provincia a trav\u00e9s de la Fundaci\u00f3n El Sembrador, ha se\u00f1alado que se avanza tambi\u00e9n en econom\u00eda circular, reduci\u00e9ndose en el territorio el impacto ambiental mediante la reutilizaci\u00f3n y reciclaje de materiales.<\/p>\n<p style=\"text-align: justify;\">El diputado ha felicitado a los y las protagonistas de esta exitosa nueva entrega de AB COOKING, subrayando c\u00f3mo estas iniciativas juegan un gran papel promoviendo entre la ciudadan\u00eda la sensibilizaci\u00f3n sobre los problemas de exclusi\u00f3n social, educando a la poblaci\u00f3n sobre la importancia de la inclusi\u00f3n desde las primeras etapas.<\/p>\n<p style=\"text-align: justify;\">Adem\u00e1s, ha se\u00f1alado el acierto de contar con Eurotoques como \u2018aliada\u2019 para garantizar el mayor \u00e9xito al objetivo a alcanzar por el evento. Recordando el compromiso que, tambi\u00e9n en este sentido, viene demostrando el Gobierno Provincial, ha subrayado que la gastronom\u00eda se ha consolidado como un atractivo tur\u00edstico potente y una herramienta de desarrollo sostenible que pone en valor los recursos locales y crea oportunidades que tambi\u00e9n entroncan de lleno con el objetivo de la integraci\u00f3n socio-laboral y la inclusi\u00f3n de personas en situaci\u00f3n de vulnerabilidad.<\/p>\n<p><!--publicidad-voz03--><a href=\"https:\/\/www.facebook.com\/profile.php?id=100063593791305&amp;locale=es_ES\"><img decoding=\"async\" class=\"alignnone size-medium\" src=\"https:\/\/blogger.googleusercontent.com\/img\/b\/R29vZ2xl\/AVvXsEi8_n_ll8UOcGxCqzFvb_9Io4ICczlGC990BPtPj2w9Px-u7B3oqWUW5vtjZUqPNJ-nyjiUIorE0ATsib_l5tV8BVN-UJ03RTnU__IHJF_4DgDBtY4LIqXNG-FomrO-7ywes20CBCRM2Hcm7EJSh3UUw1dO-c_uTflUrtgY1i7uBRezj_DpympmEFkfbQY\/s1600\/logo-principal2.jpg\" width=\"100%\" height=\"100\" \/><\/a><!--bestpublic-voz03--><!--desk-in-out-voz03--><br \/>\n<!--publicidad-voz04--><a href=\"https:\/\/www.facebook.com\/profile.php?id=61557370768692&amp;locale=es_ES\"><img decoding=\"async\" class=\"alignnone size-medium\" src=\"https:\/\/blogger.googleusercontent.com\/img\/b\/R29vZ2xl\/AVvXsEgy5RdcfffrnrItnYTcV9bCJjgJwldsQLWssfVfrLbyfXeBNTFKgBf0rMIvhrUaGUhiXzVr9_eQgCbi-j63ZDpfTvLIty9w7s140y-m1yHe7eKmEK7v2NAHUJDVYGdfeiQFeRCqUjdwWmN1MX_AUxxz4IVdJ4WIM0APxit8bjWkXzrnEFGqBvW_1F13H1g\/s1600\/logo-principal5.jpg\" width=\"100%\" height=\"100\" \/><\/a><!--bestpublic-voz04--><!--desk-in-out-voz04--><br \/>\n<!--publicidad-voz05--><a href=\"https:\/\/www.facebook.com\/asociaciontamborileroshellin?locale=es_ES\"><img decoding=\"async\" class=\"alignnone size-medium\" src=\"https:\/\/blogger.googleusercontent.com\/img\/b\/R29vZ2xl\/AVvXsEhHEEpZsKK1VpwiYMrS7aE2ujtqIDZoLd4B5wtbiseSU9s2HdTdQfhF84So2XwEB1fv0BLw95GADm6hUl1bkKtzh-eIgVigXONuu_5RxeIMPhjk8q6uNX4EaEHbooKkbu7pCADWPpVJjhKIH5NQSJpWqedC-YBez4QAQeJYokkLot9bhrIaUAeztsGis6M\/s1600\/logo-principal3.jpg\" width=\"100%\" height=\"100\" \/><\/a><!--bestpublic-voz05--><!--desk-in-out-voz05--><br \/>\n<!--publicidad-voz06--><!--bestpublic-voz06--><!--desk-in-out-voz06--><br \/>\n<!--publicidad-voz07--><!--bestpublic-voz07--><!--desk-in-out-voz07--><br \/>\n<!--publicidad-voz08--><!--bestpublic-voz08--><!--desk-in-out-voz08--><br \/>\n<!--publicidad-voz09--><!--bestpublic-voz09--><!--desk-in-out-voz09--><br \/>\n<!--publicidad-voz10--><!--bestpublic-voz10--><!--desk-in-out-voz10--><br \/>\n<!--publicidad-voz11--><!--bestpublic-voz11--><!--desk-in-out-voz11--><br \/>\n<!--publicidad-voz12--><!--bestpublic-voz12--><!--desk-in-out-voz12--><br \/>\n<!--publicidad-voz13--><!--bestpublic-voz13--><!--desk-in-out-voz13--><br \/>\n<!--publicidad-voz14--><!--bestpublic-voz14--><!--desk-in-out-voz14--><br \/>\n<!--publicidad-voz15--><!--bestpublic-voz15--><!--desk-in-out-voz15--><br \/>\n<!--publicidad-voz16--><!--bestpublic-voz16--><!--desk-in-out-voz16--><\/p>\n","protected":false},"excerpt":{"rendered":"<p>El diputado de Servicios Sociales y coordinador del \u00c1rea Social de la Diputaci\u00f3n de Albacete, Jos\u00e9 Gonz\u00e1lez, ha participado en el evento solidario AB COOKING, celebrado en la Escuela de&#8230;<\/p>\n","protected":false},"author":2,"featured_media":151328,"comment_status":"closed","ping_status":"closed","sticky":false,"template":"","format":"standard","meta":{"footnotes":""},"categories":[755,718,715,716,717],"tags":[],"class_list":["post-151327","post","type-post","status-publish","format-standard","has-post-thumbnail","hentry","category-blog-lv036","category-blogger","category-la-voz-de-hellin","category-la-voz-de-hellin-la-voz-de-hellin","category-noticias"],"_links":{"self":[{"href":"https:\/\/lavozdehellin.com\/noticias\/wp-json\/wp\/v2\/posts\/151327","targetHints":{"allow":["GET"]}}],"collection":[{"href":"https:\/\/lavozdehellin.com\/noticias\/wp-json\/wp\/v2\/posts"}],"about":[{"href":"https:\/\/lavozdehellin.com\/noticias\/wp-json\/wp\/v2\/types\/post"}],"author":[{"embeddable":true,"href":"https:\/\/lavozdehellin.com\/noticias\/wp-json\/wp\/v2\/users\/2"}],"replies":[{"embeddable":true,"href":"https:\/\/lavozdehellin.com\/noticias\/wp-json\/wp\/v2\/comments?post=151327"}],"version-history":[{"count":0,"href":"https:\/\/lavozdehellin.com\/noticias\/wp-json\/wp\/v2\/posts\/151327\/revisions"}],"wp:featuredmedia":[{"embeddable":true,"href":"https:\/\/lavozdehellin.com\/noticias\/wp-json\/wp\/v2\/media\/151328"}],"wp:attachment":[{"href":"https:\/\/lavozdehellin.com\/noticias\/wp-json\/wp\/v2\/media?parent=151327"}],"wp:term":[{"taxonomy":"category","embeddable":true,"href":"https:\/\/lavozdehellin.com\/noticias\/wp-json\/wp\/v2\/categories?post=151327"},{"taxonomy":"post_tag","embeddable":true,"href":"https:\/\/lavozdehellin.com\/noticias\/wp-json\/wp\/v2\/tags?post=151327"}],"curies":[{"name":"wp","href":"https:\/\/api.w.org\/{rel}","templated":true}]}}