{"id":151330,"date":"2024-06-18T12:16:38","date_gmt":"2024-06-18T10:16:38","guid":{"rendered":"https:\/\/lavozdehellin.com\/noticias\/?p=151330"},"modified":"2024-07-01T11:31:42","modified_gmt":"2024-07-01T09:31:42","slug":"v08-787-lvh-noticias-la-xviii-feria-de-tradiciones-y-artesania-de-el-bonillo-se-presenta-en-la-diputacion-de-albacete-con-mas-de-una-veintena-de-actividades-del-21-al-23-de-junio","status":"publish","type":"post","link":"https:\/\/lavozdehellin.com\/noticias\/v08-787-lvh-noticias-la-xviii-feria-de-tradiciones-y-artesania-de-el-bonillo-se-presenta-en-la-diputacion-de-albacete-con-mas-de-una-veintena-de-actividades-del-21-al-23-de-junio\/","title":{"rendered":"LVH NOTICIAS | LA XVIII FERIA DE TRADICIONES Y ARTESAN\u00cdA DE EL BONILLO SE PRESENTA EN LA DIPUTACI\u00d3N DE ALBACETE CON M\u00c1S DE UNA VEINTENA DE ACTIVIDADES DEL 21 AL 23 DE JUNIO"},"content":{"rendered":"<p style=\"text-align: justify;\">El Bonillo vivir\u00e1 su XVIII Feria de Tradiciones y Artesan\u00eda del 21 al 23 de junio, tal y como han dado a conocer, durante su presentaci\u00f3n p\u00fablica en la Diputaci\u00f3n de Albacete, el diputado del \u00c1rea Social, Jos\u00e9 Gonz\u00e1lez, junto al alcalde anfitri\u00f3n, Juan Gil, y a la teniente de alcalde, Pilar Sierra.<\/p>\n<p><!--more--><br \/>\n<!--publicidad-voz01--><a href=\"https:\/\/www.facebook.com\/SoloRadioHellin\/?locale=es_ES\"><img decoding=\"async\" class=\"alignnone size-medium\" src=\"https:\/\/blogger.googleusercontent.com\/img\/b\/R29vZ2xl\/AVvXsEiNncirNnyGedv00mhjZjh5Wl4_YPdJGanoAl8tL8zH-HwqE8uHqjEfSt340RHdx-9tuCSIkZ8rFamZiGyYlgDGxCsmXjCH_1xk5eYM3ntFZRvJP_jndOKR7w1UAo9Tu0vrZyOLfqRpHIxYI5SymJJ-pfGCQw6QVpggBH-UgfjiFQ2JOxqxG0Jx94kW83c\/s1600\/logo-principal.jpg\" width=\"100%\" height=\"100\" \/><\/a><!--bestpublic-voz01--><!--desk-in-out-voz01--><br \/>\n<!--publicidad-voz02--><a href=\"https:\/\/www.hellincf.com\/\"><img decoding=\"async\" class=\"alignnone size-medium\" src=\"https:\/\/blogger.googleusercontent.com\/img\/b\/R29vZ2xl\/AVvXsEhuZ4-XfBVj3UtdP8-RZugy3WVrg-Zv28c53m4oV47qYCxL1rX_dqWX_YddsGSnpH5SRDqZ7bZeKPIfDVCDncpjVlhy3aQs2vojcJBn7Gdv9hC2_Nzct_pRFrnFE1a7KTCdY1bT_kAgnY3-iadRZrGeJf1fR2P5fu11bokx0pWjaypoy-ctwCjklldpEbA\/s1600\/logo-principal7.jpg\" width=\"100%\" height=\"100\" \/><\/a><!--bestpublic-voz02--><!--desk-in-out-voz02--><\/p>\n<p style=\"text-align: justify;\">Una cita con la historia y la cultura local en la que se pondr\u00e1 en valor el patrimonio etnogr\u00e1fico a trav\u00e9s de m\u00e1s de una veintena de actividades en las que se combinan representaciones teatrales, talleres protagonizados por oficios (esquilo, esparto, telares\u2026), folclore, gastronom\u00eda\u2026 en diferentes espacios emblem\u00e1ticos del municipio, como la Plaza Mayor, el Molino etnogr\u00e1fico o el Parque \u2018El Rollo\u2019.<\/p>\n<p style=\"text-align: justify;\">Propuestas entra las que destaca la singularidad y belleza de las tres presentaciones teatrales de la mano del grupo local \u2018El Requete\u2019, en las que se recrean momentos hist\u00f3ricos claves y tambi\u00e9n cap\u00edtulos de El Quijote vinculados a esta tierra: \u2018Privilegio de villazgo concedido por el Emperador Carlos I el 12 de febrero de 1518\u2019 a El Bonillo, eximi\u00e9ndole de la jurisdicci\u00f3n de Alcaraz (viernes, a las 20.00h); \u2018Privilegio de la Emperatriz Isabel de Portugal concediendo a El Bonillo facultad para sentenciar causas civiles, de 27 de noviembre de 1532\u2019 (s\u00e1bado a las 19.00h); y los cap\u00edtulos XIX y XX de la segunda parte de la obra maestra de Cervantes, donde se cuentan las Bodas de Camacho, el rico, con el suceso de Basilio, el pobre.<\/p>\n<p style=\"text-align: justify;\">Subrayando la riqueza y variedad de la programaci\u00f3n, el diputado provincial ha destacado que esta Feria alcanza su mayor\u00eda de edad sin dejar de crecer \u201cdesde una mirada orgullosa a sus se\u00f1as de identidad y convertida en un evento marcado en rojo en el calendario cultural de la provincia\u201d, y ha puesto de relieve el apoyo y respaldo del Gobierno provincial que preside Santi Caba\u00f1ero a esta iniciativa, apuntando que la Diputaci\u00f3n siempre va a trabajar al lado de cada propuesta que se pone en marcha para impulsar el desarrollo rural desde una apuesta decidida por la conservaci\u00f3n y difusi\u00f3n de las tradiciones de cada territorio.<\/p>\n<p style=\"text-align: justify;\">Adem\u00e1s, Gonz\u00e1lez ha felicitado al Ayuntamiento de El Bonillo por el trabajo que viene realizando para que esta Feria sea un \u00e9xito edici\u00f3n tras edici\u00f3n, destacando tambi\u00e9n la colaboraci\u00f3n de asociaciones, entidades y colectivos y poniendo en valor la implicaci\u00f3n del conjunto de la ciudadan\u00eda. De hecho, ha advertido que en esta suma de esfuerzos est\u00e1 en la base de ese \u00e9xito, incidiendo en la capacidad que viene demostrando su Consistorio para \u201cinvolucrar a todo el pueblo en sus actos m\u00e1s importante\u201d.<\/p>\n<p style=\"text-align: justify;\">En este sentido, ha afirmado que en esta localidad de la Sierra de Alcaraz y Campo de Montiel han conseguido consolidar esta Feria, \u201ccustodiando y poniendo en valor sus tradiciones, su folclore, sus formas de vida\u2026\u201d, y ha destacado las potencialidades de esta Feria, se\u00f1alando que se trata de un revulsivo tur\u00edstico y econ\u00f3mico, y de \u201cun motor de dinamizaci\u00f3n\u201d que favorece la econom\u00eda y los negocios locales. Algo que a su vez, como ha apuntado Gonz\u00e1lez, tambi\u00e9n consolida la memoria colectiva de los pueblos y el arraigo, cuestiones que est\u00e1n en la base de la lucha frente al reto demogr\u00e1fico.<\/p>\n<p style=\"text-align: justify;\">El alcalde destaca el esp\u00edritu festivo y de convivencia de esta Feria de Tradiciones y Artesan\u00eda<\/p>\n<p style=\"text-align: justify;\">Por su parte, el alcalde de El Bonillo, Juan Gil, ha destacado c\u00f3mo esta Feria no ha dejado de crecer \u201chaciendo que la gente de la localidad, sobre todo la juventud, conozca c\u00f3mo viv\u00edan generaciones anteriores, y c\u00f3mo un pueblo a base de esfuerzo y trabajo fue capaz de forjarse un futuro\u201d, y ha remarcado \u201cel esp\u00edritu festivo y de convivencia de este evento\u201d, indicando que es \u201cun punto de encuentro donde se rememore la historia local\u201d.<\/p>\n<p style=\"text-align: justify;\">Del mismo modo, ha querido subrayar la vinculaci\u00f3n de las actividades programadas con esa historia, aludiendo, a modo de ejemplo, a los talleres de esquilo o de elaboraci\u00f3n de tortas de pastores tan presentes en una localidad con una importante base agraria. Y ha asegurado que el homenaje que el Ayuntamiento realiza a los matrimonios que cumplen 50 a\u00f1os de casados es su momento favorito, advirtiendo que es un reconocimiento a las personas mayores de su municipio. Tambi\u00e9n ha destacado que, en el marco del 18 aniversario han querido contar con una actuaci\u00f3n de la artista albacetense, Karmento, que pondr\u00e1 el \u2018broche de oro\u2019 a esta Feria el domingo.<\/p>\n<p style=\"text-align: justify;\">Sierra detalla una rica programaci\u00f3n<\/p>\n<p style=\"text-align: justify;\">La teniente de alcalde, Pilar Sierra, ha sido la encargada de detallar la programaci\u00f3n de esta Feria, coincidiendo con Juan Gil en que esta cita es un espacio de encuentro intergeneracional en el que no faltan propuestas espec\u00edficas para los m\u00e1s peque\u00f1os y peque\u00f1as (juegos tradicionales, talleres, una granja\u2026)<\/p>\n<p style=\"text-align: justify;\">As\u00ed, la Feria, junto a las ya citadas representaciones teatrales, incluye un mercadillo agroalimentario y de artesan\u00eda; exhibiciones de oficios tradicionales (esquile tradicional a tijera, de esparto, de telar tradicional\u2026); talleres participativos de elaboraci\u00f3n queso, cer\u00e1mica, chucher\u00edas artesanales, montaje de navaja de la mano de APRECU\u2026, as\u00ed como \u2018animaciones Cervantinas\u2019, o espect\u00e1culos de calle. Sumando la participaci\u00f3n de la Banda Municipal de M\u00fasica que, como ha destacado Sierra, \u201cameniza este evento\u201d.<\/p>\n<p style=\"text-align: justify;\">Adem\u00e1s, el viernes est\u00e1 previsto en la Plaza Mayor la elecci\u00f3n de los Manchegos y Manchegas de Honor 2024, y la recreaci\u00f3n de una verbena popular. Durante el s\u00e1bado y el domingo tendr\u00e1 lugar el Encuentro de Cuadrillas con las agrupaciones de Alcuzera de La Roda, Cuesta las Chinas de Hu\u00e9scar (Granada), Barrio Canicas de Albacete, La Concilla de Mota del Cuervo y la cuadrilla de El Bonillo, visibilizando el folclore.<\/p>\n<p style=\"text-align: justify;\">Junto a esto, la teniente de alcalde ha explicado que tambi\u00e9n se ha organizado una exposici\u00f3n de fotograf\u00edas protagonizada por oficios tradicionales, y ha confiado en que \u201cesto sea el inicio de un futuro museo etnogr\u00e1fico permanente\u201d.<\/p>\n<p style=\"text-align: justify;\">Finalmente, todos los presentes han coincidido en invitar a la ciudadan\u00eda a disfrutar de esta Feria de Tradiciones y Artesan\u00eda, y aprovechar la ocasi\u00f3n para descubrir todas las bondades que atesora El Bonillo.<\/p>\n<p><!--publicidad-voz03--><a href=\"https:\/\/www.facebook.com\/profile.php?id=100063593791305&amp;locale=es_ES\"><img decoding=\"async\" class=\"alignnone size-medium\" src=\"https:\/\/blogger.googleusercontent.com\/img\/b\/R29vZ2xl\/AVvXsEi8_n_ll8UOcGxCqzFvb_9Io4ICczlGC990BPtPj2w9Px-u7B3oqWUW5vtjZUqPNJ-nyjiUIorE0ATsib_l5tV8BVN-UJ03RTnU__IHJF_4DgDBtY4LIqXNG-FomrO-7ywes20CBCRM2Hcm7EJSh3UUw1dO-c_uTflUrtgY1i7uBRezj_DpympmEFkfbQY\/s1600\/logo-principal2.jpg\" width=\"100%\" height=\"100\" \/><\/a><!--bestpublic-voz03--><!--desk-in-out-voz03--><br \/>\n<!--publicidad-voz04--><a href=\"https:\/\/www.facebook.com\/profile.php?id=61557370768692&amp;locale=es_ES\"><img decoding=\"async\" class=\"alignnone size-medium\" src=\"https:\/\/blogger.googleusercontent.com\/img\/b\/R29vZ2xl\/AVvXsEgy5RdcfffrnrItnYTcV9bCJjgJwldsQLWssfVfrLbyfXeBNTFKgBf0rMIvhrUaGUhiXzVr9_eQgCbi-j63ZDpfTvLIty9w7s140y-m1yHe7eKmEK7v2NAHUJDVYGdfeiQFeRCqUjdwWmN1MX_AUxxz4IVdJ4WIM0APxit8bjWkXzrnEFGqBvW_1F13H1g\/s1600\/logo-principal5.jpg\" width=\"100%\" height=\"100\" \/><\/a><!--bestpublic-voz04--><!--desk-in-out-voz04--><br \/>\n<!--publicidad-voz05--><a href=\"https:\/\/www.facebook.com\/asociaciontamborileroshellin?locale=es_ES\"><img decoding=\"async\" class=\"alignnone size-medium\" src=\"https:\/\/blogger.googleusercontent.com\/img\/b\/R29vZ2xl\/AVvXsEhHEEpZsKK1VpwiYMrS7aE2ujtqIDZoLd4B5wtbiseSU9s2HdTdQfhF84So2XwEB1fv0BLw95GADm6hUl1bkKtzh-eIgVigXONuu_5RxeIMPhjk8q6uNX4EaEHbooKkbu7pCADWPpVJjhKIH5NQSJpWqedC-YBez4QAQeJYokkLot9bhrIaUAeztsGis6M\/s1600\/logo-principal3.jpg\" width=\"100%\" height=\"100\" \/><\/a><!--bestpublic-voz05--><!--desk-in-out-voz05--><br \/>\n<!--publicidad-voz06--><!--bestpublic-voz06--><!--desk-in-out-voz06--><br \/>\n<!--publicidad-voz07--><!--bestpublic-voz07--><!--desk-in-out-voz07--><br \/>\n<!--publicidad-voz08--><!--bestpublic-voz08--><!--desk-in-out-voz08--><br \/>\n<!--publicidad-voz09--><!--bestpublic-voz09--><!--desk-in-out-voz09--><br \/>\n<!--publicidad-voz10--><!--bestpublic-voz10--><!--desk-in-out-voz10--><br \/>\n<!--publicidad-voz11--><!--bestpublic-voz11--><!--desk-in-out-voz11--><br \/>\n<!--publicidad-voz12--><!--bestpublic-voz12--><!--desk-in-out-voz12--><br \/>\n<!--publicidad-voz13--><!--bestpublic-voz13--><!--desk-in-out-voz13--><br \/>\n<!--publicidad-voz14--><!--bestpublic-voz14--><!--desk-in-out-voz14--><br \/>\n<!--publicidad-voz15--><!--bestpublic-voz15--><!--desk-in-out-voz15--><br \/>\n<!--publicidad-voz16--><!--bestpublic-voz16--><!--desk-in-out-voz16--><\/p>\n","protected":false},"excerpt":{"rendered":"<p>El Bonillo vivir\u00e1 su XVIII Feria de Tradiciones y Artesan\u00eda del 21 al 23 de junio, tal y como han dado a conocer, durante su presentaci\u00f3n p\u00fablica en la Diputaci\u00f3n&#8230;<\/p>\n","protected":false},"author":2,"featured_media":151331,"comment_status":"closed","ping_status":"closed","sticky":false,"template":"","format":"standard","meta":{"footnotes":""},"categories":[755,718,715,716,717],"tags":[],"class_list":["post-151330","post","type-post","status-publish","format-standard","has-post-thumbnail","hentry","category-blog-lv036","category-blogger","category-la-voz-de-hellin","category-la-voz-de-hellin-la-voz-de-hellin","category-noticias"],"_links":{"self":[{"href":"https:\/\/lavozdehellin.com\/noticias\/wp-json\/wp\/v2\/posts\/151330","targetHints":{"allow":["GET"]}}],"collection":[{"href":"https:\/\/lavozdehellin.com\/noticias\/wp-json\/wp\/v2\/posts"}],"about":[{"href":"https:\/\/lavozdehellin.com\/noticias\/wp-json\/wp\/v2\/types\/post"}],"author":[{"embeddable":true,"href":"https:\/\/lavozdehellin.com\/noticias\/wp-json\/wp\/v2\/users\/2"}],"replies":[{"embeddable":true,"href":"https:\/\/lavozdehellin.com\/noticias\/wp-json\/wp\/v2\/comments?post=151330"}],"version-history":[{"count":0,"href":"https:\/\/lavozdehellin.com\/noticias\/wp-json\/wp\/v2\/posts\/151330\/revisions"}],"wp:featuredmedia":[{"embeddable":true,"href":"https:\/\/lavozdehellin.com\/noticias\/wp-json\/wp\/v2\/media\/151331"}],"wp:attachment":[{"href":"https:\/\/lavozdehellin.com\/noticias\/wp-json\/wp\/v2\/media?parent=151330"}],"wp:term":[{"taxonomy":"category","embeddable":true,"href":"https:\/\/lavozdehellin.com\/noticias\/wp-json\/wp\/v2\/categories?post=151330"},{"taxonomy":"post_tag","embeddable":true,"href":"https:\/\/lavozdehellin.com\/noticias\/wp-json\/wp\/v2\/tags?post=151330"}],"curies":[{"name":"wp","href":"https:\/\/api.w.org\/{rel}","templated":true}]}}