{"id":151333,"date":"2024-06-18T13:49:17","date_gmt":"2024-06-18T11:49:17","guid":{"rendered":"https:\/\/lavozdehellin.com\/noticias\/?p=151333"},"modified":"2024-07-01T11:31:42","modified_gmt":"2024-07-01T09:31:42","slug":"v08-788-lvh-noticias-santi-cabanero-celebra-la-inauguracion-de-la-nueva-sede-del-colegio-de-la-abogacia-de-albacete","status":"publish","type":"post","link":"https:\/\/lavozdehellin.com\/noticias\/v08-788-lvh-noticias-santi-cabanero-celebra-la-inauguracion-de-la-nueva-sede-del-colegio-de-la-abogacia-de-albacete\/","title":{"rendered":"LVH NOTICIAS | SANTI CABA\u00d1ERO CELEBRA LA INAUGURACI\u00d3N DE LA NUEVA SEDE DEL COLEGIO DE LA ABOGAC\u00cdA DE ALBACETE"},"content":{"rendered":"<p style=\"text-align: justify;\">El Colegio de la Abogac\u00eda de Albacete (ICALBA) \u2018estrena\u2019 sede en la calle Caldereros de la capital provincial coincidiendo, adem\u00e1s, con la celebraci\u00f3n de su 190\u00ba aniversario.<\/p>\n<p><!--more--><br \/>\n<!--publicidad-voz01--><a href=\"https:\/\/www.facebook.com\/SoloRadioHellin\/?locale=es_ES\"><img decoding=\"async\" class=\"alignnone size-medium\" src=\"https:\/\/blogger.googleusercontent.com\/img\/b\/R29vZ2xl\/AVvXsEiNncirNnyGedv00mhjZjh5Wl4_YPdJGanoAl8tL8zH-HwqE8uHqjEfSt340RHdx-9tuCSIkZ8rFamZiGyYlgDGxCsmXjCH_1xk5eYM3ntFZRvJP_jndOKR7w1UAo9Tu0vrZyOLfqRpHIxYI5SymJJ-pfGCQw6QVpggBH-UgfjiFQ2JOxqxG0Jx94kW83c\/s1600\/logo-principal.jpg\" width=\"100%\" height=\"100\" \/><\/a><!--bestpublic-voz01--><!--desk-in-out-voz01--><br \/>\n<!--publicidad-voz02--><a href=\"https:\/\/www.hellincf.com\/\"><img decoding=\"async\" class=\"alignnone size-medium\" src=\"https:\/\/blogger.googleusercontent.com\/img\/b\/R29vZ2xl\/AVvXsEhuZ4-XfBVj3UtdP8-RZugy3WVrg-Zv28c53m4oV47qYCxL1rX_dqWX_YddsGSnpH5SRDqZ7bZeKPIfDVCDncpjVlhy3aQs2vojcJBn7Gdv9hC2_Nzct_pRFrnFE1a7KTCdY1bT_kAgnY3-iadRZrGeJf1fR2P5fu11bokx0pWjaypoy-ctwCjklldpEbA\/s1600\/logo-principal7.jpg\" width=\"100%\" height=\"100\" \/><\/a><!--bestpublic-voz02--><!--desk-in-out-voz02--><\/p>\n<p style=\"text-align: justify;\">El presidente de la Diputaci\u00f3n de Albacete, Santi Caba\u00f1ero, junto al diputado responsable del \u00c1rea Social, Jos\u00e9 Gonz\u00e1lez, no ha faltado a la apertura formal de este nuevo espacio, destacando la importancia de esta inauguraci\u00f3n no s\u00f3lo para la abogac\u00eda, sino para toda la ciudadan\u00eda, y teniendo ocasi\u00f3n de firmar en el Libro de Honor del Colegio en un d\u00eda tan se\u00f1alado como \u00e9ste.<\/p>\n<p style=\"text-align: justify;\">En su intervenci\u00f3n, Caba\u00f1ero ha subrayado \u201cla importancia del servicio de la abogac\u00eda\u201d, reiterando el \u201capoyo constante y convencido\u201d que desde el Gobierno de la Diputaci\u00f3n se viene prestando al ICALBA y el impacto positivo de la nueva sede tendr\u00e1 en la formaci\u00f3n continua de profesionales en favor de una justicia cada vez mejor y m\u00e1s accesible.<\/p>\n<p style=\"text-align: justify;\">\u201cNo se me ocurre mejor forma de celebrar el 190 aniversario del Colegio (al que pertenezco) que estrenando esta nueva sede que, siendo en s\u00ed misma el resultado del trabajo de mucho tiempo (y muchos sue\u00f1os alcanzados, Albino), es toda una declaraci\u00f3n de intenciones del camino a seguir\u201d, ha dicho Caba\u00f1ero al decano del ICALBA, Albino Escribano.<\/p>\n<p style=\"text-align: justify;\">En esa l\u00ednea el presidente provincial ha destacado que este paso representa mucho m\u00e1s que la apertura de un edificio, abriendo un \u2018nuevo cap\u00edtulo\u2019 en la historia de la abogac\u00eda en esta provincia, asentando eso por lo que el gremio viene trabajando de forma comprometida.<\/p>\n<p style=\"text-align: justify;\">Adem\u00e1s, ha puesto en valor p\u00fablicamente que el servicio que prestan los abogados y abogadas es \u201cesencial para la justicia y la igualdad de oportunidades\u201d, pilares fundamentales del Estado democr\u00e1tico de derecho.<\/p>\n<p style=\"text-align: justify;\">Mano tendida de la Diputaci\u00f3n de Albacete<\/p>\n<p style=\"text-align: justify;\">La nueva sede, con modernas instalaciones, permitir\u00e1 una mejor formaci\u00f3n y prestaci\u00f3n de servicios jur\u00eddicos. \u201cEste lugar, espectacular por fuera, estoy convencido de que lo ser\u00e1 mucho m\u00e1s en su fondo\u2026 porque simboliza vuestro compromiso con la protecci\u00f3n de los derechos de toda la ciudadan\u00eda, garantizando que cada persona, sin importar su condici\u00f3n, tenga acceso a una defensa leg\u00edtima y justa\u201d, ha se\u00f1alado Caba\u00f1ero.<\/p>\n<p style=\"text-align: justify;\">Asimismo, se ha referido al honor que representa para el Gobierno Provincial apoyar al ICALBA en diversas iniciativas de calado: \u201cPara la Diputaci\u00f3n de Albacete es un motivo de orgullo ayudaros en algo tan potente en ese sentido como puede ser esa especializaci\u00f3n en temas de discapacidad, o en materia penitenciaria. Son la prueba de que compartimos un modo de hacer que busca, fundamentalmente, trabajar por la igualdad de oportunidades asegurando que todos y todas, especialmente las personas m\u00e1s vulnerables, puedan recibir la atenci\u00f3n jur\u00eddica que merecen\u201d.<\/p>\n<p style=\"text-align: justify;\">El presidente ha concluido resaltando el papel crucial del Colegio en la mejora de la provincia y la colaboraci\u00f3n continua con la Diputaci\u00f3n: \u201cOs hab\u00e9is sabido acercar a la sociedad, siendo ahora actores clave en su modernizaci\u00f3n y en su avance. Y la colaboraci\u00f3n que mantenemos no viene sino a demostrar un compromiso compartido con los derechos humanos y la justicia social (que es \u2018la madre\u2019 de todas las justicias\u2026)\u201d.<\/p>\n<p style=\"text-align: justify;\">El presidente se ha mostrado \u201cconvencido\u201d de que entre estas nuevas salas aguarda \u201cun futuro brillante para la abogac\u00eda en Albacete\u201d, donde la formaci\u00f3n y la modernizaci\u00f3n tecnol\u00f3gica, apoyadas por la Diputaci\u00f3n, permitir\u00e1n a los y las profesionales ofrecer un servicio a\u00fan m\u00e1s eficaz y accesible si cabe.<\/p>\n<p style=\"text-align: justify;\">El acto ha contado con m\u00faltiples representantes institucionales y sociales, tanto de la provincia de Albacete como de otras zonas de Espa\u00f1a, caso de decanos y decanas de Colegios de Abogac\u00eda de otras provincias, as\u00ed como de la presidenta del Consejo General de la Abogac\u00eda Espa\u00f1ola, Victoria Ortega, que ha recibido con mucho orgullo, de manos de Escribano, la medalla de Colegiada de Honor del ICALBA.<\/p>\n<p><!--publicidad-voz03--><a href=\"https:\/\/www.facebook.com\/profile.php?id=100063593791305&amp;locale=es_ES\"><img decoding=\"async\" class=\"alignnone size-medium\" src=\"https:\/\/blogger.googleusercontent.com\/img\/b\/R29vZ2xl\/AVvXsEi8_n_ll8UOcGxCqzFvb_9Io4ICczlGC990BPtPj2w9Px-u7B3oqWUW5vtjZUqPNJ-nyjiUIorE0ATsib_l5tV8BVN-UJ03RTnU__IHJF_4DgDBtY4LIqXNG-FomrO-7ywes20CBCRM2Hcm7EJSh3UUw1dO-c_uTflUrtgY1i7uBRezj_DpympmEFkfbQY\/s1600\/logo-principal2.jpg\" width=\"100%\" height=\"100\" \/><\/a><!--bestpublic-voz03--><!--desk-in-out-voz03--><br \/>\n<!--publicidad-voz04--><a href=\"https:\/\/www.facebook.com\/profile.php?id=61557370768692&amp;locale=es_ES\"><img decoding=\"async\" class=\"alignnone size-medium\" src=\"https:\/\/blogger.googleusercontent.com\/img\/b\/R29vZ2xl\/AVvXsEgy5RdcfffrnrItnYTcV9bCJjgJwldsQLWssfVfrLbyfXeBNTFKgBf0rMIvhrUaGUhiXzVr9_eQgCbi-j63ZDpfTvLIty9w7s140y-m1yHe7eKmEK7v2NAHUJDVYGdfeiQFeRCqUjdwWmN1MX_AUxxz4IVdJ4WIM0APxit8bjWkXzrnEFGqBvW_1F13H1g\/s1600\/logo-principal5.jpg\" width=\"100%\" height=\"100\" \/><\/a><!--bestpublic-voz04--><!--desk-in-out-voz04--><br \/>\n<!--publicidad-voz05--><a href=\"https:\/\/www.facebook.com\/asociaciontamborileroshellin?locale=es_ES\"><img decoding=\"async\" class=\"alignnone size-medium\" src=\"https:\/\/blogger.googleusercontent.com\/img\/b\/R29vZ2xl\/AVvXsEhHEEpZsKK1VpwiYMrS7aE2ujtqIDZoLd4B5wtbiseSU9s2HdTdQfhF84So2XwEB1fv0BLw95GADm6hUl1bkKtzh-eIgVigXONuu_5RxeIMPhjk8q6uNX4EaEHbooKkbu7pCADWPpVJjhKIH5NQSJpWqedC-YBez4QAQeJYokkLot9bhrIaUAeztsGis6M\/s1600\/logo-principal3.jpg\" width=\"100%\" height=\"100\" \/><\/a><!--bestpublic-voz05--><!--desk-in-out-voz05--><br \/>\n<!--publicidad-voz06--><!--bestpublic-voz06--><!--desk-in-out-voz06--><br \/>\n<!--publicidad-voz07--><!--bestpublic-voz07--><!--desk-in-out-voz07--><br \/>\n<!--publicidad-voz08--><!--bestpublic-voz08--><!--desk-in-out-voz08--><br \/>\n<!--publicidad-voz09--><!--bestpublic-voz09--><!--desk-in-out-voz09--><br \/>\n<!--publicidad-voz10--><!--bestpublic-voz10--><!--desk-in-out-voz10--><br \/>\n<!--publicidad-voz11--><!--bestpublic-voz11--><!--desk-in-out-voz11--><br \/>\n<!--publicidad-voz12--><!--bestpublic-voz12--><!--desk-in-out-voz12--><br \/>\n<!--publicidad-voz13--><!--bestpublic-voz13--><!--desk-in-out-voz13--><br \/>\n<!--publicidad-voz14--><!--bestpublic-voz14--><!--desk-in-out-voz14--><br \/>\n<!--publicidad-voz15--><!--bestpublic-voz15--><!--desk-in-out-voz15--><br \/>\n<!--publicidad-voz16--><!--bestpublic-voz16--><!--desk-in-out-voz16--><\/p>\n","protected":false},"excerpt":{"rendered":"<p>El Colegio de la Abogac\u00eda de Albacete (ICALBA) \u2018estrena\u2019 sede en la calle Caldereros de la capital provincial coincidiendo, adem\u00e1s, con la celebraci\u00f3n de su 190\u00ba aniversario.<\/p>\n","protected":false},"author":2,"featured_media":151334,"comment_status":"closed","ping_status":"closed","sticky":false,"template":"","format":"standard","meta":{"footnotes":""},"categories":[755,718,715,716,717],"tags":[],"class_list":["post-151333","post","type-post","status-publish","format-standard","has-post-thumbnail","hentry","category-blog-lv036","category-blogger","category-la-voz-de-hellin","category-la-voz-de-hellin-la-voz-de-hellin","category-noticias"],"_links":{"self":[{"href":"https:\/\/lavozdehellin.com\/noticias\/wp-json\/wp\/v2\/posts\/151333","targetHints":{"allow":["GET"]}}],"collection":[{"href":"https:\/\/lavozdehellin.com\/noticias\/wp-json\/wp\/v2\/posts"}],"about":[{"href":"https:\/\/lavozdehellin.com\/noticias\/wp-json\/wp\/v2\/types\/post"}],"author":[{"embeddable":true,"href":"https:\/\/lavozdehellin.com\/noticias\/wp-json\/wp\/v2\/users\/2"}],"replies":[{"embeddable":true,"href":"https:\/\/lavozdehellin.com\/noticias\/wp-json\/wp\/v2\/comments?post=151333"}],"version-history":[{"count":0,"href":"https:\/\/lavozdehellin.com\/noticias\/wp-json\/wp\/v2\/posts\/151333\/revisions"}],"wp:featuredmedia":[{"embeddable":true,"href":"https:\/\/lavozdehellin.com\/noticias\/wp-json\/wp\/v2\/media\/151334"}],"wp:attachment":[{"href":"https:\/\/lavozdehellin.com\/noticias\/wp-json\/wp\/v2\/media?parent=151333"}],"wp:term":[{"taxonomy":"category","embeddable":true,"href":"https:\/\/lavozdehellin.com\/noticias\/wp-json\/wp\/v2\/categories?post=151333"},{"taxonomy":"post_tag","embeddable":true,"href":"https:\/\/lavozdehellin.com\/noticias\/wp-json\/wp\/v2\/tags?post=151333"}],"curies":[{"name":"wp","href":"https:\/\/api.w.org\/{rel}","templated":true}]}}