{"id":151336,"date":"2024-06-19T11:18:05","date_gmt":"2024-06-19T09:18:05","guid":{"rendered":"https:\/\/lavozdehellin.com\/noticias\/?p=151336"},"modified":"2024-07-01T11:31:42","modified_gmt":"2024-07-01T09:31:42","slug":"v08-789-lvh-noticias-cabanero-me-parece-muy-incompatible-no-creer-en-la-justicia-social-ni-en-la-economia-social-y-llamarse-constitucionalista","status":"publish","type":"post","link":"https:\/\/lavozdehellin.com\/noticias\/v08-789-lvh-noticias-cabanero-me-parece-muy-incompatible-no-creer-en-la-justicia-social-ni-en-la-economia-social-y-llamarse-constitucionalista\/","title":{"rendered":"LVH NOTICIAS | CABA\u00d1ERO: \u00abME PARECE MUY INCOMPATIBLE NO CREER EN LA JUSTICIA SOCIAL NI EN LA ECONOM\u00cdA SOCIAL Y LLAMARSE \u2018CONSTITUCIONALISTA\u2019\u201d"},"content":{"rendered":"<p style=\"text-align: justify;\">Hoy, el Centro Social de Casas Ib\u00e1\u00f1ez ha acogido una Jornada de Econom\u00eda Social impulsada por la Academia de Ciencias Sociales y Humanidades de Castilla-La Mancha y patrocinada por la Diputaci\u00f3n de Albacete.<\/p>\n<p><!--more--><br \/>\n<!--publicidad-voz01--><a href=\"https:\/\/www.facebook.com\/SoloRadioHellin\/?locale=es_ES\"><img decoding=\"async\" class=\"alignnone size-medium\" src=\"https:\/\/blogger.googleusercontent.com\/img\/b\/R29vZ2xl\/AVvXsEiNncirNnyGedv00mhjZjh5Wl4_YPdJGanoAl8tL8zH-HwqE8uHqjEfSt340RHdx-9tuCSIkZ8rFamZiGyYlgDGxCsmXjCH_1xk5eYM3ntFZRvJP_jndOKR7w1UAo9Tu0vrZyOLfqRpHIxYI5SymJJ-pfGCQw6QVpggBH-UgfjiFQ2JOxqxG0Jx94kW83c\/s1600\/logo-principal.jpg\" width=\"100%\" height=\"100\" \/><\/a><!--bestpublic-voz01--><!--desk-in-out-voz01--><br \/>\n<!--publicidad-voz02--><a href=\"https:\/\/www.hellincf.com\/\"><img decoding=\"async\" class=\"alignnone size-medium\" src=\"https:\/\/blogger.googleusercontent.com\/img\/b\/R29vZ2xl\/AVvXsEhuZ4-XfBVj3UtdP8-RZugy3WVrg-Zv28c53m4oV47qYCxL1rX_dqWX_YddsGSnpH5SRDqZ7bZeKPIfDVCDncpjVlhy3aQs2vojcJBn7Gdv9hC2_Nzct_pRFrnFE1a7KTCdY1bT_kAgnY3-iadRZrGeJf1fR2P5fu11bokx0pWjaypoy-ctwCjklldpEbA\/s1600\/logo-principal7.jpg\" width=\"100%\" height=\"100\" \/><\/a><!--bestpublic-voz02--><!--desk-in-out-voz02--><\/p>\n<p style=\"text-align: justify;\">Titulada \u2018Presente y Futuro de la Econom\u00eda Social: Una Visi\u00f3n Desde el Territorio y las Personas\u2019, ha reunido a representantes del \u00e1mbito social y econ\u00f3mico para discutir los retos y perspectivas de la econom\u00eda social en la regi\u00f3n.<\/p>\n<p style=\"text-align: justify;\">El acto inaugural ha contado con la participaci\u00f3n del presidente provincial, Santi Caba\u00f1ero, acompa\u00f1ado por el diputado provincial coordinador del \u00c1rea Social, Jos\u00e9 Gonz\u00e1lez; Amparo Merino Segovia, secretaria de Estado de Econom\u00eda Social; Jos\u00e9 Mar\u00eda Garc\u00eda Mart\u00ednez, alcalde de Casas Ib\u00e1\u00f1ez; Luis Arroyo Zapatero, presidente de la Academia de Ciencias Sociales y Humanidades; Luis Cayo P\u00e9rez Bueno, presidente del CERMI y vicepresidente de la Plataforma del Tercer Sector; y Alba Rodr\u00edguez Caba\u00f1ero, directora General de Mayores de la JCCM.<\/p>\n<p style=\"text-align: justify;\">Avanzar en una \u2018econom\u00eda con coraz\u00f3n\u2019 que tenga a las personas en el eje de la acci\u00f3n<\/p>\n<p style=\"text-align: justify;\">En su intervenci\u00f3n, el presidente de la Diputaci\u00f3n de Albacete, ha expresado su gratitud a la Academia por la elecci\u00f3n de Casas Ib\u00e1\u00f1ez y Villamalea como sedes de esta jornada que, en su desarrollo, \u2018har\u00e1 parada\u2019 en ambas localidades y ha dado la bienvenida a los y las asistentes a \u2018su\u2019 querida comarca de La Manchuela, \u201ccon una amplia tradici\u00f3n cooperativa\u201d.<\/p>\n<p style=\"text-align: justify;\">Una tradici\u00f3n, ha explicado, \u201cque viene de muy lejos (incluso en el mundo financiero), y que en los a\u00f1os \u201860-\u201870, cuando el interior de nuestro pa\u00eds se estaba desangrando con el tema de la despoblaci\u00f3n, las cooperativas ayudaron y mucho a frenarla en nuestros pueblos; probablemente en aquel momento era una forma de supervivencia para poder defender especialmente sus productos, donde la cantidad importaba y hab\u00eda que agruparse para poder defender sus productos; probablemente en aquel momento no se estaba pensando ni en la justicia social ni en la econom\u00eda de los servicios a las personas, pero s\u00ed que ya \u00e9sa era una forma de resistencia para poder mantenerse en sus pueblos\u201d.<\/p>\n<p style=\"text-align: justify;\">Algo en lo que, ha reiterado, esta comarca ha sido \u201creferencia\u201d desde cada uno de sus pueblos, evolucionando en ese sentido hasta hacer que \u201choy, el mundo de la econom\u00eda social, el mundo cooperativo, vaya mucho m\u00e1s all\u00e1 y haya introducido tambi\u00e9n esos elementos de justicia social y poner a la persona por encima del capital para hacerla hacerla centro de lo que tiene que ser la acci\u00f3n p\u00fablica\u201d.<\/p>\n<p style=\"text-align: justify;\">Con palabras de cari\u00f1o hacia Collado, que fue su Rector en su \u00e9poca de estudiante, Caba\u00f1ero ha aprovechando para destacar el valor de esta Academia de Ciencias Sociales y Humanidades, que \u00abha venido a seguir enriqueciendo a esta provincia y a esta regi\u00f3n\u00bb y que, ha reiterado, cuenta con el apoyo de la Diputaci\u00f3n.<\/p>\n<p style=\"text-align: justify;\">Caba\u00f1ero recuerda que \u201cla Constituci\u00f3n nos define como un Estado Social e insta a las administraciones a velar por \u00e9l \u201capoyando especialmente la econom\u00eda social\u201d<\/p>\n<p style=\"text-align: justify;\">Durante su discurso, Santi Caba\u00f1ero ha subrayado la importancia de la econom\u00eda social como un modelo econ\u00f3mico que prioriza la igualdad de oportunidades y el bienestar de las personas. \u00abEn una sociedad como \u00e9sta, que se mueve a un ritmo fren\u00e9tico y enfrenta innumerables desaf\u00edos, urge la necesidad de avanzar en una \u2018econom\u00eda con coraz\u00f3n\u2019, en econom\u00eda social, siendo plenamente conscientes de que somos un territorio privilegiado que cuenta con \u2018agentes\u2019 y una sociedad articulada llena de compromiso\u00bb, ha declarado.<\/p>\n<p style=\"text-align: justify;\">\u201cEn estos tiempos en los que en los que tanto \u2018manoseamos\u2019 la Constituci\u00f3n y la utilizamos tanto (a veces incluso para pervertir su verdadero esp\u00edritu), me gustar\u00eda recordar, a esos que se hacen llamar \u2018constitucionalistas\u2019 y luego s\u00f3lo se creen una parte de ella, que la Constituci\u00f3n, en su art\u00edculo 1, empieza diciendo que \u2018Espa\u00f1a es un Estado Social\u2019; luego contin\u00faa con \u2018Democr\u00e1tico\u2019 y \u2018de Derecho\u2019 pero, lo primero que dice, es que Espa\u00f1a es un Estado Social y, por tanto, me parece muy incompatible no creer en la justicia social y llamarse \u2018constitucionalista\u2019. La justicia social es b\u00e1sica, es una de las claves de nuestro ordenamiento: somos un Estado Social y, por eso, la econom\u00eda social tiene que ser muy importante y, desde las administraciones p\u00fablicas (respetando, como no puede ser de otra manera, otros sistemas de producci\u00f3n y otras formas de producci\u00f3n) debemos apoyar especialmente la econom\u00eda social y darle un especial impulso\u201d, ha se\u00f1alado.<\/p>\n<p style=\"text-align: justify;\">En este sentido, ha profundizado asegurando que \u201cno podemos medir igual lo que es desigual\u201d e instando a las Administraciones P\u00fablicas a \u201cvelar por esa solidaridad que nos manda la Constituci\u00f3n, apoyando m\u00e1s aquellas personas que puedan tener una situaci\u00f3n de especial vulnerabilidad; porque todos somos especialmente vulnerables en un momento dado de nuestra vida, y las Administraciones P\u00fablicas tenemos que dar respuesta a eso\u201d, ha reiterado.<\/p>\n<p style=\"text-align: justify;\">Adem\u00e1s, ha resaltado la necesidad de trabajar conjuntamente para avanzar hacia un desarrollo sostenible en t\u00e9rminos econ\u00f3micos, territoriales, medioambientales y sociales, en l\u00ednea con la Agenda 2030.<\/p>\n<p style=\"text-align: justify;\">El presidente ha insistido en la necesidad de promover la econom\u00eda social para lograr una mayor cohesi\u00f3n social y territorial, as\u00ed como para mejorar la calidad de vida de la poblaci\u00f3n rural, haciendo que trabajar desde una perspectiva social sea el \u2018superalimento\u2019 de las \u00e1reas rurales para llevar m\u00e1s derechos y m\u00e1s bienestar para la poblaci\u00f3n rural.<\/p>\n<p style=\"text-align: justify;\">Mesa Redonda y Actividades<\/p>\n<p style=\"text-align: justify;\">La jornada ha continuado con dos mesas redondas. La primera, titulada \u2018Retos y perspectivas de la Econom\u00eda Social\u2019, ha sido moderada por Mar\u00eda Jos\u00e9 Romero Rodenas, y ha contado con la participaci\u00f3n de Aicha Belassir Khayati, Juan Antonio Pedre\u00f1o y Pepa Torres Mart\u00ednez. La segunda, \u2018Desaf\u00edos y modelos de Econom\u00eda Social en Castilla-La Mancha\u2019, moderada por Antonio Roncero S\u00e1nchez, ha contado con la intervenci\u00f3n de Juan Miguel del Real, Jos\u00e9 Antonio Romero Manzanares y Pedro S\u00e1ez Cruz.<\/p>\n<p style=\"text-align: justify;\">Adem\u00e1s, los y las participantes han realizado una visita a Sercoama y se han trasladado a Villamalea para disfrutar de una comida en la sede de la Denominaci\u00f3n de Origen La Manchuela y, posteriormente, visitar la empresa Champinter.<\/p>\n<p><!--publicidad-voz03--><a href=\"https:\/\/www.facebook.com\/profile.php?id=100063593791305&amp;locale=es_ES\"><img decoding=\"async\" class=\"alignnone size-medium\" src=\"https:\/\/blogger.googleusercontent.com\/img\/b\/R29vZ2xl\/AVvXsEi8_n_ll8UOcGxCqzFvb_9Io4ICczlGC990BPtPj2w9Px-u7B3oqWUW5vtjZUqPNJ-nyjiUIorE0ATsib_l5tV8BVN-UJ03RTnU__IHJF_4DgDBtY4LIqXNG-FomrO-7ywes20CBCRM2Hcm7EJSh3UUw1dO-c_uTflUrtgY1i7uBRezj_DpympmEFkfbQY\/s1600\/logo-principal2.jpg\" width=\"100%\" height=\"100\" \/><\/a><!--bestpublic-voz03--><!--desk-in-out-voz03--><br \/>\n<!--publicidad-voz04--><a href=\"https:\/\/www.facebook.com\/profile.php?id=61557370768692&amp;locale=es_ES\"><img decoding=\"async\" class=\"alignnone size-medium\" src=\"https:\/\/blogger.googleusercontent.com\/img\/b\/R29vZ2xl\/AVvXsEgy5RdcfffrnrItnYTcV9bCJjgJwldsQLWssfVfrLbyfXeBNTFKgBf0rMIvhrUaGUhiXzVr9_eQgCbi-j63ZDpfTvLIty9w7s140y-m1yHe7eKmEK7v2NAHUJDVYGdfeiQFeRCqUjdwWmN1MX_AUxxz4IVdJ4WIM0APxit8bjWkXzrnEFGqBvW_1F13H1g\/s1600\/logo-principal5.jpg\" width=\"100%\" height=\"100\" \/><\/a><!--bestpublic-voz04--><!--desk-in-out-voz04--><br \/>\n<!--publicidad-voz05--><a href=\"https:\/\/www.facebook.com\/asociaciontamborileroshellin?locale=es_ES\"><img decoding=\"async\" class=\"alignnone size-medium\" src=\"https:\/\/blogger.googleusercontent.com\/img\/b\/R29vZ2xl\/AVvXsEhHEEpZsKK1VpwiYMrS7aE2ujtqIDZoLd4B5wtbiseSU9s2HdTdQfhF84So2XwEB1fv0BLw95GADm6hUl1bkKtzh-eIgVigXONuu_5RxeIMPhjk8q6uNX4EaEHbooKkbu7pCADWPpVJjhKIH5NQSJpWqedC-YBez4QAQeJYokkLot9bhrIaUAeztsGis6M\/s1600\/logo-principal3.jpg\" width=\"100%\" height=\"100\" \/><\/a><!--bestpublic-voz05--><!--desk-in-out-voz05--><br \/>\n<!--publicidad-voz06--><!--bestpublic-voz06--><!--desk-in-out-voz06--><br \/>\n<!--publicidad-voz07--><!--bestpublic-voz07--><!--desk-in-out-voz07--><br \/>\n<!--publicidad-voz08--><!--bestpublic-voz08--><!--desk-in-out-voz08--><br \/>\n<!--publicidad-voz09--><!--bestpublic-voz09--><!--desk-in-out-voz09--><br \/>\n<!--publicidad-voz10--><!--bestpublic-voz10--><!--desk-in-out-voz10--><br \/>\n<!--publicidad-voz11--><!--bestpublic-voz11--><!--desk-in-out-voz11--><br \/>\n<!--publicidad-voz12--><!--bestpublic-voz12--><!--desk-in-out-voz12--><br \/>\n<!--publicidad-voz13--><!--bestpublic-voz13--><!--desk-in-out-voz13--><br \/>\n<!--publicidad-voz14--><!--bestpublic-voz14--><!--desk-in-out-voz14--><br \/>\n<!--publicidad-voz15--><!--bestpublic-voz15--><!--desk-in-out-voz15--><br \/>\n<!--publicidad-voz16--><!--bestpublic-voz16--><!--desk-in-out-voz16--><\/p>\n","protected":false},"excerpt":{"rendered":"<p>Hoy, el Centro Social de Casas Ib\u00e1\u00f1ez ha acogido una Jornada de Econom\u00eda Social impulsada por la Academia de Ciencias Sociales y Humanidades de Castilla-La Mancha y patrocinada por la&#8230;<\/p>\n","protected":false},"author":2,"featured_media":151337,"comment_status":"closed","ping_status":"closed","sticky":false,"template":"","format":"standard","meta":{"footnotes":""},"categories":[755,718,715,716,717],"tags":[],"class_list":["post-151336","post","type-post","status-publish","format-standard","has-post-thumbnail","hentry","category-blog-lv036","category-blogger","category-la-voz-de-hellin","category-la-voz-de-hellin-la-voz-de-hellin","category-noticias"],"_links":{"self":[{"href":"https:\/\/lavozdehellin.com\/noticias\/wp-json\/wp\/v2\/posts\/151336","targetHints":{"allow":["GET"]}}],"collection":[{"href":"https:\/\/lavozdehellin.com\/noticias\/wp-json\/wp\/v2\/posts"}],"about":[{"href":"https:\/\/lavozdehellin.com\/noticias\/wp-json\/wp\/v2\/types\/post"}],"author":[{"embeddable":true,"href":"https:\/\/lavozdehellin.com\/noticias\/wp-json\/wp\/v2\/users\/2"}],"replies":[{"embeddable":true,"href":"https:\/\/lavozdehellin.com\/noticias\/wp-json\/wp\/v2\/comments?post=151336"}],"version-history":[{"count":0,"href":"https:\/\/lavozdehellin.com\/noticias\/wp-json\/wp\/v2\/posts\/151336\/revisions"}],"wp:featuredmedia":[{"embeddable":true,"href":"https:\/\/lavozdehellin.com\/noticias\/wp-json\/wp\/v2\/media\/151337"}],"wp:attachment":[{"href":"https:\/\/lavozdehellin.com\/noticias\/wp-json\/wp\/v2\/media?parent=151336"}],"wp:term":[{"taxonomy":"category","embeddable":true,"href":"https:\/\/lavozdehellin.com\/noticias\/wp-json\/wp\/v2\/categories?post=151336"},{"taxonomy":"post_tag","embeddable":true,"href":"https:\/\/lavozdehellin.com\/noticias\/wp-json\/wp\/v2\/tags?post=151336"}],"curies":[{"name":"wp","href":"https:\/\/api.w.org\/{rel}","templated":true}]}}