{"id":151339,"date":"2024-06-19T12:13:16","date_gmt":"2024-06-19T10:13:16","guid":{"rendered":"https:\/\/lavozdehellin.com\/noticias\/?p=151339"},"modified":"2024-07-01T11:31:41","modified_gmt":"2024-07-01T09:31:41","slug":"v08-790-lvh-noticias-la-diputacion-de-albacete-se-suma-al-acto-institucional-de-homenaje-a-los-policias-nacionales-que-han-sido-victimas-del-terrorismo","status":"publish","type":"post","link":"https:\/\/lavozdehellin.com\/noticias\/v08-790-lvh-noticias-la-diputacion-de-albacete-se-suma-al-acto-institucional-de-homenaje-a-los-policias-nacionales-que-han-sido-victimas-del-terrorismo\/","title":{"rendered":"LVH NOTICIAS | LA DIPUTACI\u00d3N DE ALBACETE SE SUMA AL ACTO INSTITUCIONAL DE HOMENAJE A LOS POLIC\u00cdAS NACIONALES QUE HAN SIDO V\u00cdCTIMAS DEL TERRORISMO"},"content":{"rendered":"<p style=\"text-align: justify;\">El diputado provincial de Medio Ambiente, Jos\u00e9 Antonio G\u00f3mez, ha encabezado la representaci\u00f3n de la Diputaci\u00f3n de Albacete en el acto institucional de homenaje a los y las polic\u00edas nacionales que han sido v\u00edctimas del terrorismo, y tambi\u00e9n a quienes han fallecido en acto de servicio.<\/p>\n<p><!--more--><br \/>\n<!--publicidad-voz01--><a href=\"https:\/\/www.facebook.com\/SoloRadioHellin\/?locale=es_ES\"><img decoding=\"async\" class=\"alignnone size-medium\" src=\"https:\/\/blogger.googleusercontent.com\/img\/b\/R29vZ2xl\/AVvXsEiNncirNnyGedv00mhjZjh5Wl4_YPdJGanoAl8tL8zH-HwqE8uHqjEfSt340RHdx-9tuCSIkZ8rFamZiGyYlgDGxCsmXjCH_1xk5eYM3ntFZRvJP_jndOKR7w1UAo9Tu0vrZyOLfqRpHIxYI5SymJJ-pfGCQw6QVpggBH-UgfjiFQ2JOxqxG0Jx94kW83c\/s1600\/logo-principal.jpg\" width=\"100%\" height=\"100\" \/><\/a><!--bestpublic-voz01--><!--desk-in-out-voz01--><br \/>\n<!--publicidad-voz02--><a href=\"https:\/\/www.hellincf.com\/\"><img decoding=\"async\" class=\"alignnone size-medium\" src=\"https:\/\/blogger.googleusercontent.com\/img\/b\/R29vZ2xl\/AVvXsEhuZ4-XfBVj3UtdP8-RZugy3WVrg-Zv28c53m4oV47qYCxL1rX_dqWX_YddsGSnpH5SRDqZ7bZeKPIfDVCDncpjVlhy3aQs2vojcJBn7Gdv9hC2_Nzct_pRFrnFE1a7KTCdY1bT_kAgnY3-iadRZrGeJf1fR2P5fu11bokx0pWjaypoy-ctwCjklldpEbA\/s1600\/logo-principal7.jpg\" width=\"100%\" height=\"100\" \/><\/a><!--bestpublic-voz02--><!--desk-in-out-voz02--><\/p>\n<p style=\"text-align: justify;\">Esta cita, presidida por el subdelegado del Gobierno en el territorio, Miguel Juan Espinosa, se ha celebrado en la Plaza del Altozano en el marco del 200 Aniversario de la creaci\u00f3n de este Cuerpo, sum\u00e1ndose as\u00ed nuestro territorio a los sucesivos homenajes que se vienen realizando en diferentes puntos de la geograf\u00eda espa\u00f1ola tras la declaraci\u00f3n, por parte del Ministerio de Interior, del 16 de junio como el D\u00eda de las V\u00edctimas del Terrorismo en la Polic\u00eda Nacional (coincidiendo con la fecha en la que la organizaci\u00f3n terrorista ETA asesin\u00f3 en 1981 a la inspectora jefa Mar\u00eda Jos\u00e9 Garc\u00eda S\u00e1nchez en Zarauz).<\/p>\n<p style=\"text-align: justify;\">En nombre del presidente de la Diputaci\u00f3n (Santi Caba\u00f1ero), Jos\u00e9 Antonio G\u00f3mez ha tenido la oportunidad de trasladar al Comisario Jefe Provincial de Polic\u00eda de Albacete, Antonio Bueno T\u00e9bar, el cari\u00f1o de la provincia y el reconocimiento por la labor que han llevado a cabo en estos dos siglos de historia, remarcando el papel de la Polic\u00eda Nacional en la lucha contra el terrorismo, tanto en el caso de ETA, como de otros grupos que han actuado en Espa\u00f1a, y ha subrayado su contribuci\u00f3n \u201ca la democracia, a la paz, a la convivencia, y a la libertad\u201d, incidiendo en el compromiso que siempre han demostrado con la ciudadan\u00eda de esta provincia.<\/p>\n<p style=\"text-align: justify;\">El acto, en el que se ha recordado a los 188 polic\u00edas nacionales v\u00edctimas del terrorismo en Espa\u00f1a, ha contado con un homenaje especial a dos miembros de este Cuerpo vinculados con Albacete: Emilio Garc\u00eda Mart\u00ednez (asesinado en 1983 a manos del Grapo) y Francisco Calixto Noguera (asesinado en 1980 durante un atraco en la ciudad), para cuyos familiares Gonz\u00e1lez tambi\u00e9n ha tenido palabras de cari\u00f1o.<\/p>\n<p style=\"text-align: justify;\">Tambi\u00e9n han participado en esta cita diputados provinciales del Grupo Popular y de Vox.<\/p>\n<p><!--publicidad-voz03--><a href=\"https:\/\/www.facebook.com\/profile.php?id=100063593791305&amp;locale=es_ES\"><img decoding=\"async\" class=\"alignnone size-medium\" src=\"https:\/\/blogger.googleusercontent.com\/img\/b\/R29vZ2xl\/AVvXsEi8_n_ll8UOcGxCqzFvb_9Io4ICczlGC990BPtPj2w9Px-u7B3oqWUW5vtjZUqPNJ-nyjiUIorE0ATsib_l5tV8BVN-UJ03RTnU__IHJF_4DgDBtY4LIqXNG-FomrO-7ywes20CBCRM2Hcm7EJSh3UUw1dO-c_uTflUrtgY1i7uBRezj_DpympmEFkfbQY\/s1600\/logo-principal2.jpg\" width=\"100%\" height=\"100\" \/><\/a><!--bestpublic-voz03--><!--desk-in-out-voz03--><br \/>\n<!--publicidad-voz04--><a href=\"https:\/\/www.facebook.com\/profile.php?id=61557370768692&amp;locale=es_ES\"><img decoding=\"async\" class=\"alignnone size-medium\" src=\"https:\/\/blogger.googleusercontent.com\/img\/b\/R29vZ2xl\/AVvXsEgy5RdcfffrnrItnYTcV9bCJjgJwldsQLWssfVfrLbyfXeBNTFKgBf0rMIvhrUaGUhiXzVr9_eQgCbi-j63ZDpfTvLIty9w7s140y-m1yHe7eKmEK7v2NAHUJDVYGdfeiQFeRCqUjdwWmN1MX_AUxxz4IVdJ4WIM0APxit8bjWkXzrnEFGqBvW_1F13H1g\/s1600\/logo-principal5.jpg\" width=\"100%\" height=\"100\" \/><\/a><!--bestpublic-voz04--><!--desk-in-out-voz04--><br \/>\n<!--publicidad-voz05--><a href=\"https:\/\/www.facebook.com\/asociaciontamborileroshellin?locale=es_ES\"><img decoding=\"async\" class=\"alignnone size-medium\" src=\"https:\/\/blogger.googleusercontent.com\/img\/b\/R29vZ2xl\/AVvXsEhHEEpZsKK1VpwiYMrS7aE2ujtqIDZoLd4B5wtbiseSU9s2HdTdQfhF84So2XwEB1fv0BLw95GADm6hUl1bkKtzh-eIgVigXONuu_5RxeIMPhjk8q6uNX4EaEHbooKkbu7pCADWPpVJjhKIH5NQSJpWqedC-YBez4QAQeJYokkLot9bhrIaUAeztsGis6M\/s1600\/logo-principal3.jpg\" width=\"100%\" height=\"100\" \/><\/a><!--bestpublic-voz05--><!--desk-in-out-voz05--><br \/>\n<!--publicidad-voz06--><!--bestpublic-voz06--><!--desk-in-out-voz06--><br \/>\n<!--publicidad-voz07--><!--bestpublic-voz07--><!--desk-in-out-voz07--><br \/>\n<!--publicidad-voz08--><!--bestpublic-voz08--><!--desk-in-out-voz08--><br \/>\n<!--publicidad-voz09--><!--bestpublic-voz09--><!--desk-in-out-voz09--><br \/>\n<!--publicidad-voz10--><!--bestpublic-voz10--><!--desk-in-out-voz10--><br \/>\n<!--publicidad-voz11--><!--bestpublic-voz11--><!--desk-in-out-voz11--><br \/>\n<!--publicidad-voz12--><!--bestpublic-voz12--><!--desk-in-out-voz12--><br \/>\n<!--publicidad-voz13--><!--bestpublic-voz13--><!--desk-in-out-voz13--><br \/>\n<!--publicidad-voz14--><!--bestpublic-voz14--><!--desk-in-out-voz14--><br \/>\n<!--publicidad-voz15--><!--bestpublic-voz15--><!--desk-in-out-voz15--><br \/>\n<!--publicidad-voz16--><!--bestpublic-voz16--><!--desk-in-out-voz16--><\/p>\n","protected":false},"excerpt":{"rendered":"<p>El diputado provincial de Medio Ambiente, Jos\u00e9 Antonio G\u00f3mez, ha encabezado la representaci\u00f3n de la Diputaci\u00f3n de Albacete en el acto institucional de homenaje a los y las polic\u00edas nacionales&#8230;<\/p>\n","protected":false},"author":2,"featured_media":151340,"comment_status":"closed","ping_status":"closed","sticky":false,"template":"","format":"standard","meta":{"footnotes":""},"categories":[755,718,715,716,717],"tags":[],"class_list":["post-151339","post","type-post","status-publish","format-standard","has-post-thumbnail","hentry","category-blog-lv036","category-blogger","category-la-voz-de-hellin","category-la-voz-de-hellin-la-voz-de-hellin","category-noticias"],"_links":{"self":[{"href":"https:\/\/lavozdehellin.com\/noticias\/wp-json\/wp\/v2\/posts\/151339","targetHints":{"allow":["GET"]}}],"collection":[{"href":"https:\/\/lavozdehellin.com\/noticias\/wp-json\/wp\/v2\/posts"}],"about":[{"href":"https:\/\/lavozdehellin.com\/noticias\/wp-json\/wp\/v2\/types\/post"}],"author":[{"embeddable":true,"href":"https:\/\/lavozdehellin.com\/noticias\/wp-json\/wp\/v2\/users\/2"}],"replies":[{"embeddable":true,"href":"https:\/\/lavozdehellin.com\/noticias\/wp-json\/wp\/v2\/comments?post=151339"}],"version-history":[{"count":0,"href":"https:\/\/lavozdehellin.com\/noticias\/wp-json\/wp\/v2\/posts\/151339\/revisions"}],"wp:featuredmedia":[{"embeddable":true,"href":"https:\/\/lavozdehellin.com\/noticias\/wp-json\/wp\/v2\/media\/151340"}],"wp:attachment":[{"href":"https:\/\/lavozdehellin.com\/noticias\/wp-json\/wp\/v2\/media?parent=151339"}],"wp:term":[{"taxonomy":"category","embeddable":true,"href":"https:\/\/lavozdehellin.com\/noticias\/wp-json\/wp\/v2\/categories?post=151339"},{"taxonomy":"post_tag","embeddable":true,"href":"https:\/\/lavozdehellin.com\/noticias\/wp-json\/wp\/v2\/tags?post=151339"}],"curies":[{"name":"wp","href":"https:\/\/api.w.org\/{rel}","templated":true}]}}