{"id":151343,"date":"2024-06-19T19:34:06","date_gmt":"2024-06-19T17:34:06","guid":{"rendered":"https:\/\/lavozdehellin.com\/noticias\/?p=151343"},"modified":"2024-07-01T11:31:41","modified_gmt":"2024-07-01T09:31:41","slug":"v08-791-lvh-noticias-la-diputacion-participa-en-la-jornada-impulsada-por-cc-oo-albacete-en-defensa-del-tren","status":"publish","type":"post","link":"https:\/\/lavozdehellin.com\/noticias\/v08-791-lvh-noticias-la-diputacion-participa-en-la-jornada-impulsada-por-cc-oo-albacete-en-defensa-del-tren\/","title":{"rendered":"LVH NOTICIAS | LA DIPUTACI\u00d3N PARTICIPA EN LA JORNADA IMPULSADA POR CC.OO. \u2018ALBACETE EN DEFENSA DEL TREN\u2019"},"content":{"rendered":"<p style=\"text-align: justify;\">El Sal\u00f3n de Actos de la Diputaci\u00f3n de Albacete ha acogido la jornada que Comisiones Obreras (CC.OO.) ha organizado bajo el lema \u2018Albacete en defensa del tren.<\/p>\n<p><!--more--><br \/>\n<!--publicidad-voz01--><a href=\"https:\/\/www.facebook.com\/SoloRadioHellin\/?locale=es_ES\"><img decoding=\"async\" class=\"alignnone size-medium\" src=\"https:\/\/blogger.googleusercontent.com\/img\/b\/R29vZ2xl\/AVvXsEiNncirNnyGedv00mhjZjh5Wl4_YPdJGanoAl8tL8zH-HwqE8uHqjEfSt340RHdx-9tuCSIkZ8rFamZiGyYlgDGxCsmXjCH_1xk5eYM3ntFZRvJP_jndOKR7w1UAo9Tu0vrZyOLfqRpHIxYI5SymJJ-pfGCQw6QVpggBH-UgfjiFQ2JOxqxG0Jx94kW83c\/s1600\/logo-principal.jpg\" width=\"100%\" height=\"100\" \/><\/a><!--bestpublic-voz01--><!--desk-in-out-voz01--><br \/>\n<!--publicidad-voz02--><a href=\"https:\/\/www.hellincf.com\/\"><img decoding=\"async\" class=\"alignnone size-medium\" src=\"https:\/\/blogger.googleusercontent.com\/img\/b\/R29vZ2xl\/AVvXsEhuZ4-XfBVj3UtdP8-RZugy3WVrg-Zv28c53m4oV47qYCxL1rX_dqWX_YddsGSnpH5SRDqZ7bZeKPIfDVCDncpjVlhy3aQs2vojcJBn7Gdv9hC2_Nzct_pRFrnFE1a7KTCdY1bT_kAgnY3-iadRZrGeJf1fR2P5fu11bokx0pWjaypoy-ctwCjklldpEbA\/s1600\/logo-principal7.jpg\" width=\"100%\" height=\"100\" \/><\/a><!--bestpublic-voz02--><!--desk-in-out-voz02--><\/p>\n<p style=\"text-align: justify;\">\u00bfA d\u00f3nde vamos?\u2019, en las que ha participado el diputado provincial del \u00c1rea Social, Jos\u00e9 Gonz\u00e1lez.<\/p>\n<p style=\"text-align: justify;\">Con el objetivo de analizar la situaci\u00f3n actual del sector ferroviario en nuestro territorio y sus perspectivas de futuro, el responsable provincial, que ha felicitado a CC.OO. en la figura de su secretaria general en Albacete, Carmen Juste, por esta iniciativa y por el trabajo que vienen realizando en esta materia, ha tomado la palabra en una mesa de debate, reiterando el f\u00e9rreo compromiso de la instituci\u00f3n albacetense con la defensa de los intereses de la provincia, \u201cde cada uno de sus pueblos y ciudades\u201d, y de un servicio ferroviario p\u00fablico de calidad.<\/p>\n<p style=\"text-align: justify;\">Apuntando, como se ha planteado desde el sindicado, que la movilidad est\u00e1 inmersa en una transici\u00f3n hacia un modelo m\u00e1s flexible y sostenible en la que el transporte ferroviario tiene un papel protagonista, Gonz\u00e1lez ha llamado a la unidad de las administraciones, pero tambi\u00e9n de la sociedad articulada y de la ciudadan\u00eda, para abordar las problem\u00e1ticas que vive el territorio albacetense al respecto, incidiendo en la importancia que el transporte ferroviario tiene para una provincia como la nuestra, \u201cque es nudo de comunicaciones\u201d.<\/p>\n<p style=\"text-align: justify;\">En este sentido, el diputado ha destacado c\u00f3mo la vertebraci\u00f3n ferroviaria vertebra tambi\u00e9n el territorio y, al mismo tiempo, es un motor de oportunidades laborales, acad\u00e9micas, personales\u2026, subrayando que \u201cla movilidad es un derecho que favorece la igualdad de oportunidades\u201d, y ha remarcado que \u201ces muy importante tanto en lo relativo a los viajeros y viajeras, como en lo referido a mercanc\u00edas\u201d, dejando claro que en este \u00faltimo caso \u201ces estrat\u00e9gica, ya que nos va a permitir consolidarnos en una posici\u00f3n geoestrat\u00e9gica de reindustrializaci\u00f3n y de posibilidades de empleo y de desarrollo\u201d.<\/p>\n<p style=\"text-align: justify;\">Esta mesa de debate, moderada por la secretaria general de FSCCLM, Lola Cachero, e introducida, por la secretaria general del Sector Ferroviario en CCOO, Pepa P\u00e1ez, ha contado tambi\u00e9n con las intervenciones del teniente de alcalde de la ciudad, Francisco Navarro; del portavoz de la coordinadora estatal \u2018Por el tren p\u00fablico, social y sostenible\u2019; y de un representante del Sector Ferroviario del sindicato, Jos\u00e9 Garc\u00eda.<\/p>\n<p><!--publicidad-voz03--><a href=\"https:\/\/www.facebook.com\/profile.php?id=100063593791305&amp;locale=es_ES\"><img decoding=\"async\" class=\"alignnone size-medium\" src=\"https:\/\/blogger.googleusercontent.com\/img\/b\/R29vZ2xl\/AVvXsEi8_n_ll8UOcGxCqzFvb_9Io4ICczlGC990BPtPj2w9Px-u7B3oqWUW5vtjZUqPNJ-nyjiUIorE0ATsib_l5tV8BVN-UJ03RTnU__IHJF_4DgDBtY4LIqXNG-FomrO-7ywes20CBCRM2Hcm7EJSh3UUw1dO-c_uTflUrtgY1i7uBRezj_DpympmEFkfbQY\/s1600\/logo-principal2.jpg\" width=\"100%\" height=\"100\" \/><\/a><!--bestpublic-voz03--><!--desk-in-out-voz03--><br \/>\n<!--publicidad-voz04--><a href=\"https:\/\/www.facebook.com\/profile.php?id=61557370768692&amp;locale=es_ES\"><img decoding=\"async\" class=\"alignnone size-medium\" src=\"https:\/\/blogger.googleusercontent.com\/img\/b\/R29vZ2xl\/AVvXsEgy5RdcfffrnrItnYTcV9bCJjgJwldsQLWssfVfrLbyfXeBNTFKgBf0rMIvhrUaGUhiXzVr9_eQgCbi-j63ZDpfTvLIty9w7s140y-m1yHe7eKmEK7v2NAHUJDVYGdfeiQFeRCqUjdwWmN1MX_AUxxz4IVdJ4WIM0APxit8bjWkXzrnEFGqBvW_1F13H1g\/s1600\/logo-principal5.jpg\" width=\"100%\" height=\"100\" \/><\/a><!--bestpublic-voz04--><!--desk-in-out-voz04--><br \/>\n<!--publicidad-voz05--><a href=\"https:\/\/www.facebook.com\/asociaciontamborileroshellin?locale=es_ES\"><img decoding=\"async\" class=\"alignnone size-medium\" src=\"https:\/\/blogger.googleusercontent.com\/img\/b\/R29vZ2xl\/AVvXsEhHEEpZsKK1VpwiYMrS7aE2ujtqIDZoLd4B5wtbiseSU9s2HdTdQfhF84So2XwEB1fv0BLw95GADm6hUl1bkKtzh-eIgVigXONuu_5RxeIMPhjk8q6uNX4EaEHbooKkbu7pCADWPpVJjhKIH5NQSJpWqedC-YBez4QAQeJYokkLot9bhrIaUAeztsGis6M\/s1600\/logo-principal3.jpg\" width=\"100%\" height=\"100\" \/><\/a><!--bestpublic-voz05--><!--desk-in-out-voz05--><br \/>\n<!--publicidad-voz06--><!--bestpublic-voz06--><!--desk-in-out-voz06--><br \/>\n<!--publicidad-voz07--><!--bestpublic-voz07--><!--desk-in-out-voz07--><br \/>\n<!--publicidad-voz08--><!--bestpublic-voz08--><!--desk-in-out-voz08--><br \/>\n<!--publicidad-voz09--><!--bestpublic-voz09--><!--desk-in-out-voz09--><br \/>\n<!--publicidad-voz10--><!--bestpublic-voz10--><!--desk-in-out-voz10--><br \/>\n<!--publicidad-voz11--><!--bestpublic-voz11--><!--desk-in-out-voz11--><br \/>\n<!--publicidad-voz12--><!--bestpublic-voz12--><!--desk-in-out-voz12--><br \/>\n<!--publicidad-voz13--><!--bestpublic-voz13--><!--desk-in-out-voz13--><br \/>\n<!--publicidad-voz14--><!--bestpublic-voz14--><!--desk-in-out-voz14--><br \/>\n<!--publicidad-voz15--><!--bestpublic-voz15--><!--desk-in-out-voz15--><br \/>\n<!--publicidad-voz16--><!--bestpublic-voz16--><!--desk-in-out-voz16--><\/p>\n","protected":false},"excerpt":{"rendered":"<p>El Sal\u00f3n de Actos de la Diputaci\u00f3n de Albacete ha acogido la jornada que Comisiones Obreras (CC.OO.) ha organizado bajo el lema \u2018Albacete en defensa del tren.<\/p>\n","protected":false},"author":2,"featured_media":151344,"comment_status":"closed","ping_status":"closed","sticky":false,"template":"","format":"standard","meta":{"footnotes":""},"categories":[755,718,715,716,717],"tags":[],"class_list":["post-151343","post","type-post","status-publish","format-standard","has-post-thumbnail","hentry","category-blog-lv036","category-blogger","category-la-voz-de-hellin","category-la-voz-de-hellin-la-voz-de-hellin","category-noticias"],"_links":{"self":[{"href":"https:\/\/lavozdehellin.com\/noticias\/wp-json\/wp\/v2\/posts\/151343","targetHints":{"allow":["GET"]}}],"collection":[{"href":"https:\/\/lavozdehellin.com\/noticias\/wp-json\/wp\/v2\/posts"}],"about":[{"href":"https:\/\/lavozdehellin.com\/noticias\/wp-json\/wp\/v2\/types\/post"}],"author":[{"embeddable":true,"href":"https:\/\/lavozdehellin.com\/noticias\/wp-json\/wp\/v2\/users\/2"}],"replies":[{"embeddable":true,"href":"https:\/\/lavozdehellin.com\/noticias\/wp-json\/wp\/v2\/comments?post=151343"}],"version-history":[{"count":0,"href":"https:\/\/lavozdehellin.com\/noticias\/wp-json\/wp\/v2\/posts\/151343\/revisions"}],"wp:featuredmedia":[{"embeddable":true,"href":"https:\/\/lavozdehellin.com\/noticias\/wp-json\/wp\/v2\/media\/151344"}],"wp:attachment":[{"href":"https:\/\/lavozdehellin.com\/noticias\/wp-json\/wp\/v2\/media?parent=151343"}],"wp:term":[{"taxonomy":"category","embeddable":true,"href":"https:\/\/lavozdehellin.com\/noticias\/wp-json\/wp\/v2\/categories?post=151343"},{"taxonomy":"post_tag","embeddable":true,"href":"https:\/\/lavozdehellin.com\/noticias\/wp-json\/wp\/v2\/tags?post=151343"}],"curies":[{"name":"wp","href":"https:\/\/api.w.org\/{rel}","templated":true}]}}