{"id":151346,"date":"2024-06-19T20:23:04","date_gmt":"2024-06-19T18:23:04","guid":{"rendered":"https:\/\/lavozdehellin.com\/noticias\/?p=151346"},"modified":"2024-07-01T11:31:41","modified_gmt":"2024-07-01T09:31:41","slug":"v08-792-lvh-noticias-cabanero-resalta-el-papel-del-poligono-romica-y-su-apuesta-decida-por-la-economia-circular-el-equilibrio-entre-el-hoy-y-el-manana","status":"publish","type":"post","link":"https:\/\/lavozdehellin.com\/noticias\/v08-792-lvh-noticias-cabanero-resalta-el-papel-del-poligono-romica-y-su-apuesta-decida-por-la-economia-circular-el-equilibrio-entre-el-hoy-y-el-manana\/","title":{"rendered":"LVH NOTICIAS | CABA\u00d1ERO RESALTA EL PAPEL DEL POL\u00cdGONO ROMICA Y SU APUESTA DECIDA POR LA ECONOM\u00cdA CIRCULAR, \u201cEL EQUILIBRIO ENTRE EL HOY Y EL MA\u00d1ANA\u201d"},"content":{"rendered":"<p style=\"text-align: justify;\">Este mi\u00e9rcoles, la Asociaci\u00f3n de Empresarios del Pol\u00edgono Romica de Albacete (Adepro) ha celebrado su Asamblea, seguida del acto de reconocimiento \u2018Embajador Romica\u2019 del a\u00f1o.<\/p>\n<p><!--more--><br \/>\n<!--publicidad-voz01--><a href=\"https:\/\/www.facebook.com\/SoloRadioHellin\/?locale=es_ES\"><img decoding=\"async\" class=\"alignnone size-medium\" src=\"https:\/\/blogger.googleusercontent.com\/img\/b\/R29vZ2xl\/AVvXsEiNncirNnyGedv00mhjZjh5Wl4_YPdJGanoAl8tL8zH-HwqE8uHqjEfSt340RHdx-9tuCSIkZ8rFamZiGyYlgDGxCsmXjCH_1xk5eYM3ntFZRvJP_jndOKR7w1UAo9Tu0vrZyOLfqRpHIxYI5SymJJ-pfGCQw6QVpggBH-UgfjiFQ2JOxqxG0Jx94kW83c\/s1600\/logo-principal.jpg\" width=\"100%\" height=\"100\" \/><\/a><!--bestpublic-voz01--><!--desk-in-out-voz01--><br \/>\n<!--publicidad-voz02--><a href=\"https:\/\/www.hellincf.com\/\"><img decoding=\"async\" class=\"alignnone size-medium\" src=\"https:\/\/blogger.googleusercontent.com\/img\/b\/R29vZ2xl\/AVvXsEhuZ4-XfBVj3UtdP8-RZugy3WVrg-Zv28c53m4oV47qYCxL1rX_dqWX_YddsGSnpH5SRDqZ7bZeKPIfDVCDncpjVlhy3aQs2vojcJBn7Gdv9hC2_Nzct_pRFrnFE1a7KTCdY1bT_kAgnY3-iadRZrGeJf1fR2P5fu11bokx0pWjaypoy-ctwCjklldpEbA\/s1600\/logo-principal7.jpg\" width=\"100%\" height=\"100\" \/><\/a><!--bestpublic-voz02--><!--desk-in-out-voz02--><\/p>\n<p style=\"text-align: justify;\">Un evento que ha contado con la participaci\u00f3n de representantes institucionales y sociales entre quienes no ha faltado el presidente de la Diputaci\u00f3n de Albacete, Santi Caba\u00f1ero, acompa\u00f1ado del diputado Jos\u00e9 Antonio G\u00f3mez.<\/p>\n<p style=\"text-align: justify;\">Caba\u00f1ero ha dado la enhorabuena a Adepro y a su presidente, Pedro S\u00e1ez, por un a\u00f1o lleno de consolidaci\u00f3n y crecimiento, as\u00ed como a Artemio P\u00e9rez Alfaro, homenajeado por sus 25 a\u00f1os de dedicaci\u00f3n empresarial con el reconocimiento \u2018Embajador Romica\u2019 del a\u00f1o.<\/p>\n<p style=\"text-align: justify;\">\u201cCreo que no habr\u00e1 embajador en el mundo que haya presentado cartas credenciales diplom\u00e1ticas a m\u00e1s alcaldes, a m\u00e1s presidentes, a m\u00e1s reyes\u2026 lo dices siempre, y es verdad: m\u00e1s de 25 a\u00f1os liderando y defendiendo los intereses de los empresarios de esta provincia y, lo que es lo mismo, defender los intereses de esta provincia porque una cosa es dif\u00edcil separarla de la otra; as\u00ed que enhorabuena, de verdad, por por este acierto en la elecci\u00f3n; a partir de ahora como embajador de Romica, aunque ya era su defensor\u201d, le ha manifestado.<\/p>\n<p style=\"text-align: justify;\">En su discurso, y en nombre de la provincia, el presidente de la Diputaci\u00f3n tambi\u00e9n ha transmitido su m\u00e1s sincera felicitaci\u00f3n a Adepro, personificada en Pedro S\u00e1ez, por otro a\u00f1o resumido en conceptos clave como \u2018consolidaci\u00f3n\u2019, \u2018estabilidad\u2019, \u2018certidumbre\u2019, \u2018crecimiento\u2019, \u2018expansi\u00f3n\u2019 y \u2018desarrollo sostenible\u2019.<\/p>\n<p style=\"text-align: justify;\">El Pol\u00edgono Romica: \u2018motor\u2019 de desarrollo y ejemplo de sostenibilidad<\/p>\n<p style=\"text-align: justify;\">Como ha recordado Caba\u00f1ero, el Pol\u00edgono Industrial de Romica, inaugurado en 1997, ha crecido para albergar cerca de 600 empresas y m\u00e1s de 5.000 trabajadores en un \u00e1rea de 2.700.000 m\u00b2. Desde su declaraci\u00f3n en 2021 como el primer pol\u00edgono industrial de econom\u00eda circular de Castilla-La Mancha, Romica ha sido y es un ejemplo de compromiso con la sostenibilidad, consolidado con inversiones significativas (como la planta de reciclaje de Repetco Innovations, inaugurada en 2023).<\/p>\n<p style=\"text-align: justify;\">\u201cTambi\u00e9n hay que reconocerlo:: sois el primer pol\u00edgono que logr\u00f3 el reconocimiento por la econom\u00eda circular; vivimos tiempos en los que hay quienes defienden que lo importante es el \u2018hoy\u2019 y que no hay que pensar en el \u2018ma\u00f1ana\u2019: eso es injusto con la generaciones venideras; pero tambi\u00e9n hay quien piensa que lo importante es el \u2018ma\u00f1ana\u2019 y que hay que sacrificar el \u2018hoy\u2019 en beneficio del \u2018ma\u00f1ana\u2019: y eso, tampoco ser\u00eda justo con las generaciones actuales. Yo creo que el equilibrio, en la sostenibilidad, en la econom\u00eda circular, en lo que practic\u00e1is aqu\u00ed en este en este magn\u00edfico parque industrial; enhorabuena, larga vida Romica por muchos m\u00e1s a\u00f1os creando ilusiones, creando sue\u00f1os, creando riqueza para esta provincia porque, como bien dec\u00eda Pedro, la \u00fanica manera de poderla repartir justamente, es cre\u00e1ndola, y vosotros lo hac\u00e9is\u201d, ha subrayado,<\/p>\n<p style=\"text-align: justify;\">En este sentido, el presidente de la Diputaci\u00f3n ha remarcado la importancia de la colaboraci\u00f3n y las alianzas estrat\u00e9gicas para el progreso socioecon\u00f3mico de la provincia, reiterando la mano tendida de la instituci\u00f3n que encabeza para, como viene haciendo, s\u2019umar\u2019 esfuerzos que, poco a poco, se van traduciendo en mejora de las instalaciones que Adepro pone al servicio de sus socios y socias y del tejido productivo de un pol\u00edgono que, por vivir en Cenizate, ha comentado que \u201cha visto crecer con orgullo a diario\u201d, como es Romica.<\/p>\n<p><!--publicidad-voz03--><a href=\"https:\/\/www.facebook.com\/profile.php?id=100063593791305&amp;locale=es_ES\"><img decoding=\"async\" class=\"alignnone size-medium\" src=\"https:\/\/blogger.googleusercontent.com\/img\/b\/R29vZ2xl\/AVvXsEi8_n_ll8UOcGxCqzFvb_9Io4ICczlGC990BPtPj2w9Px-u7B3oqWUW5vtjZUqPNJ-nyjiUIorE0ATsib_l5tV8BVN-UJ03RTnU__IHJF_4DgDBtY4LIqXNG-FomrO-7ywes20CBCRM2Hcm7EJSh3UUw1dO-c_uTflUrtgY1i7uBRezj_DpympmEFkfbQY\/s1600\/logo-principal2.jpg\" width=\"100%\" height=\"100\" \/><\/a><!--bestpublic-voz03--><!--desk-in-out-voz03--><br \/>\n<!--publicidad-voz04--><a href=\"https:\/\/www.facebook.com\/profile.php?id=61557370768692&amp;locale=es_ES\"><img decoding=\"async\" class=\"alignnone size-medium\" src=\"https:\/\/blogger.googleusercontent.com\/img\/b\/R29vZ2xl\/AVvXsEgy5RdcfffrnrItnYTcV9bCJjgJwldsQLWssfVfrLbyfXeBNTFKgBf0rMIvhrUaGUhiXzVr9_eQgCbi-j63ZDpfTvLIty9w7s140y-m1yHe7eKmEK7v2NAHUJDVYGdfeiQFeRCqUjdwWmN1MX_AUxxz4IVdJ4WIM0APxit8bjWkXzrnEFGqBvW_1F13H1g\/s1600\/logo-principal5.jpg\" width=\"100%\" height=\"100\" \/><\/a><!--bestpublic-voz04--><!--desk-in-out-voz04--><br \/>\n<!--publicidad-voz05--><a href=\"https:\/\/www.facebook.com\/asociaciontamborileroshellin?locale=es_ES\"><img decoding=\"async\" class=\"alignnone size-medium\" src=\"https:\/\/blogger.googleusercontent.com\/img\/b\/R29vZ2xl\/AVvXsEhHEEpZsKK1VpwiYMrS7aE2ujtqIDZoLd4B5wtbiseSU9s2HdTdQfhF84So2XwEB1fv0BLw95GADm6hUl1bkKtzh-eIgVigXONuu_5RxeIMPhjk8q6uNX4EaEHbooKkbu7pCADWPpVJjhKIH5NQSJpWqedC-YBez4QAQeJYokkLot9bhrIaUAeztsGis6M\/s1600\/logo-principal3.jpg\" width=\"100%\" height=\"100\" \/><\/a><!--bestpublic-voz05--><!--desk-in-out-voz05--><br \/>\n<!--publicidad-voz06--><!--bestpublic-voz06--><!--desk-in-out-voz06--><br \/>\n<!--publicidad-voz07--><!--bestpublic-voz07--><!--desk-in-out-voz07--><br \/>\n<!--publicidad-voz08--><!--bestpublic-voz08--><!--desk-in-out-voz08--><br \/>\n<!--publicidad-voz09--><!--bestpublic-voz09--><!--desk-in-out-voz09--><br \/>\n<!--publicidad-voz10--><!--bestpublic-voz10--><!--desk-in-out-voz10--><br \/>\n<!--publicidad-voz11--><!--bestpublic-voz11--><!--desk-in-out-voz11--><br \/>\n<!--publicidad-voz12--><!--bestpublic-voz12--><!--desk-in-out-voz12--><br \/>\n<!--publicidad-voz13--><!--bestpublic-voz13--><!--desk-in-out-voz13--><br \/>\n<!--publicidad-voz14--><!--bestpublic-voz14--><!--desk-in-out-voz14--><br \/>\n<!--publicidad-voz15--><!--bestpublic-voz15--><!--desk-in-out-voz15--><br \/>\n<!--publicidad-voz16--><!--bestpublic-voz16--><!--desk-in-out-voz16--><\/p>\n","protected":false},"excerpt":{"rendered":"<p>Este mi\u00e9rcoles, la Asociaci\u00f3n de Empresarios del Pol\u00edgono Romica de Albacete (Adepro) ha celebrado su Asamblea, seguida del acto de reconocimiento \u2018Embajador Romica\u2019 del a\u00f1o.<\/p>\n","protected":false},"author":2,"featured_media":151347,"comment_status":"closed","ping_status":"closed","sticky":false,"template":"","format":"standard","meta":{"footnotes":""},"categories":[755,718,715,716,717],"tags":[],"class_list":["post-151346","post","type-post","status-publish","format-standard","has-post-thumbnail","hentry","category-blog-lv036","category-blogger","category-la-voz-de-hellin","category-la-voz-de-hellin-la-voz-de-hellin","category-noticias"],"_links":{"self":[{"href":"https:\/\/lavozdehellin.com\/noticias\/wp-json\/wp\/v2\/posts\/151346","targetHints":{"allow":["GET"]}}],"collection":[{"href":"https:\/\/lavozdehellin.com\/noticias\/wp-json\/wp\/v2\/posts"}],"about":[{"href":"https:\/\/lavozdehellin.com\/noticias\/wp-json\/wp\/v2\/types\/post"}],"author":[{"embeddable":true,"href":"https:\/\/lavozdehellin.com\/noticias\/wp-json\/wp\/v2\/users\/2"}],"replies":[{"embeddable":true,"href":"https:\/\/lavozdehellin.com\/noticias\/wp-json\/wp\/v2\/comments?post=151346"}],"version-history":[{"count":0,"href":"https:\/\/lavozdehellin.com\/noticias\/wp-json\/wp\/v2\/posts\/151346\/revisions"}],"wp:featuredmedia":[{"embeddable":true,"href":"https:\/\/lavozdehellin.com\/noticias\/wp-json\/wp\/v2\/media\/151347"}],"wp:attachment":[{"href":"https:\/\/lavozdehellin.com\/noticias\/wp-json\/wp\/v2\/media?parent=151346"}],"wp:term":[{"taxonomy":"category","embeddable":true,"href":"https:\/\/lavozdehellin.com\/noticias\/wp-json\/wp\/v2\/categories?post=151346"},{"taxonomy":"post_tag","embeddable":true,"href":"https:\/\/lavozdehellin.com\/noticias\/wp-json\/wp\/v2\/tags?post=151346"}],"curies":[{"name":"wp","href":"https:\/\/api.w.org\/{rel}","templated":true}]}}