{"id":151349,"date":"2024-06-20T13:21:58","date_gmt":"2024-06-20T11:21:58","guid":{"rendered":"https:\/\/lavozdehellin.com\/noticias\/?p=151349"},"modified":"2024-07-01T11:31:41","modified_gmt":"2024-07-01T09:31:41","slug":"v08-793-lvh-noticias-el-gobierno-de-cabanero-reafirma-su-compromiso-con-asprona-renovando-el-convenio-con-el-que-la-diputacion-suma-267-000-euros-al-plan-de-accion-que-la-entidad-desarrolla-en-la-prov","status":"publish","type":"post","link":"https:\/\/lavozdehellin.com\/noticias\/v08-793-lvh-noticias-el-gobierno-de-cabanero-reafirma-su-compromiso-con-asprona-renovando-el-convenio-con-el-que-la-diputacion-suma-267-000-euros-al-plan-de-accion-que-la-entidad-desarrolla-en-la-prov\/","title":{"rendered":"LVH NOTICIAS | EL GOBIERNO DE CABA\u00d1ERO REAFIRMA SU COMPROMISO CON ASPRONA RENOVANDO EL CONVENIO CON EL QUE LA DIPUTACI\u00d3N SUMA 267.000 EUROS AL PLAN DE ACCI\u00d3N QUE LA ENTIDAD DESARROLLA EN LA PROVINCIA"},"content":{"rendered":"<p style=\"text-align: justify;\">El presidente de la Diputaci\u00f3n de Albacete, Santi Caba\u00f1ero, acompa\u00f1ado por el diputado del \u00c1rea Social, Jos\u00e9 Gonz\u00e1lez, ha visitado hoy el Centro de Capacitaci\u00f3n de Asprona donde ha suscrito, con la presidenta de la entidad, Amalia Serna, el convenio de colaboraci\u00f3n anual entre ambas partes.<\/p>\n<p><!--more--><br \/>\n<!--publicidad-voz01--><a href=\"https:\/\/www.facebook.com\/SoloRadioHellin\/?locale=es_ES\"><img decoding=\"async\" class=\"alignnone size-medium\" src=\"https:\/\/blogger.googleusercontent.com\/img\/b\/R29vZ2xl\/AVvXsEiNncirNnyGedv00mhjZjh5Wl4_YPdJGanoAl8tL8zH-HwqE8uHqjEfSt340RHdx-9tuCSIkZ8rFamZiGyYlgDGxCsmXjCH_1xk5eYM3ntFZRvJP_jndOKR7w1UAo9Tu0vrZyOLfqRpHIxYI5SymJJ-pfGCQw6QVpggBH-UgfjiFQ2JOxqxG0Jx94kW83c\/s1600\/logo-principal.jpg\" width=\"100%\" height=\"100\" \/><\/a><!--bestpublic-voz01--><!--desk-in-out-voz01--><br \/>\n<!--publicidad-voz02--><a href=\"https:\/\/www.hellincf.com\/\"><img decoding=\"async\" class=\"alignnone size-medium\" src=\"https:\/\/blogger.googleusercontent.com\/img\/b\/R29vZ2xl\/AVvXsEhuZ4-XfBVj3UtdP8-RZugy3WVrg-Zv28c53m4oV47qYCxL1rX_dqWX_YddsGSnpH5SRDqZ7bZeKPIfDVCDncpjVlhy3aQs2vojcJBn7Gdv9hC2_Nzct_pRFrnFE1a7KTCdY1bT_kAgnY3-iadRZrGeJf1fR2P5fu11bokx0pWjaypoy-ctwCjklldpEbA\/s1600\/logo-principal7.jpg\" width=\"100%\" height=\"100\" \/><\/a><!--bestpublic-voz02--><!--desk-in-out-voz02--><\/p>\n<p style=\"text-align: justify;\">Con la firma de este acuerdo, que asciende a 267.000 euros, el Gobierno Provincial reafirma su compromiso con la promoci\u00f3n de la inclusi\u00f3n y el apoyo a las personas con discapacidad intelectual que viene desarrollando en el territorio a trav\u00e9s del Plan de Acci\u00f3n Provincial desarrollado por Asprona en el marco de este convenio.<\/p>\n<p style=\"text-align: justify;\">\u201cQueremos transmitir, sobre todo, agradecimiento porque la Diputaci\u00f3n cada a\u00f1o es muy generosa y, sin este convenio, la asociaci\u00f3n no podr\u00eda mantener las actividades, los programas y servicios que realizamos con personas con discapacidad intelectual o del desarrollo en toda la provincia, con los centros de Almansa, Alcaraz, Caudete, Hell\u00edn, La Roda, Tobarra, Elche de la Sierra, Villarrobledo y Madrigueras (donde, lo \u00faltimo que se implant\u00f3 ha sido la Atenci\u00f3n Temprana). Si no fuera por la Diputaci\u00f3n no podr\u00edamos mantener la estructura provincial que Asprona tiene ahora mismo, contratar a profesionales (que son transversales a todas las localidades) para servicios como son los de Psicolog\u00eda, o el personal que coordina en toda la zona a las personas de apoyo que ponemos a disposici\u00f3n de quienes tienen discapacidad intelectual\u201d, ha explicado la presidenta de la entidad.<\/p>\n<p style=\"text-align: justify;\">Un agradecimiento inmediatamente devuelto, en igual medida, por el presidente provincial que, al hilo de las palabras de Serna, ha asegurado que \u201c\u2019generosa\u2019 es Asprona; la Diputaci\u00f3n, cumple con con su obligaci\u00f3n, no a lo mejor \u2018obligaci\u00f3n competencial\u2019 pero s\u00ed \u2018obligaci\u00f3n moral\u2019 de apoyar a todas las personas para que puedan tener una vida m\u00e1s aut\u00f3noma en la que puedan desarrollarse\u201d.<\/p>\n<p style=\"text-align: justify;\">Entidades clave para velar por el \u2018Estado Social\u2019<\/p>\n<p style=\"text-align: justify;\">Durante la visita, Caba\u00f1ero ha podido conocer en primera persona el trabajo que Asprona realiza desde este Centro de Capacitaci\u00f3n, ubicado en el n\u00famero 17 de la calle Carmen de Albacete, promoviendo proyectos de vida lo m\u00e1s independientes posible (profesional y personalmente hablando), entre quienes tienen cualquier tipo de discapacidad intelectual o del desarrollo con atenci\u00f3n personalizada.<\/p>\n<p style=\"text-align: justify;\">Lo ha hecho de la mano de la propia Amalia, acompa\u00f1ada de parte de su Junta Directiva, as\u00ed como de la directora de este recurso, Rosa Luengo; y de la joven Elena Ferrando, representante de las personas con discapacidad y usuaria de este Centro que, desde hace aproximadamente un a\u00f1o y medio, la ha guiado y acompa\u00f1ado en la preparaci\u00f3n que le ha permitido aprobar (y con una nota excelente) una oposici\u00f3n de Auxiliar Administrativo en la JCCM, como ella misma ha explicado muy contenta.<\/p>\n<p style=\"text-align: justify;\">En su atenci\u00f3n a los y las periodistas presentes, el presidente de la Diputaci\u00f3n ha destacado la importancia de la \u2018econom\u00eda social\u2019 y el papel fundamental del tejido que integra el \u2018Tercer Sector\u2019 en la mejora de la justicia social. \u00abAyer mismo, en Casas Ib\u00e1\u00f1ez, pude compartir una interesante Jornada de Econom\u00eda Social con la secretaria de Estado de ese \u00e1rea. Un foro donde qued\u00f3 patente (ahora que \u2018se nos llena la boca\u2019 a todos hablando de la Constituci\u00f3n) que, lo primero que dice la Constituci\u00f3n es que Espa\u00f1a es un Estado Social, lo que quiere decir que las personas son lo primero y que la econom\u00eda tiene que estar al servicio de las personas y no al contrario. Y lo que hac\u00e9is vosotros en Asprona es un pilar b\u00e1sico porque, dentro de la econom\u00eda social, dais oportunidades a much\u00edsima gente\u201d, ha explicado.<\/p>\n<p style=\"text-align: justify;\">Personas atendidas, profesionales, y n\u00famero de colaboraciones, socias y socios, avalan el trabajo de Asprona como emblema provincial<\/p>\n<p style=\"text-align: justify;\">\u201cM\u00e1s de 2.000 usuarios atendidos por toda la provincia de Albacete; m\u00e1s de 400 profesionales (\u2018ojo\u2019, estamos hablando de palabras mayores: sois una de las grandes empresas de esta provincia y prestando un servicio, que si no lo presentara el \u2019Tercer Sector\u2019, probablemente las administraciones tendr\u00edamos muy complicado poderlo prestar) por eso la Diputaci\u00f3n cumple con su obligaci\u00f3n (como, dec\u00eda al menos moral, de estar a vuestro lado)\u201d, ha reiterado el presidente, se\u00f1alando todos esos aspectos que, ha subrayado, hacen de Asprona \u201cun emblema\u201d.<\/p>\n<p style=\"text-align: justify;\">El presidente ha agradecido su dedicaci\u00f3n a Amalia Serna y a todo el \u2018equipo\u2019 de la entidad destacando el papel que juegan, precisamente en la promoci\u00f3n de proyectos de vida independientes para las personas con discapacidad intelectual.<\/p>\n<p style=\"text-align: justify;\">Algo perfectamente encarnado en Elena Ferrando, a cuyo caso se ha referido Caba\u00f1ero: \u201c\u00bfPor qu\u00e9 no decirlo? Vamos a presumir porque ha sacado una gran nota y ha probado la oposici\u00f3n; va a trabajar en la JCCM porque se lo ha trabajado y, con el apoyo de entidades como Asprona, ha conseguido eso que a cualquier persona desea que es tener una vida independiente; y merecen la pena este tipo de convenios, este tipo de apoyos, porque Asprona se lo merece y gente como Elena se lo merece much\u00edsimo m\u00e1s\u201d, ha se\u00f1alado.<\/p>\n<p style=\"text-align: justify;\">Una veintena de acciones espec\u00edficas completan el tramo del Plan de Acci\u00f3n Provincial a desarrollar por Asprona a trav\u00e9s del convenio 2024 con la Diputaci\u00f3n de Albacete<\/p>\n<p style=\"text-align: justify;\">El convenio renovado hoy, de los de mayor importe que suscribe la instituci\u00f3n provincial, se destina a seguir desarrollando cuestiones integradas en ese \u2018Plan de Acci\u00f3n Provincial\u2019 con el que Asprona busca garantizar que las personas con discapacidad intelectual puedan disfrutar de una vida m\u00e1s plena y participativa en la sociedad.<\/p>\n<p style=\"text-align: justify;\">Este a\u00f1o, el proyecto presentado contempla cerca de una veintena de actuaciones espec\u00edficas, que incluyen desde la mejora del proceso de planificaci\u00f3n de apoyos y la elaboraci\u00f3n de un plan de comunicaci\u00f3n, hasta actividades de promoci\u00f3n y apoyo a la auto-representaci\u00f3n de las personas con discapacidad, la mejora de la participaci\u00f3n de las familias y la inclusi\u00f3n a trav\u00e9s del ocio y del deporte.<\/p>\n<p style=\"text-align: justify;\">Caba\u00f1ero ha destacado la importancia de colaborar con el tejido asociativo, se\u00f1alando que gracias a entidades como Asprona, las administraciones pueden llegar donde, por s\u00ed solas, no podr\u00edan. 267.000 euros con el mejor destino posible que, adem\u00e1s, Santi Caba\u00f1ero se ha comprometido a ampliar el pr\u00f3ximo ejercicio: \u201cPresidenta, vamos a seguir creciendo, porque las necesidades son cada vez m\u00e1s y los apoyos, tambi\u00e9n tienen que serlo; como digo, desde las administraciones p\u00fablicas no vale s\u00f3lo con decir: hay que hacer y tenemos que estar a vuestro lado\u201d, ha avanzado.<\/p>\n<p><!--publicidad-voz03--><a href=\"https:\/\/www.facebook.com\/profile.php?id=100063593791305&amp;locale=es_ES\"><img decoding=\"async\" class=\"alignnone size-medium\" src=\"https:\/\/blogger.googleusercontent.com\/img\/b\/R29vZ2xl\/AVvXsEi8_n_ll8UOcGxCqzFvb_9Io4ICczlGC990BPtPj2w9Px-u7B3oqWUW5vtjZUqPNJ-nyjiUIorE0ATsib_l5tV8BVN-UJ03RTnU__IHJF_4DgDBtY4LIqXNG-FomrO-7ywes20CBCRM2Hcm7EJSh3UUw1dO-c_uTflUrtgY1i7uBRezj_DpympmEFkfbQY\/s1600\/logo-principal2.jpg\" width=\"100%\" height=\"100\" \/><\/a><!--bestpublic-voz03--><!--desk-in-out-voz03--><br \/>\n<!--publicidad-voz04--><a href=\"https:\/\/www.facebook.com\/profile.php?id=61557370768692&amp;locale=es_ES\"><img decoding=\"async\" class=\"alignnone size-medium\" src=\"https:\/\/blogger.googleusercontent.com\/img\/b\/R29vZ2xl\/AVvXsEgy5RdcfffrnrItnYTcV9bCJjgJwldsQLWssfVfrLbyfXeBNTFKgBf0rMIvhrUaGUhiXzVr9_eQgCbi-j63ZDpfTvLIty9w7s140y-m1yHe7eKmEK7v2NAHUJDVYGdfeiQFeRCqUjdwWmN1MX_AUxxz4IVdJ4WIM0APxit8bjWkXzrnEFGqBvW_1F13H1g\/s1600\/logo-principal5.jpg\" width=\"100%\" height=\"100\" \/><\/a><!--bestpublic-voz04--><!--desk-in-out-voz04--><br \/>\n<!--publicidad-voz05--><a href=\"https:\/\/www.facebook.com\/asociaciontamborileroshellin?locale=es_ES\"><img decoding=\"async\" class=\"alignnone size-medium\" src=\"https:\/\/blogger.googleusercontent.com\/img\/b\/R29vZ2xl\/AVvXsEhHEEpZsKK1VpwiYMrS7aE2ujtqIDZoLd4B5wtbiseSU9s2HdTdQfhF84So2XwEB1fv0BLw95GADm6hUl1bkKtzh-eIgVigXONuu_5RxeIMPhjk8q6uNX4EaEHbooKkbu7pCADWPpVJjhKIH5NQSJpWqedC-YBez4QAQeJYokkLot9bhrIaUAeztsGis6M\/s1600\/logo-principal3.jpg\" width=\"100%\" height=\"100\" \/><\/a><!--bestpublic-voz05--><!--desk-in-out-voz05--><br \/>\n<!--publicidad-voz06--><!--bestpublic-voz06--><!--desk-in-out-voz06--><br \/>\n<!--publicidad-voz07--><!--bestpublic-voz07--><!--desk-in-out-voz07--><br \/>\n<!--publicidad-voz08--><!--bestpublic-voz08--><!--desk-in-out-voz08--><br \/>\n<!--publicidad-voz09--><!--bestpublic-voz09--><!--desk-in-out-voz09--><br \/>\n<!--publicidad-voz10--><!--bestpublic-voz10--><!--desk-in-out-voz10--><br \/>\n<!--publicidad-voz11--><!--bestpublic-voz11--><!--desk-in-out-voz11--><br \/>\n<!--publicidad-voz12--><!--bestpublic-voz12--><!--desk-in-out-voz12--><br \/>\n<!--publicidad-voz13--><!--bestpublic-voz13--><!--desk-in-out-voz13--><br \/>\n<!--publicidad-voz14--><!--bestpublic-voz14--><!--desk-in-out-voz14--><br \/>\n<!--publicidad-voz15--><!--bestpublic-voz15--><!--desk-in-out-voz15--><br \/>\n<!--publicidad-voz16--><!--bestpublic-voz16--><!--desk-in-out-voz16--><\/p>\n","protected":false},"excerpt":{"rendered":"<p>El presidente de la Diputaci\u00f3n de Albacete, Santi Caba\u00f1ero, acompa\u00f1ado por el diputado del \u00c1rea Social, Jos\u00e9 Gonz\u00e1lez, ha visitado hoy el Centro de Capacitaci\u00f3n de Asprona donde ha suscrito,&#8230;<\/p>\n","protected":false},"author":2,"featured_media":151350,"comment_status":"closed","ping_status":"closed","sticky":false,"template":"","format":"standard","meta":{"footnotes":""},"categories":[755,718,715,716,717],"tags":[],"class_list":["post-151349","post","type-post","status-publish","format-standard","has-post-thumbnail","hentry","category-blog-lv036","category-blogger","category-la-voz-de-hellin","category-la-voz-de-hellin-la-voz-de-hellin","category-noticias"],"_links":{"self":[{"href":"https:\/\/lavozdehellin.com\/noticias\/wp-json\/wp\/v2\/posts\/151349","targetHints":{"allow":["GET"]}}],"collection":[{"href":"https:\/\/lavozdehellin.com\/noticias\/wp-json\/wp\/v2\/posts"}],"about":[{"href":"https:\/\/lavozdehellin.com\/noticias\/wp-json\/wp\/v2\/types\/post"}],"author":[{"embeddable":true,"href":"https:\/\/lavozdehellin.com\/noticias\/wp-json\/wp\/v2\/users\/2"}],"replies":[{"embeddable":true,"href":"https:\/\/lavozdehellin.com\/noticias\/wp-json\/wp\/v2\/comments?post=151349"}],"version-history":[{"count":0,"href":"https:\/\/lavozdehellin.com\/noticias\/wp-json\/wp\/v2\/posts\/151349\/revisions"}],"wp:featuredmedia":[{"embeddable":true,"href":"https:\/\/lavozdehellin.com\/noticias\/wp-json\/wp\/v2\/media\/151350"}],"wp:attachment":[{"href":"https:\/\/lavozdehellin.com\/noticias\/wp-json\/wp\/v2\/media?parent=151349"}],"wp:term":[{"taxonomy":"category","embeddable":true,"href":"https:\/\/lavozdehellin.com\/noticias\/wp-json\/wp\/v2\/categories?post=151349"},{"taxonomy":"post_tag","embeddable":true,"href":"https:\/\/lavozdehellin.com\/noticias\/wp-json\/wp\/v2\/tags?post=151349"}],"curies":[{"name":"wp","href":"https:\/\/api.w.org\/{rel}","templated":true}]}}