{"id":151352,"date":"2024-06-20T19:32:24","date_gmt":"2024-06-20T17:32:24","guid":{"rendered":"https:\/\/lavozdehellin.com\/noticias\/?p=151352"},"modified":"2024-07-01T11:31:41","modified_gmt":"2024-07-01T09:31:41","slug":"v08-794-lvh-noticias-el-impacto-social-y-economico-del-deporte-centra-el-laboratorio-de-conversacion-celebrado-por-ser-c-lm-en-la-diputacion-de-albacete-con-grandes-protagonistas","status":"publish","type":"post","link":"https:\/\/lavozdehellin.com\/noticias\/v08-794-lvh-noticias-el-impacto-social-y-economico-del-deporte-centra-el-laboratorio-de-conversacion-celebrado-por-ser-c-lm-en-la-diputacion-de-albacete-con-grandes-protagonistas\/","title":{"rendered":"LVH NOTICIAS | EL IMPACTO SOCIAL Y ECON\u00d3MICO DEL DEPORTE, CENTRA EL \u2018LABORATORIO DE CONVERSACI\u00d3N\u2019 CELEBRADO POR SER C-LM EN LA DIPUTACI\u00d3N DE ALBACETE CON GRANDES PROTAGONISTAS"},"content":{"rendered":"<p style=\"text-align: justify;\">Hoy, el Sal\u00f3n de Actos de la Diputaci\u00f3n de Albacete se ha convertido en epicentro de la reflexi\u00f3n y el debate sobre el deporte y su impacto social, econ\u00f3mico y cultural, gracias al evento \u2018Laboratorio de Conversaci\u00f3n: M\u00e9rito deportivo, deporte de masas y logros sociales\u2019, organizado por SER Castilla-La Mancha.<\/p>\n<p><!--more--><br \/>\n<!--publicidad-voz01--><a href=\"https:\/\/www.facebook.com\/SoloRadioHellin\/?locale=es_ES\"><img decoding=\"async\" class=\"alignnone size-medium\" src=\"https:\/\/blogger.googleusercontent.com\/img\/b\/R29vZ2xl\/AVvXsEiNncirNnyGedv00mhjZjh5Wl4_YPdJGanoAl8tL8zH-HwqE8uHqjEfSt340RHdx-9tuCSIkZ8rFamZiGyYlgDGxCsmXjCH_1xk5eYM3ntFZRvJP_jndOKR7w1UAo9Tu0vrZyOLfqRpHIxYI5SymJJ-pfGCQw6QVpggBH-UgfjiFQ2JOxqxG0Jx94kW83c\/s1600\/logo-principal.jpg\" width=\"100%\" height=\"100\" \/><\/a><!--bestpublic-voz01--><!--desk-in-out-voz01--><br \/>\n<!--publicidad-voz02--><a href=\"https:\/\/www.hellincf.com\/\"><img decoding=\"async\" class=\"alignnone size-medium\" src=\"https:\/\/blogger.googleusercontent.com\/img\/b\/R29vZ2xl\/AVvXsEhuZ4-XfBVj3UtdP8-RZugy3WVrg-Zv28c53m4oV47qYCxL1rX_dqWX_YddsGSnpH5SRDqZ7bZeKPIfDVCDncpjVlhy3aQs2vojcJBn7Gdv9hC2_Nzct_pRFrnFE1a7KTCdY1bT_kAgnY3-iadRZrGeJf1fR2P5fu11bokx0pWjaypoy-ctwCjklldpEbA\/s1600\/logo-principal7.jpg\" width=\"100%\" height=\"100\" \/><\/a><!--bestpublic-voz02--><!--desk-in-out-voz02--><\/p>\n<p style=\"text-align: justify;\">El presidente de la Diputaci\u00f3n, Santi Caba\u00f1ero, ha asistido a la inauguraci\u00f3n de este evento, acompa\u00f1ado del diputado de Medio Ambiente, Jos\u00e9 Antonio G\u00f3mez, teniendo ocasi\u00f3n de destacar la relevancia del deporte en la sociedad de todos los tiempos y su valioso papel como elemento de uni\u00f3n entre personas.<\/p>\n<p style=\"text-align: justify;\">Caba\u00f1ero ha agradecido a SER Castilla-La Mancha que hayan elegido a la Diputaci\u00f3n para hablar de deporte. \u201cQu\u00e9 importante que es conversar y, adem\u00e1s, hacerlo de las cosas importantes, como lo es el deporte sin etiquetas; y poder hacerlo escuchando a grandes profesionales como los que nos acompa\u00f1an (Camacho, Carcel\u00e9n, Gin\u00e9s Men\u00e9ndez) y a verdaderas historias de superaci\u00f3n como la de Cristina Landete, o la que hay en torno al Baloncesto en Silla de Ruedas Amiab; o a Seve Felipe, que sigue compitiendo y que va a ser seleccionado absoluto para el Mundial\u2026 En definitiva, hablar de las cosas que de verdad importan, porque el deporte nos hace libres, nos hace iguales, y los y las deportistas son un espejo para muchos ni\u00f1os y ni\u00f1as con sus historias de superaci\u00f3n detr\u00e1s\u201dm ha se\u00f1alado.<\/p>\n<p style=\"text-align: justify;\">Un mensaje en el que ha ahondado el propio Jos\u00e9 Antonio Camacho, protagonista de la primera \u2018Conversaci\u00f3n, al se\u00f1alar que \u201ces importante que gente que hemos estado ah\u00ed, en la cabecera del deporte, se dirija al p\u00fablico para que los ni\u00f1os y ni\u00f1as vean las posibilidades que tienen, no solamente porque tengan actitudes, sino luego porque tienen que complementarlo con el sacrificio y con el trabajo\u201d.<\/p>\n<p style=\"text-align: justify;\">Protagonistas de excepci\u00f3n \u2018conversan\u2019 sobre diversas facetas ligadas al deporte<\/p>\n<p style=\"text-align: justify;\">La primera \u2018Conversaci\u00f3n\u2019 ha sido con el citado Jos\u00e9 Antonio Camacho, exjugador y exseleccionador nacional; Pepe Carcel\u00e9n, segundo entrenador con Camacho en la Selecci\u00f3n; y Gin\u00e9s Mel\u00e9ndez, ex coordinador de categor\u00edas inferiores de la selecci\u00f3n, moderados por Juanma Sevilla de Radio Albacete. \u2018Grandes que han hablado de la Eurocopa actual y del f\u00fatbol de \u2018ayer\u2019 y \u2018hoy\u2019, haciendo gala de toda su sabidur\u00eda.<\/p>\n<p style=\"text-align: justify;\">La segunda \u2018Conversaci\u00f3n\u2019, sobre el impacto econ\u00f3mico del deporte, ha contado con la participaci\u00f3n de Mar\u00eda Jos\u00e9 Nicolas, directora de Desarrollo de Negocio del Albacete Balompi\u00e9, Ra\u00fal Moreno, tesorero de la Asociaci\u00f3n de Hosteleros y Turismo de Albacete, y Dionisio G\u00f3mez, gerente del Hotel Beatriz de Albacete, moderados por Cristina Castellanos, Radio Albacete.<\/p>\n<p style=\"text-align: justify;\">La tercera, ha estado dedicada al deporte inclusivo, con la participaci\u00f3n de Juan Miguel Cano, director deportivo, y Abraham Carri\u00f3n, entrenador del equipo campe\u00f3n de Europa BSR AMIAB Albacete, junto a Cristina Gonz\u00e1lez de FEDDI, moderados por Beatriz Toboso, de Radio Albacete.<\/p>\n<p style=\"text-align: justify;\">En la cuarta \u2018Conversaci\u00f3n\u2019, sobre \u2018Deporte y Mujer\u2019, han tomado partida la jinete sordociega Cristina Landete; Elena C\u00f3rcoles del Club Palas, Cristina S\u00e1inz del Club Trampol\u00edn Albacete y Susana Rodr\u00edguez, ex \u00e1rbitra de voleibol, moderadas por Gema Molina, de SER Castilla-La Mancha.<\/p>\n<p style=\"text-align: justify;\">En \u00faltimo lugar,la \u2018Conversaci\u00f3n\u2019 ha girado en torno a otro grande, en este caso del atletismo: Seve Felipe, el atleta albacete\u00f1o de 48 a\u00f1os que sigue ganando pruebas por Espa\u00f1a y el mundo, ha hablado de su experiencia deportiva con Juanma Sevilla y Carmen Gonz\u00e1lez, de Radio Albacete.<\/p>\n<p style=\"text-align: justify;\">Reflexiones sobre el deporte como una inversi\u00f3n estrat\u00e9gica que, como ha insistido Caba\u00f1ero, siempre retorna la inversi\u00f3n en forma de beneficios econ\u00f3micos y sociales para toda la provincia.<\/p>\n<p><!--publicidad-voz03--><a href=\"https:\/\/www.facebook.com\/profile.php?id=100063593791305&amp;locale=es_ES\"><img decoding=\"async\" class=\"alignnone size-medium\" src=\"https:\/\/blogger.googleusercontent.com\/img\/b\/R29vZ2xl\/AVvXsEi8_n_ll8UOcGxCqzFvb_9Io4ICczlGC990BPtPj2w9Px-u7B3oqWUW5vtjZUqPNJ-nyjiUIorE0ATsib_l5tV8BVN-UJ03RTnU__IHJF_4DgDBtY4LIqXNG-FomrO-7ywes20CBCRM2Hcm7EJSh3UUw1dO-c_uTflUrtgY1i7uBRezj_DpympmEFkfbQY\/s1600\/logo-principal2.jpg\" width=\"100%\" height=\"100\" \/><\/a><!--bestpublic-voz03--><!--desk-in-out-voz03--><br \/>\n<!--publicidad-voz04--><a href=\"https:\/\/www.facebook.com\/profile.php?id=61557370768692&amp;locale=es_ES\"><img decoding=\"async\" class=\"alignnone size-medium\" src=\"https:\/\/blogger.googleusercontent.com\/img\/b\/R29vZ2xl\/AVvXsEgy5RdcfffrnrItnYTcV9bCJjgJwldsQLWssfVfrLbyfXeBNTFKgBf0rMIvhrUaGUhiXzVr9_eQgCbi-j63ZDpfTvLIty9w7s140y-m1yHe7eKmEK7v2NAHUJDVYGdfeiQFeRCqUjdwWmN1MX_AUxxz4IVdJ4WIM0APxit8bjWkXzrnEFGqBvW_1F13H1g\/s1600\/logo-principal5.jpg\" width=\"100%\" height=\"100\" \/><\/a><!--bestpublic-voz04--><!--desk-in-out-voz04--><br \/>\n<!--publicidad-voz05--><a href=\"https:\/\/www.facebook.com\/asociaciontamborileroshellin?locale=es_ES\"><img decoding=\"async\" class=\"alignnone size-medium\" src=\"https:\/\/blogger.googleusercontent.com\/img\/b\/R29vZ2xl\/AVvXsEhHEEpZsKK1VpwiYMrS7aE2ujtqIDZoLd4B5wtbiseSU9s2HdTdQfhF84So2XwEB1fv0BLw95GADm6hUl1bkKtzh-eIgVigXONuu_5RxeIMPhjk8q6uNX4EaEHbooKkbu7pCADWPpVJjhKIH5NQSJpWqedC-YBez4QAQeJYokkLot9bhrIaUAeztsGis6M\/s1600\/logo-principal3.jpg\" width=\"100%\" height=\"100\" \/><\/a><!--bestpublic-voz05--><!--desk-in-out-voz05--><br \/>\n<!--publicidad-voz06--><!--bestpublic-voz06--><!--desk-in-out-voz06--><br \/>\n<!--publicidad-voz07--><!--bestpublic-voz07--><!--desk-in-out-voz07--><br \/>\n<!--publicidad-voz08--><!--bestpublic-voz08--><!--desk-in-out-voz08--><br \/>\n<!--publicidad-voz09--><!--bestpublic-voz09--><!--desk-in-out-voz09--><br \/>\n<!--publicidad-voz10--><!--bestpublic-voz10--><!--desk-in-out-voz10--><br \/>\n<!--publicidad-voz11--><!--bestpublic-voz11--><!--desk-in-out-voz11--><br \/>\n<!--publicidad-voz12--><!--bestpublic-voz12--><!--desk-in-out-voz12--><br \/>\n<!--publicidad-voz13--><!--bestpublic-voz13--><!--desk-in-out-voz13--><br \/>\n<!--publicidad-voz14--><!--bestpublic-voz14--><!--desk-in-out-voz14--><br \/>\n<!--publicidad-voz15--><!--bestpublic-voz15--><!--desk-in-out-voz15--><br \/>\n<!--publicidad-voz16--><!--bestpublic-voz16--><!--desk-in-out-voz16--><\/p>\n","protected":false},"excerpt":{"rendered":"<p>Hoy, el Sal\u00f3n de Actos de la Diputaci\u00f3n de Albacete se ha convertido en epicentro de la reflexi\u00f3n y el debate sobre el deporte y su impacto social, econ\u00f3mico y&#8230;<\/p>\n","protected":false},"author":2,"featured_media":151353,"comment_status":"closed","ping_status":"closed","sticky":false,"template":"","format":"standard","meta":{"footnotes":""},"categories":[755,718,715,716,717],"tags":[],"class_list":["post-151352","post","type-post","status-publish","format-standard","has-post-thumbnail","hentry","category-blog-lv036","category-blogger","category-la-voz-de-hellin","category-la-voz-de-hellin-la-voz-de-hellin","category-noticias"],"_links":{"self":[{"href":"https:\/\/lavozdehellin.com\/noticias\/wp-json\/wp\/v2\/posts\/151352","targetHints":{"allow":["GET"]}}],"collection":[{"href":"https:\/\/lavozdehellin.com\/noticias\/wp-json\/wp\/v2\/posts"}],"about":[{"href":"https:\/\/lavozdehellin.com\/noticias\/wp-json\/wp\/v2\/types\/post"}],"author":[{"embeddable":true,"href":"https:\/\/lavozdehellin.com\/noticias\/wp-json\/wp\/v2\/users\/2"}],"replies":[{"embeddable":true,"href":"https:\/\/lavozdehellin.com\/noticias\/wp-json\/wp\/v2\/comments?post=151352"}],"version-history":[{"count":0,"href":"https:\/\/lavozdehellin.com\/noticias\/wp-json\/wp\/v2\/posts\/151352\/revisions"}],"wp:featuredmedia":[{"embeddable":true,"href":"https:\/\/lavozdehellin.com\/noticias\/wp-json\/wp\/v2\/media\/151353"}],"wp:attachment":[{"href":"https:\/\/lavozdehellin.com\/noticias\/wp-json\/wp\/v2\/media?parent=151352"}],"wp:term":[{"taxonomy":"category","embeddable":true,"href":"https:\/\/lavozdehellin.com\/noticias\/wp-json\/wp\/v2\/categories?post=151352"},{"taxonomy":"post_tag","embeddable":true,"href":"https:\/\/lavozdehellin.com\/noticias\/wp-json\/wp\/v2\/tags?post=151352"}],"curies":[{"name":"wp","href":"https:\/\/api.w.org\/{rel}","templated":true}]}}