{"id":151358,"date":"2024-06-21T14:12:18","date_gmt":"2024-06-21T12:12:18","guid":{"rendered":"https:\/\/lavozdehellin.com\/noticias\/?p=151358"},"modified":"2024-07-01T11:31:41","modified_gmt":"2024-07-01T09:31:41","slug":"v08-796-lvh-noticias-cabanero-traslada-la-felicitacion-de-la-diputacion-a-la-subdelegacion-de-defensa-en-albacete-que-celebra-su-dia-conmemorando-30-anos-en-nuestro-territorio","status":"publish","type":"post","link":"https:\/\/lavozdehellin.com\/noticias\/v08-796-lvh-noticias-cabanero-traslada-la-felicitacion-de-la-diputacion-a-la-subdelegacion-de-defensa-en-albacete-que-celebra-su-dia-conmemorando-30-anos-en-nuestro-territorio\/","title":{"rendered":"LVH NOTICIAS | CABA\u00d1ERO TRASLADA LA FELICITACI\u00d3N DE LA DIPUTACI\u00d3N A LA SUBDELEGACI\u00d3N DE DEFENSA EN ALBACETE QUE CELEBRA SU D\u00cdA CONMEMORANDO 30 A\u00d1OS EN NUESTRO TERRITORIO"},"content":{"rendered":"<p style=\"text-align: justify;\">El presidente de la Diputaci\u00f3n de Albacete, Santi Caba\u00f1ero, junto al vicepresidente provincial, Fran Valera, ha asistido al Acto Institucional celebrado con motivo del D\u00eda de la Subdelegaci\u00f3n de Defensa en Albacete, que este 2024 cumple el 30 aniversario de su llegada a nuestro territorio (1994).<\/p>\n<p><!--more--><br \/>\n<!--publicidad-voz01--><a href=\"https:\/\/www.facebook.com\/SoloRadioHellin\/?locale=es_ES\"><img decoding=\"async\" class=\"alignnone size-medium\" src=\"https:\/\/blogger.googleusercontent.com\/img\/b\/R29vZ2xl\/AVvXsEiNncirNnyGedv00mhjZjh5Wl4_YPdJGanoAl8tL8zH-HwqE8uHqjEfSt340RHdx-9tuCSIkZ8rFamZiGyYlgDGxCsmXjCH_1xk5eYM3ntFZRvJP_jndOKR7w1UAo9Tu0vrZyOLfqRpHIxYI5SymJJ-pfGCQw6QVpggBH-UgfjiFQ2JOxqxG0Jx94kW83c\/s1600\/logo-principal.jpg\" width=\"100%\" height=\"100\" \/><\/a><!--bestpublic-voz01--><!--desk-in-out-voz01--><br \/>\n<!--publicidad-voz02--><a href=\"https:\/\/www.hellincf.com\/\"><img decoding=\"async\" class=\"alignnone size-medium\" src=\"https:\/\/blogger.googleusercontent.com\/img\/b\/R29vZ2xl\/AVvXsEhuZ4-XfBVj3UtdP8-RZugy3WVrg-Zv28c53m4oV47qYCxL1rX_dqWX_YddsGSnpH5SRDqZ7bZeKPIfDVCDncpjVlhy3aQs2vojcJBn7Gdv9hC2_Nzct_pRFrnFE1a7KTCdY1bT_kAgnY3-iadRZrGeJf1fR2P5fu11bokx0pWjaypoy-ctwCjklldpEbA\/s1600\/logo-principal7.jpg\" width=\"100%\" height=\"100\" \/><\/a><!--bestpublic-voz02--><!--desk-in-out-voz02--><\/p>\n<p style=\"text-align: justify;\">Una cita en la que Caba\u00f1ero ha tenido la oportunidad de trasladar al subdelegado de este organismo perif\u00e9rico del Ministerio de Defensa, Miguel \u00c1ngel de la Torre Sol\u00eds, la felicitaci\u00f3n y el agradecimiento del conjunto del territorio albacetense, remarcando su implicaci\u00f3n profesional y personal en el d\u00eda a d\u00eda de la provincia, as\u00ed como su importante contribuci\u00f3n para darla a conocer entre la ciudadan\u00eda, y ha destacado sus tres d\u00e9cadas de compromiso y servicio a la sociedad albacetense.<\/p>\n<p style=\"text-align: justify;\">Adem\u00e1s, el presidente provincial ha reiterado el apoyo de la Diputaci\u00f3n de Albacete a la Subdelegaci\u00f3n de Defensa para cuantas cuestiones precise, como ya viene ocurriendo. Prueba de ello es el recientemente Ciclo de Conferencias que esta \u00faltima ha organizado en el Sal\u00f3n de Actos provincial en el marco de las actividades que se est\u00e1n sucediendo para conmemorar el 50 aniversario del Ala 14. De hecho, Caba\u00f1ero ha dejado claro que la instituci\u00f3n albacetense siempre estar\u00e1 al lado de este organismo, sumando en su divulgaci\u00f3n y crecimiento para favorecer que la ciudadan\u00eda conozca y reconozca el importante papel de las Fuerzas Armadas Espa\u00f1olas tambi\u00e9n en nuestro territorio.<\/p>\n<p style=\"text-align: justify;\">Adem\u00e1s, ha trasladado su reconocimiento al personal de la Subdelegaci\u00f3n de Defensa que, en el marco de esta celebraci\u00f3n, ha recibido diferentes condecoraciones y reconocimientos a su labor durante a\u00f1os, as\u00ed como a las personas que han ganado la edici\u00f3n correspondiente a este a\u00f1o del concurso literario \u2018Carta a un militar\u2019 en el que han participado diferentes centros educativos de la provincia.<\/p>\n<p style=\"text-align: justify;\">En este acto, en el que ha participado el delegado de Defensa en C-LM, Juan Luis Vizuete, tambi\u00e9n han asistido otros miembros de la Corporaci\u00f3n Provincial del Grupo del PP y de Vox; el subdelegado del Gobierno en nuestro territorio, Miguel Juan Espinosa; y el alcalde de Albacete, Manuel Serrano, as\u00ed como diputados y senadores nacionales, entre otras autoridades civiles y militares.<\/p>\n<p><!--publicidad-voz03--><a href=\"https:\/\/www.facebook.com\/profile.php?id=100063593791305&amp;locale=es_ES\"><img decoding=\"async\" class=\"alignnone size-medium\" src=\"https:\/\/blogger.googleusercontent.com\/img\/b\/R29vZ2xl\/AVvXsEi8_n_ll8UOcGxCqzFvb_9Io4ICczlGC990BPtPj2w9Px-u7B3oqWUW5vtjZUqPNJ-nyjiUIorE0ATsib_l5tV8BVN-UJ03RTnU__IHJF_4DgDBtY4LIqXNG-FomrO-7ywes20CBCRM2Hcm7EJSh3UUw1dO-c_uTflUrtgY1i7uBRezj_DpympmEFkfbQY\/s1600\/logo-principal2.jpg\" width=\"100%\" height=\"100\" \/><\/a><!--bestpublic-voz03--><!--desk-in-out-voz03--><br \/>\n<!--publicidad-voz04--><a href=\"https:\/\/www.facebook.com\/profile.php?id=61557370768692&amp;locale=es_ES\"><img decoding=\"async\" class=\"alignnone size-medium\" src=\"https:\/\/blogger.googleusercontent.com\/img\/b\/R29vZ2xl\/AVvXsEgy5RdcfffrnrItnYTcV9bCJjgJwldsQLWssfVfrLbyfXeBNTFKgBf0rMIvhrUaGUhiXzVr9_eQgCbi-j63ZDpfTvLIty9w7s140y-m1yHe7eKmEK7v2NAHUJDVYGdfeiQFeRCqUjdwWmN1MX_AUxxz4IVdJ4WIM0APxit8bjWkXzrnEFGqBvW_1F13H1g\/s1600\/logo-principal5.jpg\" width=\"100%\" height=\"100\" \/><\/a><!--bestpublic-voz04--><!--desk-in-out-voz04--><br \/>\n<!--publicidad-voz05--><a href=\"https:\/\/www.facebook.com\/asociaciontamborileroshellin?locale=es_ES\"><img decoding=\"async\" class=\"alignnone size-medium\" src=\"https:\/\/blogger.googleusercontent.com\/img\/b\/R29vZ2xl\/AVvXsEhHEEpZsKK1VpwiYMrS7aE2ujtqIDZoLd4B5wtbiseSU9s2HdTdQfhF84So2XwEB1fv0BLw95GADm6hUl1bkKtzh-eIgVigXONuu_5RxeIMPhjk8q6uNX4EaEHbooKkbu7pCADWPpVJjhKIH5NQSJpWqedC-YBez4QAQeJYokkLot9bhrIaUAeztsGis6M\/s1600\/logo-principal3.jpg\" width=\"100%\" height=\"100\" \/><\/a><!--bestpublic-voz05--><!--desk-in-out-voz05--><br \/>\n<!--publicidad-voz06--><!--bestpublic-voz06--><!--desk-in-out-voz06--><br \/>\n<!--publicidad-voz07--><!--bestpublic-voz07--><!--desk-in-out-voz07--><br \/>\n<!--publicidad-voz08--><!--bestpublic-voz08--><!--desk-in-out-voz08--><br \/>\n<!--publicidad-voz09--><!--bestpublic-voz09--><!--desk-in-out-voz09--><br \/>\n<!--publicidad-voz10--><!--bestpublic-voz10--><!--desk-in-out-voz10--><br \/>\n<!--publicidad-voz11--><!--bestpublic-voz11--><!--desk-in-out-voz11--><br \/>\n<!--publicidad-voz12--><!--bestpublic-voz12--><!--desk-in-out-voz12--><br \/>\n<!--publicidad-voz13--><!--bestpublic-voz13--><!--desk-in-out-voz13--><br \/>\n<!--publicidad-voz14--><!--bestpublic-voz14--><!--desk-in-out-voz14--><br \/>\n<!--publicidad-voz15--><!--bestpublic-voz15--><!--desk-in-out-voz15--><br \/>\n<!--publicidad-voz16--><!--bestpublic-voz16--><!--desk-in-out-voz16--><\/p>\n","protected":false},"excerpt":{"rendered":"<p>El presidente de la Diputaci\u00f3n de Albacete, Santi Caba\u00f1ero, junto al vicepresidente provincial, Fran Valera, ha asistido al Acto Institucional celebrado con motivo del D\u00eda de la Subdelegaci\u00f3n de Defensa&#8230;<\/p>\n","protected":false},"author":2,"featured_media":151359,"comment_status":"closed","ping_status":"closed","sticky":false,"template":"","format":"standard","meta":{"footnotes":""},"categories":[755,718,715,716,717],"tags":[],"class_list":["post-151358","post","type-post","status-publish","format-standard","has-post-thumbnail","hentry","category-blog-lv036","category-blogger","category-la-voz-de-hellin","category-la-voz-de-hellin-la-voz-de-hellin","category-noticias"],"_links":{"self":[{"href":"https:\/\/lavozdehellin.com\/noticias\/wp-json\/wp\/v2\/posts\/151358","targetHints":{"allow":["GET"]}}],"collection":[{"href":"https:\/\/lavozdehellin.com\/noticias\/wp-json\/wp\/v2\/posts"}],"about":[{"href":"https:\/\/lavozdehellin.com\/noticias\/wp-json\/wp\/v2\/types\/post"}],"author":[{"embeddable":true,"href":"https:\/\/lavozdehellin.com\/noticias\/wp-json\/wp\/v2\/users\/2"}],"replies":[{"embeddable":true,"href":"https:\/\/lavozdehellin.com\/noticias\/wp-json\/wp\/v2\/comments?post=151358"}],"version-history":[{"count":0,"href":"https:\/\/lavozdehellin.com\/noticias\/wp-json\/wp\/v2\/posts\/151358\/revisions"}],"wp:featuredmedia":[{"embeddable":true,"href":"https:\/\/lavozdehellin.com\/noticias\/wp-json\/wp\/v2\/media\/151359"}],"wp:attachment":[{"href":"https:\/\/lavozdehellin.com\/noticias\/wp-json\/wp\/v2\/media?parent=151358"}],"wp:term":[{"taxonomy":"category","embeddable":true,"href":"https:\/\/lavozdehellin.com\/noticias\/wp-json\/wp\/v2\/categories?post=151358"},{"taxonomy":"post_tag","embeddable":true,"href":"https:\/\/lavozdehellin.com\/noticias\/wp-json\/wp\/v2\/tags?post=151358"}],"curies":[{"name":"wp","href":"https:\/\/api.w.org\/{rel}","templated":true}]}}