{"id":151361,"date":"2024-06-21T23:52:56","date_gmt":"2024-06-21T21:52:56","guid":{"rendered":"https:\/\/lavozdehellin.com\/noticias\/?p=151361"},"modified":"2024-07-01T11:31:41","modified_gmt":"2024-07-01T09:31:41","slug":"v08-797-lvh-noticias-cabanero-recoge-la-mencion-que-el-jurado-de-los-premios-san-juan-de-feda-ha-otorgado-al-real-conservatorio-profesional-de-musica-y-danza-de-la-diputacion-de-albacete","status":"publish","type":"post","link":"https:\/\/lavozdehellin.com\/noticias\/v08-797-lvh-noticias-cabanero-recoge-la-mencion-que-el-jurado-de-los-premios-san-juan-de-feda-ha-otorgado-al-real-conservatorio-profesional-de-musica-y-danza-de-la-diputacion-de-albacete\/","title":{"rendered":"LVH NOTICIAS | CABA\u00d1ERO RECOGE LA MENCI\u00d3N QUE EL JURADO DE LOS PREMIOS SAN JUAN DE FEDA HA OTORGADO AL REAL CONSERVATORIO PROFESIONAL DE M\u00daSICA Y DANZA DE LA DIPUTACI\u00d3N DE ALBACETE"},"content":{"rendered":"<p style=\"text-align: justify;\">El presidente de la Diputaci\u00f3n de Albacete, Santi Caba\u00f1ero, ha participado en gala de la 25\u00aa edici\u00f3n de los Premios San Juan, que anualmente concede la Confederaci\u00f3n de Empresarios de Albacete, donde se han dado cita representantes de diferentes \u00e1mbitos de la sociedad albacetense y castellano-manchega, con la presencia del m\u00e1ximo responsable regional, Emiliano Garc\u00eda-Page; de la Delegada del Gobierno en C-LM, Milagros Tol\u00f3n; y el alcalde de la capital, Manuel Serrano.<\/p>\n<p><!--more--><br \/>\n<!--publicidad-voz01--><a href=\"https:\/\/www.facebook.com\/SoloRadioHellin\/?locale=es_ES\"><img decoding=\"async\" class=\"alignnone size-medium\" src=\"https:\/\/blogger.googleusercontent.com\/img\/b\/R29vZ2xl\/AVvXsEiNncirNnyGedv00mhjZjh5Wl4_YPdJGanoAl8tL8zH-HwqE8uHqjEfSt340RHdx-9tuCSIkZ8rFamZiGyYlgDGxCsmXjCH_1xk5eYM3ntFZRvJP_jndOKR7w1UAo9Tu0vrZyOLfqRpHIxYI5SymJJ-pfGCQw6QVpggBH-UgfjiFQ2JOxqxG0Jx94kW83c\/s1600\/logo-principal.jpg\" width=\"100%\" height=\"100\" \/><\/a><!--bestpublic-voz01--><!--desk-in-out-voz01--><br \/>\n<!--publicidad-voz02--><a href=\"https:\/\/www.hellincf.com\/\"><img decoding=\"async\" class=\"alignnone size-medium\" src=\"https:\/\/blogger.googleusercontent.com\/img\/b\/R29vZ2xl\/AVvXsEhuZ4-XfBVj3UtdP8-RZugy3WVrg-Zv28c53m4oV47qYCxL1rX_dqWX_YddsGSnpH5SRDqZ7bZeKPIfDVCDncpjVlhy3aQs2vojcJBn7Gdv9hC2_Nzct_pRFrnFE1a7KTCdY1bT_kAgnY3-iadRZrGeJf1fR2P5fu11bokx0pWjaypoy-ctwCjklldpEbA\/s1600\/logo-principal7.jpg\" width=\"100%\" height=\"100\" \/><\/a><!--bestpublic-voz02--><!--desk-in-out-voz02--><\/p>\n<p style=\"text-align: justify;\">El Palacio de Congresos \u2018Ciudad de Albacete\u2019 ha acogido este acto marcado en rojo en el calendario social de nuestro territorio, en el que Caba\u00f1ero ha recogido la Menci\u00f3n que el jurado ha otorgado al Real Conservatorio Profesional de M\u00fasica y Danza de la Diputaci\u00f3n, acompa\u00f1ado de su director, Jes\u00fas D\u00edaz. Y, al mismo tiempo, ha hecho entrega del Premio Mujer Empresaria, patrocinado un a\u00f1o m\u00e1s por la instituci\u00f3n provincial, cuya representaci\u00f3n en este evento han completado, entre otros integrantes de la Corporaci\u00f3n, el vicepresidente, Fran Valera, y los diputados del Equipo de Gobierno, Daniel Sancha, Jos\u00e9 Gonz\u00e1lez, Jos\u00e9 Antonio Calvo y Llanos S\u00e1nchez.<\/p>\n<p style=\"text-align: justify;\">En su calidad de `premiado\u2019, Caba\u00f1ero ha agradecido a FEDA, la distinci\u00f3n al Conservatorio, que coincide con el 70 aniversario desde que \u00e9ste, en 1954 (tres a\u00f1os despu\u00e9s de su creaci\u00f3n), obtuvo el t\u00edtulo de Real, \u201cconvirti\u00e9ndose en uno de los pocos conservatorios de Espa\u00f1a con esta distinci\u00f3n\u201d, y ha querido dedic\u00e1rselo \u201ca los verdaderos protagonistas de esta historia de \u00e9xito\u201d: los y las profesionales que han impartido clases en este centro y a su alumnado.<\/p>\n<p style=\"text-align: justify;\">Adem\u00e1s, ha asegurado que se trata de un acto de justicia, se\u00f1alando que este recurso p\u00fablico ha contribuido de forma decisiva al desarrollo y a la dinamizaci\u00f3n de la provincia, formando en m\u00fasica y danza a centenares de chicos y chicas. S\u00f3lo en los \u00faltimos 24 a\u00f1os, en torno a 2.500 estudiantes han pasado por sus aulas y, en la actualidad, son en torno a 500 los que aprenden y disfrutan en el centro, al que acceden una media de 100 nuevos j\u00f3venes al a\u00f1o.<\/p>\n<p style=\"text-align: justify;\">El presidente tambi\u00e9n ha remarcado el orgullo que supone para la Diputaci\u00f3n y para la provincia contar con este Conservatorio, apuntando \u201cla huella\u201d que ha dejado en su alumnado, no s\u00f3lo en su desarrollo integral y personal, sino en su capacitaci\u00f3n profesional, ya que muchos de sus estudiantes han continuado su formaci\u00f3n en la m\u00fasica y la danza, dedic\u00e1ndose profesionalmente a ello. En este sentido, tambi\u00e9n ha reivindicado la importancia de \u201cla cultura libre\u201d para avanzar como sociedad.<\/p>\n<p style=\"text-align: justify;\">El presidente provincial felicita a los premiados y premiadas y a FEDA<\/p>\n<p style=\"text-align: justify;\">Junto a esto, en su condici\u00f3n de presidente de la instituci\u00f3n provincial, Caba\u00f1ero ha felicitado al conjunto de premiados y premiadas, asegurando que de su mano \u201cest\u00e1 provincia no s\u00f3lo crece, sino que es un lugar mejor\u201d.<\/p>\n<p style=\"text-align: justify;\">Asimismo, ha querido felicitar y agradecer a FEDA, en la figura de Artemio P\u00e9rez, su labor, se\u00f1alando que estos premios tambi\u00e9n hablan del compromiso de la Confederaci\u00f3n de Empresarios con este territorio, de su impulso al tejido empresarial, y de su disponibilidad permanente para sumar esfuerzos y colaborar con las administraciones p\u00fablicas, y ha advertido que los empresarios y empresarias \u201cson esenciales\u201d para el crecimiento, el desarrollo y el bienestar de nuestro territorio.<\/p>\n<p style=\"text-align: justify;\">\u201cDonde hay un proyecto de \u00e9xito, hay un empresario o una empresaria que ha tomado una decisi\u00f3n valiente. Cre\u00e1is empleo, cohesi\u00f3n territorial y oportunidades que nos hacen mejores\u201d, ha incidido Caba\u00f1ero, reiterando el firme compromiso de la Diputaci\u00f3n con el sector que, como el mismo ha explicado, en Albacete se caracteriza, de la mano de FEDA, \u201cpor la unidad de acci\u00f3n en un marco de paz social, y la voluntad compartida de mirar hacia delante para construir\u201d.<\/p>\n<p style=\"text-align: justify;\">Asimismo, ha subrayado que \u201cen esta provincia tenemos 87 municipios llenos de potencialidades que se pueden convertir en oportunidades para las empresas\u201d, y ha animado \u201ca seguir extendiendo esos proyectos de \u00e9xito por la provincia, por esa Espa\u00f1a de las oportunidades, que no vaciada\u201d,<\/p>\n<p style=\"text-align: justify;\">Caba\u00f1ero, en alusi\u00f3n a los premiados, subraya que debemos \u201cpresumir\u201d del potencial de esta provincia<\/p>\n<p style=\"text-align: justify;\">Durante su intervenci\u00f3n, Caba\u00f1ero tambi\u00e9n ha afirmado que hay que aprovechar estas citas para \u201cresumir\u201d, refiri\u00e9ndose al talento, al liderazgo y al potencial del tejido empresarial provincial, con empresas como Hispan Express Caudete, S.L. (Premio Empresa Familiar), Multinivel Ib\u00e9rica, S.L. (Premio Empresa en Nuevas Tecnolog\u00edas e Innovaci\u00f3n), AG Villodre, S.L. (Premio Empresa Exportadora), ER Ingenier\u00eda, S.L. (Premio Empresa Inversora en Calidad y Medio Ambiente), Vin\u00edcola Villarrobledo, S.C.L. (Premio Empresa Tradicional), y Shiny Brain (Premio Iniciativa Emprendedora).<\/p>\n<p style=\"text-align: justify;\">Y con empresarios y empresarias como Pablo Teruel Guti\u00e9rrez (Premio Joven Empresario), Antonio Sotos (Premio al M\u00e9rito Empresarial) y Ana Serrano Lucena (Premio Mujer Empresaria), a quien Caba\u00f1ero ha entregado el galard\u00f3n, remarcando que \u201choy hay m\u00e1s mujeres empresarias que nunca y eso es bueno, porque los proyectos emprendidos por empresarias duran m\u00e1s en el tiempo y eso nos hace pensar en un mejor futuro\u201d.<\/p>\n<p style=\"text-align: justify;\">Del mismo modo, el presidente de la Diputaci\u00f3n ha apuntado que esta provincia debe presumir \u201cde la fuerza y el compromiso de nuestro tejido asociativo sociosanitario, como comprobamos cada d\u00eda de la mano de AMAC\u201d (Premio Responsabilidad Social); \u201cdel trabajo bien hecho con la Asociaci\u00f3n de Empresas de Seguridad de Albacete-AESAB\u201d (Premio a la Asociaci\u00f3n Empresarial); de la Base \u00c1rea de los Llanos y del 50 Aniversario del Ala 14, \u201cque es un orgullo para la provincia, proyectando la mejor imagen de nuestra tierra\u201d (Premio Promoci\u00f3n de Albacete); \u201cdel compromiso de este territorio con la transici\u00f3n energ\u00e9tica y las energ\u00edas renovables, donde los Parques E\u00f3licos de Higueruela (que cumplen 25 a\u00f1os) y su Ayuntamiento son un perfecto ejemplo\u201d (Menci\u00f3n del Jurado) y, por supuesto, es un d\u00eda para presumir del Parque Empresarial de Campollano, \u201cque cumple medio siglo de vida, convertido en el coraz\u00f3n industrial para C-LM\u201d (Menci\u00f3n Especial del Jurado).<\/p>\n<p style=\"text-align: justify;\">Finalmente, Caba\u00f1ero se ha despedido asegurando que los Premios San Juan de FEDA ponen de relieve que \u201csomos una gran provincia que tiene grandes motivos para mirar al futuro con optimismo\u201d.<\/p>\n<p><!--publicidad-voz03--><a href=\"https:\/\/www.facebook.com\/profile.php?id=100063593791305&amp;locale=es_ES\"><img decoding=\"async\" class=\"alignnone size-medium\" src=\"https:\/\/blogger.googleusercontent.com\/img\/b\/R29vZ2xl\/AVvXsEi8_n_ll8UOcGxCqzFvb_9Io4ICczlGC990BPtPj2w9Px-u7B3oqWUW5vtjZUqPNJ-nyjiUIorE0ATsib_l5tV8BVN-UJ03RTnU__IHJF_4DgDBtY4LIqXNG-FomrO-7ywes20CBCRM2Hcm7EJSh3UUw1dO-c_uTflUrtgY1i7uBRezj_DpympmEFkfbQY\/s1600\/logo-principal2.jpg\" width=\"100%\" height=\"100\" \/><\/a><!--bestpublic-voz03--><!--desk-in-out-voz03--><br \/>\n<!--publicidad-voz04--><a href=\"https:\/\/www.facebook.com\/profile.php?id=61557370768692&amp;locale=es_ES\"><img decoding=\"async\" class=\"alignnone size-medium\" src=\"https:\/\/blogger.googleusercontent.com\/img\/b\/R29vZ2xl\/AVvXsEgy5RdcfffrnrItnYTcV9bCJjgJwldsQLWssfVfrLbyfXeBNTFKgBf0rMIvhrUaGUhiXzVr9_eQgCbi-j63ZDpfTvLIty9w7s140y-m1yHe7eKmEK7v2NAHUJDVYGdfeiQFeRCqUjdwWmN1MX_AUxxz4IVdJ4WIM0APxit8bjWkXzrnEFGqBvW_1F13H1g\/s1600\/logo-principal5.jpg\" width=\"100%\" height=\"100\" \/><\/a><!--bestpublic-voz04--><!--desk-in-out-voz04--><br \/>\n<!--publicidad-voz05--><a href=\"https:\/\/www.facebook.com\/asociaciontamborileroshellin?locale=es_ES\"><img decoding=\"async\" class=\"alignnone size-medium\" src=\"https:\/\/blogger.googleusercontent.com\/img\/b\/R29vZ2xl\/AVvXsEhHEEpZsKK1VpwiYMrS7aE2ujtqIDZoLd4B5wtbiseSU9s2HdTdQfhF84So2XwEB1fv0BLw95GADm6hUl1bkKtzh-eIgVigXONuu_5RxeIMPhjk8q6uNX4EaEHbooKkbu7pCADWPpVJjhKIH5NQSJpWqedC-YBez4QAQeJYokkLot9bhrIaUAeztsGis6M\/s1600\/logo-principal3.jpg\" width=\"100%\" height=\"100\" \/><\/a><!--bestpublic-voz05--><!--desk-in-out-voz05--><br \/>\n<!--publicidad-voz06--><!--bestpublic-voz06--><!--desk-in-out-voz06--><br \/>\n<!--publicidad-voz07--><!--bestpublic-voz07--><!--desk-in-out-voz07--><br \/>\n<!--publicidad-voz08--><!--bestpublic-voz08--><!--desk-in-out-voz08--><br \/>\n<!--publicidad-voz09--><!--bestpublic-voz09--><!--desk-in-out-voz09--><br \/>\n<!--publicidad-voz10--><!--bestpublic-voz10--><!--desk-in-out-voz10--><br \/>\n<!--publicidad-voz11--><!--bestpublic-voz11--><!--desk-in-out-voz11--><br \/>\n<!--publicidad-voz12--><!--bestpublic-voz12--><!--desk-in-out-voz12--><br \/>\n<!--publicidad-voz13--><!--bestpublic-voz13--><!--desk-in-out-voz13--><br \/>\n<!--publicidad-voz14--><!--bestpublic-voz14--><!--desk-in-out-voz14--><br \/>\n<!--publicidad-voz15--><!--bestpublic-voz15--><!--desk-in-out-voz15--><br \/>\n<!--publicidad-voz16--><!--bestpublic-voz16--><!--desk-in-out-voz16--><\/p>\n","protected":false},"excerpt":{"rendered":"<p>El presidente de la Diputaci\u00f3n de Albacete, Santi Caba\u00f1ero, ha participado en gala de la 25\u00aa edici\u00f3n de los Premios San Juan, que anualmente concede la Confederaci\u00f3n de Empresarios de&#8230;<\/p>\n","protected":false},"author":2,"featured_media":151362,"comment_status":"closed","ping_status":"closed","sticky":false,"template":"","format":"standard","meta":{"footnotes":""},"categories":[755,718,715,716,717],"tags":[],"class_list":["post-151361","post","type-post","status-publish","format-standard","has-post-thumbnail","hentry","category-blog-lv036","category-blogger","category-la-voz-de-hellin","category-la-voz-de-hellin-la-voz-de-hellin","category-noticias"],"_links":{"self":[{"href":"https:\/\/lavozdehellin.com\/noticias\/wp-json\/wp\/v2\/posts\/151361","targetHints":{"allow":["GET"]}}],"collection":[{"href":"https:\/\/lavozdehellin.com\/noticias\/wp-json\/wp\/v2\/posts"}],"about":[{"href":"https:\/\/lavozdehellin.com\/noticias\/wp-json\/wp\/v2\/types\/post"}],"author":[{"embeddable":true,"href":"https:\/\/lavozdehellin.com\/noticias\/wp-json\/wp\/v2\/users\/2"}],"replies":[{"embeddable":true,"href":"https:\/\/lavozdehellin.com\/noticias\/wp-json\/wp\/v2\/comments?post=151361"}],"version-history":[{"count":0,"href":"https:\/\/lavozdehellin.com\/noticias\/wp-json\/wp\/v2\/posts\/151361\/revisions"}],"wp:featuredmedia":[{"embeddable":true,"href":"https:\/\/lavozdehellin.com\/noticias\/wp-json\/wp\/v2\/media\/151362"}],"wp:attachment":[{"href":"https:\/\/lavozdehellin.com\/noticias\/wp-json\/wp\/v2\/media?parent=151361"}],"wp:term":[{"taxonomy":"category","embeddable":true,"href":"https:\/\/lavozdehellin.com\/noticias\/wp-json\/wp\/v2\/categories?post=151361"},{"taxonomy":"post_tag","embeddable":true,"href":"https:\/\/lavozdehellin.com\/noticias\/wp-json\/wp\/v2\/tags?post=151361"}],"curies":[{"name":"wp","href":"https:\/\/api.w.org\/{rel}","templated":true}]}}