{"id":151364,"date":"2024-06-22T13:09:29","date_gmt":"2024-06-22T11:09:29","guid":{"rendered":"https:\/\/lavozdehellin.com\/noticias\/?p=151364"},"modified":"2024-07-01T11:31:41","modified_gmt":"2024-07-01T09:31:41","slug":"v08-798-lvh-noticias-cabanero-subraya-la-importancia-de-las-bandas-y-academias-de-musica-en-el-desarrollo-sociocultural-de-cada-localidad","status":"publish","type":"post","link":"https:\/\/lavozdehellin.com\/noticias\/v08-798-lvh-noticias-cabanero-subraya-la-importancia-de-las-bandas-y-academias-de-musica-en-el-desarrollo-sociocultural-de-cada-localidad\/","title":{"rendered":"LVH NOTICIAS | CABA\u00d1ERO SUBRAYA LA IMPORTANCIA DE LAS BANDAS Y ACADEMIAS DE M\u00daSICA EN EL DESARROLLO SOCIOCULTURAL DE CADA LOCALIDAD"},"content":{"rendered":"<p style=\"text-align: justify;\">Coincidiendo con el primer d\u00eda de verano en el hemisferio norte y el m\u00e1s largo del a\u00f1o (21 de junio), se conmemora el D\u00eda Europeo de la M\u00fasica, y la Diputaci\u00f3n de Albacete, fiel a su cita con esta efem\u00e9ride, la est\u00e1 celebrando de la mano de las academias, escuelas y bandas de m\u00fasica de la provincia, llenando las calles de este territorio de actuaciones y conciertos en directo.<\/p>\n<p><!--more--><br \/>\n<!--publicidad-voz01--><a href=\"https:\/\/www.facebook.com\/SoloRadioHellin\/?locale=es_ES\"><img decoding=\"async\" class=\"alignnone size-medium\" src=\"https:\/\/blogger.googleusercontent.com\/img\/b\/R29vZ2xl\/AVvXsEiNncirNnyGedv00mhjZjh5Wl4_YPdJGanoAl8tL8zH-HwqE8uHqjEfSt340RHdx-9tuCSIkZ8rFamZiGyYlgDGxCsmXjCH_1xk5eYM3ntFZRvJP_jndOKR7w1UAo9Tu0vrZyOLfqRpHIxYI5SymJJ-pfGCQw6QVpggBH-UgfjiFQ2JOxqxG0Jx94kW83c\/s1600\/logo-principal.jpg\" width=\"100%\" height=\"100\" \/><\/a><!--bestpublic-voz01--><!--desk-in-out-voz01--><br \/>\n<!--publicidad-voz02--><a href=\"https:\/\/www.hellincf.com\/\"><img decoding=\"async\" class=\"alignnone size-medium\" src=\"https:\/\/blogger.googleusercontent.com\/img\/b\/R29vZ2xl\/AVvXsEhuZ4-XfBVj3UtdP8-RZugy3WVrg-Zv28c53m4oV47qYCxL1rX_dqWX_YddsGSnpH5SRDqZ7bZeKPIfDVCDncpjVlhy3aQs2vojcJBn7Gdv9hC2_Nzct_pRFrnFE1a7KTCdY1bT_kAgnY3-iadRZrGeJf1fR2P5fu11bokx0pWjaypoy-ctwCjklldpEbA\/s1600\/logo-principal7.jpg\" width=\"100%\" height=\"100\" \/><\/a><!--bestpublic-voz02--><!--desk-in-out-voz02--><\/p>\n<p style=\"text-align: justify;\">El acto central ha tenido lugar este s\u00e1bado en Albacete, y el presidente de la instituci\u00f3n, Santi Caba\u00f1ero, junto al diputado del \u00c1rea Social, Jos\u00e9 Gonz\u00e1lez, ha recibido a la Uni\u00f3n Musical de Hoya Gonzalo en el Palacio Provincial, donde les ha hecho entrega de una placa en forma de homenaje por sus 40 a\u00f1os de historia. El alcalde, Eliseo Fern\u00e1ndez, y su director de la agrupaci\u00f3n, Pedro Simarro, han sido los encargados de recoger este obsequio.<\/p>\n<p style=\"text-align: justify;\">Remarcando c\u00f3mo a lo largo de estas cuatro d\u00e9cadas, esta Uni\u00f3n Musical ha contribuido a transformar la realidad y la actividad cultural de la localidad, \u201cenriqueci\u00e9ndola\u201d, Caba\u00f1ero ha tenido palabras de gratitud y reconocimiento para cada uno de sus integrantes, se\u00f1alando el orgullo que supone para el conjunto de la provincia contar con bandas, escuelas y academias de m\u00fasica, integradas en la actualidad por m\u00e1s de 10.000 personas en el conjunto de la geograf\u00eda albacetense, evidenciando su arraigo en este territorio.<\/p>\n<p style=\"text-align: justify;\">En este sentido, el presidente de la Diputaci\u00f3n, que ha agradecido el trabajo que realiza el Servicio Provincial de Educaci\u00f3n y Cultura, ha remarcado el orgullo que supone acoger a esta agrupaci\u00f3n en la conmemoraci\u00f3n \u201cde un d\u00eda que para nosotros es tan importante\u201d, y ha asegurado que las Bandas y Academias de M\u00fasica \u201cson el mayor movimiento sociocultural de los pueblos\u201d, a\u00f1adiendo que tambi\u00e9n son un instrumento al servicio de una localidad y de sus gentes y \u201cla mejor escuela de convivencia que puede existir\u201d, aludiendo a la relaci\u00f3n intergeneracional que se da en ellas.<\/p>\n<p style=\"text-align: justify;\">Adem\u00e1s, se ha referido a su capacidad para impulsar el desarrollo rural a trav\u00e9s de tres pilares b\u00e1sicos, como son la educaci\u00f3n, la convivencia y la cultura, y ha incidido en la capacidad que han demostrado para contribuir a la identidad colectiva de las localidades, convertidas en una aut\u00e9ntica banda sonora de muchos de nuestros pueblos y ciudades. De hecho, la Uni\u00f3n Musical de Hoya Gonzalo debut\u00f3 en 1984 en sus fiestas locales.<\/p>\n<p style=\"text-align: justify;\">Y lo hicieron siguiendo la estela de una agrupaci\u00f3n musical creada en 1947 en la localidad (bajo la direcci\u00f3n de Alfonso Parre\u00f1o) que es el antecedente m\u00e1s cercano de esta nueva formaci\u00f3n que surge casi 20 a\u00f1os despu\u00e9s de la mano de un grupo de padres y madres apoyados por el Ayuntamiento.<\/p>\n<p style=\"text-align: justify;\">En la actualidad cuenta con 42 integrantes en activo y, a lo largo de estas cuatro d\u00e9cadas, ha recorrido la provincia (siendo una de sus actuaciones fijas, la Semana Santa de Tobarra), y tambi\u00e9n han viajado a Alemania o Par\u00eds. En el \u00e1mbito local, realiza conciertos principalmente en verano y Navidad, as\u00ed como en los pasacalles y procesiones en las fiestas de Hoya Gonzalo.<\/p>\n<p style=\"text-align: justify;\">Y antes de finalizar sus palabras, Caba\u00f1ero ha reiterado el compromiso del Gobierno provincial con la conservaci\u00f3n e impulso de las bandas, academias y escuelas de m\u00fasica. De hecho, cuenta con un Plan espec\u00edfico de Apoyo al Sector Musical. Y tambi\u00e9n ha destacado la importancia que tiene celebrar el D\u00eda Europeo de la M\u00fasica, no s\u00f3lo de la mano de una agrupaci\u00f3n de la provincia, sino compartiendo la m\u00fasica y la alegr\u00eda con nuestros y nuestras mayores.<\/p>\n<p style=\"text-align: justify;\">Pasacalles y actuaci\u00f3n en la Residencia de San Vicente de Pa\u00fal<\/p>\n<p style=\"text-align: justify;\">Una vez finalizado este acto, la Uni\u00f3n Musical de Hoya Gonzalo ha realizado un pasacalles hasta la Residencia de Mayores \u2018San Vicente de Pa\u00fal\u2019, dependiente de la instituci\u00f3n provincial, en cuyo jard\u00edn ha tenido lugar un gran concierto, en el que residentes, familiares y profesionales han podido disfrutar de un variado repertorio en el que ha sonado los pasodobles \u2018Francisco Alegre\u2019, \u2018Flores de Espa\u00f1a\u2019, \u2018Ayamonte\u2019, \u2018Nerva\u2019, \u2018La puerta grande\u2019, \u2018En er mundo\u2019, y \u2018Ag\u00e1rrate Saxo\u2019, as\u00ed como las coplas \u2018Mar\u00eda la portuguesa\u2019, \u2018Ay, mi sombrero\u2019 y \u2018La morena de mi copla\u2019.<\/p>\n<p style=\"text-align: justify;\">Actuaciones y conciertos en buena parte de la provincia<\/p>\n<p style=\"text-align: justify;\">Adem\u00e1s de este pasacalles-concierto, la Diputaci\u00f3n ha desarrollado un a\u00f1o m\u00e1s, a trav\u00e9s de su Servicio de Cultura y en sinton\u00eda con el resto de Academias, Escuelas y Bandas del territorio, un proyecto conjunto para conmemorar el D\u00eda Europeo de la M\u00fasica con el objetivo de promocionarla, favoreciendo que sus protagonistas en la provincia salgan a la calle con conciertos gratuitos que la sigan acercando a la poblaci\u00f3n.<\/p>\n<p style=\"text-align: justify;\">Unas actividades que, atendiendo a la idiosincrasia de cada localidad, se vienen desarrollando a lo largo del mes de junio y que llegar\u00e1n a julio, hasta sumar una cifra superior a las treinta citas. Alcaraz, Balazote, Casas de Juan N\u00fa\u00f1ez, Caudete, Cenizate, A\u00fdna, El Bonillo, Elche de la Sierra, Fuentealbilla, La Roda, Nerpio, Munera, Ossa de Montiel, Villamalea, Jorquera, Tarazona de la Mancha y Villarrobledo ya han acogido actuaciones y conciertos.<\/p>\n<p style=\"text-align: justify;\">Durante la jornada de este s\u00e1bado tendr\u00e1n lugar actuaciones en Alatoz, Casas de Ves, Mahora y Pe\u00f1as de San Pedro (22 y 23 de junio), a las que suceder\u00e1n Socovos (23 de junio), Tobarra (29 de junio), Valdeganga (28 de junio), Por su parte, Abengibre (29 de junio), Alborea (29 de junio), Fuentealbilla (29 de junio), Ontur (29 de junio), Higueruela (30 de junio), Montealegre del Castillo (30 de junio) y Aguas Nuevas (8 de julio).<\/p>\n<p><!--publicidad-voz03--><a href=\"https:\/\/www.facebook.com\/profile.php?id=100063593791305&amp;locale=es_ES\"><img decoding=\"async\" class=\"alignnone size-medium\" src=\"https:\/\/blogger.googleusercontent.com\/img\/b\/R29vZ2xl\/AVvXsEi8_n_ll8UOcGxCqzFvb_9Io4ICczlGC990BPtPj2w9Px-u7B3oqWUW5vtjZUqPNJ-nyjiUIorE0ATsib_l5tV8BVN-UJ03RTnU__IHJF_4DgDBtY4LIqXNG-FomrO-7ywes20CBCRM2Hcm7EJSh3UUw1dO-c_uTflUrtgY1i7uBRezj_DpympmEFkfbQY\/s1600\/logo-principal2.jpg\" width=\"100%\" height=\"100\" \/><\/a><!--bestpublic-voz03--><!--desk-in-out-voz03--><br \/>\n<!--publicidad-voz04--><a href=\"https:\/\/www.facebook.com\/profile.php?id=61557370768692&amp;locale=es_ES\"><img decoding=\"async\" class=\"alignnone size-medium\" src=\"https:\/\/blogger.googleusercontent.com\/img\/b\/R29vZ2xl\/AVvXsEgy5RdcfffrnrItnYTcV9bCJjgJwldsQLWssfVfrLbyfXeBNTFKgBf0rMIvhrUaGUhiXzVr9_eQgCbi-j63ZDpfTvLIty9w7s140y-m1yHe7eKmEK7v2NAHUJDVYGdfeiQFeRCqUjdwWmN1MX_AUxxz4IVdJ4WIM0APxit8bjWkXzrnEFGqBvW_1F13H1g\/s1600\/logo-principal5.jpg\" width=\"100%\" height=\"100\" \/><\/a><!--bestpublic-voz04--><!--desk-in-out-voz04--><br \/>\n<!--publicidad-voz05--><a href=\"https:\/\/www.facebook.com\/asociaciontamborileroshellin?locale=es_ES\"><img decoding=\"async\" class=\"alignnone size-medium\" src=\"https:\/\/blogger.googleusercontent.com\/img\/b\/R29vZ2xl\/AVvXsEhHEEpZsKK1VpwiYMrS7aE2ujtqIDZoLd4B5wtbiseSU9s2HdTdQfhF84So2XwEB1fv0BLw95GADm6hUl1bkKtzh-eIgVigXONuu_5RxeIMPhjk8q6uNX4EaEHbooKkbu7pCADWPpVJjhKIH5NQSJpWqedC-YBez4QAQeJYokkLot9bhrIaUAeztsGis6M\/s1600\/logo-principal3.jpg\" width=\"100%\" height=\"100\" \/><\/a><!--bestpublic-voz05--><!--desk-in-out-voz05--><br \/>\n<!--publicidad-voz06--><!--bestpublic-voz06--><!--desk-in-out-voz06--><br \/>\n<!--publicidad-voz07--><!--bestpublic-voz07--><!--desk-in-out-voz07--><br \/>\n<!--publicidad-voz08--><!--bestpublic-voz08--><!--desk-in-out-voz08--><br \/>\n<!--publicidad-voz09--><!--bestpublic-voz09--><!--desk-in-out-voz09--><br \/>\n<!--publicidad-voz10--><!--bestpublic-voz10--><!--desk-in-out-voz10--><br \/>\n<!--publicidad-voz11--><!--bestpublic-voz11--><!--desk-in-out-voz11--><br \/>\n<!--publicidad-voz12--><!--bestpublic-voz12--><!--desk-in-out-voz12--><br \/>\n<!--publicidad-voz13--><!--bestpublic-voz13--><!--desk-in-out-voz13--><br \/>\n<!--publicidad-voz14--><!--bestpublic-voz14--><!--desk-in-out-voz14--><br \/>\n<!--publicidad-voz15--><!--bestpublic-voz15--><!--desk-in-out-voz15--><br \/>\n<!--publicidad-voz16--><!--bestpublic-voz16--><!--desk-in-out-voz16--><\/p>\n","protected":false},"excerpt":{"rendered":"<p>Coincidiendo con el primer d\u00eda de verano en el hemisferio norte y el m\u00e1s largo del a\u00f1o (21 de junio), se conmemora el D\u00eda Europeo de la M\u00fasica, y la&#8230;<\/p>\n","protected":false},"author":2,"featured_media":151365,"comment_status":"closed","ping_status":"closed","sticky":false,"template":"","format":"standard","meta":{"footnotes":""},"categories":[755,718,715,716,717],"tags":[],"class_list":["post-151364","post","type-post","status-publish","format-standard","has-post-thumbnail","hentry","category-blog-lv036","category-blogger","category-la-voz-de-hellin","category-la-voz-de-hellin-la-voz-de-hellin","category-noticias"],"_links":{"self":[{"href":"https:\/\/lavozdehellin.com\/noticias\/wp-json\/wp\/v2\/posts\/151364","targetHints":{"allow":["GET"]}}],"collection":[{"href":"https:\/\/lavozdehellin.com\/noticias\/wp-json\/wp\/v2\/posts"}],"about":[{"href":"https:\/\/lavozdehellin.com\/noticias\/wp-json\/wp\/v2\/types\/post"}],"author":[{"embeddable":true,"href":"https:\/\/lavozdehellin.com\/noticias\/wp-json\/wp\/v2\/users\/2"}],"replies":[{"embeddable":true,"href":"https:\/\/lavozdehellin.com\/noticias\/wp-json\/wp\/v2\/comments?post=151364"}],"version-history":[{"count":0,"href":"https:\/\/lavozdehellin.com\/noticias\/wp-json\/wp\/v2\/posts\/151364\/revisions"}],"wp:featuredmedia":[{"embeddable":true,"href":"https:\/\/lavozdehellin.com\/noticias\/wp-json\/wp\/v2\/media\/151365"}],"wp:attachment":[{"href":"https:\/\/lavozdehellin.com\/noticias\/wp-json\/wp\/v2\/media?parent=151364"}],"wp:term":[{"taxonomy":"category","embeddable":true,"href":"https:\/\/lavozdehellin.com\/noticias\/wp-json\/wp\/v2\/categories?post=151364"},{"taxonomy":"post_tag","embeddable":true,"href":"https:\/\/lavozdehellin.com\/noticias\/wp-json\/wp\/v2\/tags?post=151364"}],"curies":[{"name":"wp","href":"https:\/\/api.w.org\/{rel}","templated":true}]}}